{"id":27383,"date":"2022-01-24T16:28:47","date_gmt":"2022-01-24T19:28:47","guid":{"rendered":"https:\/\/cajamar.sp.gov.br\/noticias\/?p=27383"},"modified":"2022-01-24T16:28:47","modified_gmt":"2022-01-24T19:28:47","slug":"cajamar-inicia-vacinacao-contra-a-covid-19-para-criancas-sem-comorbidades","status":"publish","type":"post","link":"https:\/\/cajamar.sp.gov.br\/noticias\/2022\/01\/24\/cajamar-inicia-vacinacao-contra-a-covid-19-para-criancas-sem-comorbidades\/","title":{"rendered":"Cajamar inicia vacina\u00e7\u00e3o contra a COVID-19 para crian\u00e7as sem comorbidades"},"content":{"rendered":"\n<figure class=\"wp-block-image size-full\"><a href=\"https:\/\/cajamar.sp.gov.br\/noticias\/wp-content\/uploads\/sites\/2\/2022\/01\/site-vacinacao-criancas-06-11-sem-comorbidade.png\"><img fetchpriority=\"high\" decoding=\"async\" width=\"1000\" height=\"700\" src=\"https:\/\/cajamar.sp.gov.br\/noticias\/wp-content\/uploads\/sites\/2\/2022\/01\/site-vacinacao-criancas-06-11-sem-comorbidade.png\" alt=\"\" class=\"wp-image-27384\" srcset=\"https:\/\/cajamar.sp.gov.br\/noticias\/wp-content\/uploads\/sites\/2\/2022\/01\/site-vacinacao-criancas-06-11-sem-comorbidade.png 1000w, https:\/\/cajamar.sp.gov.br\/noticias\/wp-content\/uploads\/sites\/2\/2022\/01\/site-vacinacao-criancas-06-11-sem-comorbidade-768x538.png 768w\" sizes=\"(max-width: 1000px) 100vw, 1000px\" \/><\/a><\/figure>\n\n\n\n<p>A partir desta ter\u00e7a-feira (25), a Secretaria de Sa\u00fade de Cajamar ir\u00e1 iniciar a vacina\u00e7\u00e3o contra a COVID-19 para crian\u00e7as de 6 a 11 anos, sem comorbidades. A vacina\u00e7\u00e3o ser\u00e1 feita seguindo um cronograma di\u00e1rio, definido de acordo com a faixa et\u00e1ria.<\/p>\n\n\n\n<p>Nos dias 25 e 26 de janeiro (ter\u00e7a e quarta-feira), ser\u00e3o vacinadas crian\u00e7as de 11 anos. Nos dias 27 e 28 (quinta e sexta-feira), ser\u00e1 a vez de crian\u00e7as de 10 anos e no s\u00e1bado (29), ser\u00e1 o dia de imunizar crian\u00e7as de 09 anos.<\/p>\n\n\n\n<p>Na pr\u00f3xima semana o cronograma segue atendendo o grupo infantil. Segunda-feira (31), ser\u00e3o vacinadas crian\u00e7as de 08 anos. Ter\u00e7a-feira (01), crian\u00e7as de 07 anos, e na quarta-feira (02), ser\u00e3o imunizadas crian\u00e7as de 05 anos.<\/p>\n\n\n\n<p>Durante essas duas semanas, o cronograma ser\u00e1 mantido acompanhando o dia correspondente \u00e0 idade. Em caso de n\u00e3o comparecimento na data correta, nos dias 04 e 05 de fevereiro haver\u00e1 repescagem para que os pais ou respons\u00e1veis levem as crian\u00e7as de 6 a 11 anos para serem imunizadas contra a COVID-19.<\/p>\n\n\n\n<p>Para se vacinar, n\u00e3o \u00e9 necess\u00e1rio fazer o agendamento, por\u00e9m, para agilizar o atendimento, \u00e9 importante realizar o pr\u00e9-cadastro no site Vacina J\u00e1. Para fazer o procedimento, pais e respons\u00e1veis devem acessar o site, atrav\u00e9s do link: <a href=\"https:\/\/vacinaja.sp.gov.br\/\" target=\"_blank\" rel=\"noreferrer noopener\">https:\/\/vacinaja.sp.gov.br\/<\/a>, clicar na op\u00e7\u00e3o \u201cCrian\u00e7as at\u00e9 11 anos\u201d, e preencher o formul\u00e1rio online com os dados da crian\u00e7a (\u00e9 necess\u00e1rio ter CPF).<\/p>\n\n\n\n<p>POLOS DE VACINA\u00c7\u00c3O ?<\/p>\n\n\n\n<p>? Atendimento de acordo com cada data e idade, das 09h \u00e0s 17h:<\/p>\n\n\n\n<p>? Drive-thru: Centro de Eventos \u201cBoi\u00f3dromo\u201d, em Jordan\u00e9sia Av. Vereador Joaquim Pereira Barbosa n\u00ba 827 (entrada pelo Gin\u00e1sio de Esportes Prefeito Manoel \u00c1lvares, em Jordan\u00e9sia)<\/p>\n\n\n\n<p>? Gin\u00e1sio do Polvilho: Gin\u00e1sio de Esportes \u201cAnt\u00f4nio Carlos Tramassi\u201d, no Polvilho. Rua Creuza Ferreira de Ara\u00fajo n\u00ba 120 (estacionamento para ve\u00edculos ao lado do Gin\u00e1sio.<\/p>\n","protected":false},"excerpt":{"rendered":"<p>A vacina\u00e7\u00e3o ser\u00e1 feita seguindo um cronograma definido por idade. Confira a data correta e leve seu filho para ser imunizado contra o coronav\u00edrus<\/p>\n","protected":false},"author":23,"featured_media":27384,"comment_status":"closed","ping_status":"closed","sticky":true,"template":"","format":"standard","meta":{"footnotes":""},"categories":[34,2,86],"tags":[711,941,162],"posicao":[28],"class_list":["post-27383","post","type-post","status-publish","format-standard","has-post-thumbnail","hentry","category-coronavirus","category-saude","category-vacinaja-cajamar","tag-crianca","tag-sem-comorbidade","tag-vacinacao","posicao-destaque"],"_links":{"self":[{"href":"https:\/\/cajamar.sp.gov.br\/noticias\/wp-json\/wp\/v2\/posts\/27383","targetHints":{"allow":["GET"]}}],"collection":[{"href":"https:\/\/cajamar.sp.gov.br\/noticias\/wp-json\/wp\/v2\/posts"}],"about":[{"href":"https:\/\/cajamar.sp.gov.br\/noticias\/wp-json\/wp\/v2\/types\/post"}],"author":[{"embeddable":true,"href":"https:\/\/cajamar.sp.gov.br\/noticias\/wp-json\/wp\/v2\/users\/23"}],"replies":[{"embeddable":true,"href":"https:\/\/cajamar.sp.gov.br\/noticias\/wp-json\/wp\/v2\/comments?post=27383"}],"version-history":[{"count":1,"href":"https:\/\/cajamar.sp.gov.br\/noticias\/wp-json\/wp\/v2\/posts\/27383\/revisions"}],"predecessor-version":[{"id":27385,"href":"https:\/\/cajamar.sp.gov.br\/noticias\/wp-json\/wp\/v2\/posts\/27383\/revisions\/27385"}],"wp:featuredmedia":[{"embeddable":true,"href":"https:\/\/cajamar.sp.gov.br\/noticias\/wp-json\/wp\/v2\/media\/27384"}],"wp:attachment":[{"href":"https:\/\/cajamar.sp.gov.br\/noticias\/wp-json\/wp\/v2\/media?parent=27383"}],"wp:term":[{"taxonomy":"category","embeddable":true,"href":"https:\/\/cajamar.sp.gov.br\/noticias\/wp-json\/wp\/v2\/categories?post=27383"},{"taxonomy":"post_tag","embeddable":true,"href":"https:\/\/cajamar.sp.gov.br\/noticias\/wp-json\/wp\/v2\/tags?post=27383"},{"taxonomy":"posicao","embeddable":true,"href":"https:\/\/cajamar.sp.gov.br\/noticias\/wp-json\/wp\/v2\/posicao?post=27383"}],"curies":[{"name":"wp","href":"https:\/\/api.w.org\/{rel}","templated":true}]}}