{"id":27386,"date":"2022-01-24T17:02:42","date_gmt":"2022-01-24T20:02:42","guid":{"rendered":"https:\/\/cajamar.sp.gov.br\/noticias\/?p=27386"},"modified":"2022-01-24T17:02:42","modified_gmt":"2022-01-24T20:02:42","slug":"cajamar-alcanca-a-marca-de-95-da-populacao-imunizada-com-a-segunda-dose","status":"publish","type":"post","link":"https:\/\/cajamar.sp.gov.br\/noticias\/2022\/01\/24\/cajamar-alcanca-a-marca-de-95-da-populacao-imunizada-com-a-segunda-dose\/","title":{"rendered":"Cajamar alcan\u00e7a a marca de 95% da popula\u00e7\u00e3o imunizada com a segunda dose"},"content":{"rendered":"\n<figure class=\"wp-block-image size-full\"><a href=\"https:\/\/cajamar.sp.gov.br\/noticias\/wp-content\/uploads\/sites\/2\/2022\/01\/site-95-imunizada-segunda-dose.png\"><img fetchpriority=\"high\" decoding=\"async\" width=\"1000\" height=\"700\" src=\"https:\/\/cajamar.sp.gov.br\/noticias\/wp-content\/uploads\/sites\/2\/2022\/01\/site-95-imunizada-segunda-dose.png\" alt=\"\" class=\"wp-image-27387\" srcset=\"https:\/\/cajamar.sp.gov.br\/noticias\/wp-content\/uploads\/sites\/2\/2022\/01\/site-95-imunizada-segunda-dose.png 1000w, https:\/\/cajamar.sp.gov.br\/noticias\/wp-content\/uploads\/sites\/2\/2022\/01\/site-95-imunizada-segunda-dose-768x538.png 768w\" sizes=\"(max-width: 1000px) 100vw, 1000px\" \/><\/a><\/figure>\n\n\n\n<p>A campanha de imuniza\u00e7\u00e3o contra o coronav\u00edrus (Covid-19) segue ativa e atuante em Cajamar. Nesta semana, o munic\u00edpio atingiu a marca de 95,9% da popula\u00e7\u00e3o maior de 12 anos com a segunda dose. Nos \u00faltimos cinco dias, a Secretaria Municipal de Sa\u00fade ainda registrou mais 22.385 aplica\u00e7\u00f5es de vacina, com grande procura pela dose de refor\u00e7o. Os atendimentos seguem dispon\u00edveis nos Polos de Vacina\u00e7\u00e3o (Boi\u00f3dromo e Gin\u00e1sio do Polvilho) para mun\u00edcipes acima de 12 anos, das 9h \u00e0s 17h.<\/p>\n\n\n\n<p>Nas UBSs de Jordan\u00e9sia, UBS Polvilho e ESF Cajamar Centro, de segunda a sexta-feira, das 9h \u00e0s 16h para crian\u00e7as de 5 a 11 anos com comorbidades estipuladas pelo Minist\u00e9rio da Sa\u00fade.<\/p>\n\n\n\n<p>Os \u00edndices de primeira e segunda dose seguem em crescimento no munic\u00edpio. At\u00e9 o momento, 74,359 cajamarenses j\u00e1 foram vacinados com a primeira dose, 72.354 com a segunda, 2.384 com a dose \u00fanica e 22.385 com a dose de refor\u00e7o, conforme dados do vacin\u00f4metro, dispon\u00edveis atrav\u00e9s do link: <a href=\"https:\/\/vacinaja.cajamar.sp.gov.br\/\" target=\"_blank\" rel=\"noreferrer noopener\">https:\/\/vacinaja.cajamar.sp.gov.br\/<\/a>.<\/p>\n\n\n\n<p>A secret\u00e1ria municipal de Sa\u00fade, a m\u00e9dica Patr\u00edcia Haddad, solicita que toda a popula\u00e7\u00e3o busque completar seu esquema vacinal, de acordo com os prazos indicados, de no m\u00ednimo quatro meses ap\u00f3s a segunda dose ou, no caso do imunizante Janssen, no m\u00ednimo dois meses. Ela ressaltou a import\u00e2ncia desta nova etapa da imuniza\u00e7\u00e3o diante do aumento de casos de Covid-19 e s\u00edndromes gripais na regi\u00e3o. \u201cEsta \u00e9 mais uma forma de garantirmos a nossa seguran\u00e7a e a daqueles que est\u00e3o pr\u00f3ximos a n\u00f3s, como familiares e colegas de trabalho. A aplica\u00e7\u00e3o \u00e9 essencial para evitar que qualquer poss\u00edvel infec\u00e7\u00e3o progrida para um caso grave\u201d, explicou.<\/p>\n\n\n\n<p>Para receber a aplica\u00e7\u00e3o adicional, basta apresentar um documento original com foto, CPF e o cart\u00e3o de vacina\u00e7\u00e3o preenchido, constando as respectivas datas j\u00e1 registradas. A mesma documenta\u00e7\u00e3o \u00e9 solicitada ao p\u00fablico que precisa receber a segunda e terceira dose. Os locais de vacina\u00e7\u00e3o continuam \u00e0 disposi\u00e7\u00e3o da popula\u00e7\u00e3o para atendimento imediato, sem necessidade de agendamento.<\/p>\n\n\n\n<p>\u201cA pandemia ainda n\u00e3o acabou, todos precisam estar atentos, completar o ciclo vacinal e redobrar os cuidados, com uso constante de m\u00e1scara e higieniza\u00e7\u00e3o das m\u00e3os. N\u00e3o podemos deixar que a Covid-19 volte a avan\u00e7ar na regi\u00e3o, portanto evitem aglomera\u00e7\u00f5es e contato com pessoas com sintomas de s\u00edndrome gripal. Desta forma ser\u00e1 poss\u00edvel conter a dissemina\u00e7\u00e3o do v\u00edrus e garantir a seguran\u00e7a de todos\u201d, Patr\u00edcia Haddad<\/p>\n","protected":false},"excerpt":{"rendered":"<p>Os \u00edndices de primeira e segunda dose seguem em crescimento no munic\u00edpio.<\/p>\n","protected":false},"author":23,"featured_media":27387,"comment_status":"closed","ping_status":"closed","sticky":true,"template":"","format":"standard","meta":{"footnotes":""},"categories":[34,1,2,86],"tags":[1259,1258,175,109,1257,105,246],"posicao":[28],"class_list":["post-27386","post","type-post","status-publish","format-standard","has-post-thumbnail","hentry","category-coronavirus","category-noticias","category-saude","category-vacinaja-cajamar","tag-95-2","tag-1258","tag-coronavirus-2","tag-covid-19","tag-populacao-vacinada","tag-saude","tag-vacina","posicao-destaque"],"_links":{"self":[{"href":"https:\/\/cajamar.sp.gov.br\/noticias\/wp-json\/wp\/v2\/posts\/27386","targetHints":{"allow":["GET"]}}],"collection":[{"href":"https:\/\/cajamar.sp.gov.br\/noticias\/wp-json\/wp\/v2\/posts"}],"about":[{"href":"https:\/\/cajamar.sp.gov.br\/noticias\/wp-json\/wp\/v2\/types\/post"}],"author":[{"embeddable":true,"href":"https:\/\/cajamar.sp.gov.br\/noticias\/wp-json\/wp\/v2\/users\/23"}],"replies":[{"embeddable":true,"href":"https:\/\/cajamar.sp.gov.br\/noticias\/wp-json\/wp\/v2\/comments?post=27386"}],"version-history":[{"count":1,"href":"https:\/\/cajamar.sp.gov.br\/noticias\/wp-json\/wp\/v2\/posts\/27386\/revisions"}],"predecessor-version":[{"id":27388,"href":"https:\/\/cajamar.sp.gov.br\/noticias\/wp-json\/wp\/v2\/posts\/27386\/revisions\/27388"}],"wp:featuredmedia":[{"embeddable":true,"href":"https:\/\/cajamar.sp.gov.br\/noticias\/wp-json\/wp\/v2\/media\/27387"}],"wp:attachment":[{"href":"https:\/\/cajamar.sp.gov.br\/noticias\/wp-json\/wp\/v2\/media?parent=27386"}],"wp:term":[{"taxonomy":"category","embeddable":true,"href":"https:\/\/cajamar.sp.gov.br\/noticias\/wp-json\/wp\/v2\/categories?post=27386"},{"taxonomy":"post_tag","embeddable":true,"href":"https:\/\/cajamar.sp.gov.br\/noticias\/wp-json\/wp\/v2\/tags?post=27386"},{"taxonomy":"posicao","embeddable":true,"href":"https:\/\/cajamar.sp.gov.br\/noticias\/wp-json\/wp\/v2\/posicao?post=27386"}],"curies":[{"name":"wp","href":"https:\/\/api.w.org\/{rel}","templated":true}]}}