{"id":27401,"date":"2022-01-25T14:38:16","date_gmt":"2022-01-25T17:38:16","guid":{"rendered":"https:\/\/cajamar.sp.gov.br\/noticias\/?p=27401"},"modified":"2022-01-25T14:38:16","modified_gmt":"2022-01-25T17:38:16","slug":"corrida-de-sao-sebastiao-2022-reune-atletas-de-cajamar-e-regiao","status":"publish","type":"post","link":"https:\/\/cajamar.sp.gov.br\/noticias\/2022\/01\/25\/corrida-de-sao-sebastiao-2022-reune-atletas-de-cajamar-e-regiao\/","title":{"rendered":"Corrida de S\u00e3o Sebasti\u00e3o 2022 re\u00fane atletas de Cajamar e regi\u00e3o"},"content":{"rendered":"\n<figure class=\"wp-block-image size-full\"><a href=\"https:\/\/cajamar.sp.gov.br\/noticias\/wp-content\/uploads\/sites\/2\/2022\/01\/1-5.jpg\"><img fetchpriority=\"high\" decoding=\"async\" width=\"1200\" height=\"800\" src=\"https:\/\/cajamar.sp.gov.br\/noticias\/wp-content\/uploads\/sites\/2\/2022\/01\/1-5.jpg\" alt=\"\" class=\"wp-image-27402\" srcset=\"https:\/\/cajamar.sp.gov.br\/noticias\/wp-content\/uploads\/sites\/2\/2022\/01\/1-5.jpg 1200w, https:\/\/cajamar.sp.gov.br\/noticias\/wp-content\/uploads\/sites\/2\/2022\/01\/1-5-768x512.jpg 768w\" sizes=\"(max-width: 1200px) 100vw, 1200px\" \/><\/a><\/figure>\n\n\n\n<figure class=\"wp-block-gallery columns-2 is-cropped wp-block-gallery-1 is-layout-flex wp-block-gallery-is-layout-flex\"><ul class=\"blocks-gallery-grid\"><li class=\"blocks-gallery-item\"><figure><img decoding=\"async\" width=\"1200\" height=\"801\" src=\"https:\/\/cajamar.sp.gov.br\/noticias\/wp-content\/uploads\/sites\/2\/2022\/01\/2-5.jpg\" alt=\"\" data-id=\"27403\" data-full-url=\"https:\/\/cajamar.sp.gov.br\/noticias\/wp-content\/uploads\/sites\/2\/2022\/01\/2-5.jpg\" data-link=\"https:\/\/cajamar.sp.gov.br\/noticias\/?attachment_id=27403\" class=\"wp-image-27403\" srcset=\"https:\/\/cajamar.sp.gov.br\/noticias\/wp-content\/uploads\/sites\/2\/2022\/01\/2-5.jpg 1200w, https:\/\/cajamar.sp.gov.br\/noticias\/wp-content\/uploads\/sites\/2\/2022\/01\/2-5-768x513.jpg 768w\" sizes=\"(max-width: 1200px) 100vw, 1200px\" \/><\/figure><\/li><li class=\"blocks-gallery-item\"><figure><img decoding=\"async\" width=\"1200\" height=\"800\" src=\"https:\/\/cajamar.sp.gov.br\/noticias\/wp-content\/uploads\/sites\/2\/2022\/01\/3-6.jpg\" alt=\"\" data-id=\"27404\" data-full-url=\"https:\/\/cajamar.sp.gov.br\/noticias\/wp-content\/uploads\/sites\/2\/2022\/01\/3-6.jpg\" data-link=\"https:\/\/cajamar.sp.gov.br\/noticias\/?attachment_id=27404\" class=\"wp-image-27404\" srcset=\"https:\/\/cajamar.sp.gov.br\/noticias\/wp-content\/uploads\/sites\/2\/2022\/01\/3-6.jpg 1200w, https:\/\/cajamar.sp.gov.br\/noticias\/wp-content\/uploads\/sites\/2\/2022\/01\/3-6-768x512.jpg 768w\" sizes=\"(max-width: 1200px) 100vw, 1200px\" \/><\/figure><\/li><li class=\"blocks-gallery-item\"><figure><img loading=\"lazy\" decoding=\"async\" width=\"1200\" height=\"801\" src=\"https:\/\/cajamar.sp.gov.br\/noticias\/wp-content\/uploads\/sites\/2\/2022\/01\/4-7.jpg\" alt=\"\" data-id=\"27405\" data-full-url=\"https:\/\/cajamar.sp.gov.br\/noticias\/wp-content\/uploads\/sites\/2\/2022\/01\/4-7.jpg\" data-link=\"https:\/\/cajamar.sp.gov.br\/noticias\/?attachment_id=27405\" class=\"wp-image-27405\" srcset=\"https:\/\/cajamar.sp.gov.br\/noticias\/wp-content\/uploads\/sites\/2\/2022\/01\/4-7.jpg 1200w, https:\/\/cajamar.sp.gov.br\/noticias\/wp-content\/uploads\/sites\/2\/2022\/01\/4-7-768x513.jpg 768w\" sizes=\"(max-width: 1200px) 100vw, 1200px\" \/><\/figure><\/li><li class=\"blocks-gallery-item\"><figure><img loading=\"lazy\" decoding=\"async\" width=\"1200\" height=\"801\" src=\"https:\/\/cajamar.sp.gov.br\/noticias\/wp-content\/uploads\/sites\/2\/2022\/01\/5-7.jpg\" alt=\"\" data-id=\"27406\" data-full-url=\"https:\/\/cajamar.sp.gov.br\/noticias\/wp-content\/uploads\/sites\/2\/2022\/01\/5-7.jpg\" data-link=\"https:\/\/cajamar.sp.gov.br\/noticias\/?attachment_id=27406\" class=\"wp-image-27406\" srcset=\"https:\/\/cajamar.sp.gov.br\/noticias\/wp-content\/uploads\/sites\/2\/2022\/01\/5-7.jpg 1200w, https:\/\/cajamar.sp.gov.br\/noticias\/wp-content\/uploads\/sites\/2\/2022\/01\/5-7-768x513.jpg 768w\" sizes=\"(max-width: 1200px) 100vw, 1200px\" \/><\/figure><\/li><li class=\"blocks-gallery-item\"><figure><img loading=\"lazy\" decoding=\"async\" width=\"1200\" height=\"801\" src=\"https:\/\/cajamar.sp.gov.br\/noticias\/wp-content\/uploads\/sites\/2\/2022\/01\/6-3.jpg\" alt=\"\" data-id=\"27407\" data-full-url=\"https:\/\/cajamar.sp.gov.br\/noticias\/wp-content\/uploads\/sites\/2\/2022\/01\/6-3.jpg\" data-link=\"https:\/\/cajamar.sp.gov.br\/noticias\/?attachment_id=27407\" class=\"wp-image-27407\" srcset=\"https:\/\/cajamar.sp.gov.br\/noticias\/wp-content\/uploads\/sites\/2\/2022\/01\/6-3.jpg 1200w, https:\/\/cajamar.sp.gov.br\/noticias\/wp-content\/uploads\/sites\/2\/2022\/01\/6-3-768x513.jpg 768w\" sizes=\"(max-width: 1200px) 100vw, 1200px\" \/><\/figure><\/li><li class=\"blocks-gallery-item\"><figure><img loading=\"lazy\" decoding=\"async\" width=\"1200\" height=\"801\" src=\"https:\/\/cajamar.sp.gov.br\/noticias\/wp-content\/uploads\/sites\/2\/2022\/01\/7-1.jpg\" alt=\"\" data-id=\"27408\" data-full-url=\"https:\/\/cajamar.sp.gov.br\/noticias\/wp-content\/uploads\/sites\/2\/2022\/01\/7-1.jpg\" data-link=\"https:\/\/cajamar.sp.gov.br\/noticias\/?attachment_id=27408\" class=\"wp-image-27408\" srcset=\"https:\/\/cajamar.sp.gov.br\/noticias\/wp-content\/uploads\/sites\/2\/2022\/01\/7-1.jpg 1200w, https:\/\/cajamar.sp.gov.br\/noticias\/wp-content\/uploads\/sites\/2\/2022\/01\/7-1-768x513.jpg 768w\" sizes=\"(max-width: 1200px) 100vw, 1200px\" \/><\/figure><\/li><\/ul><\/figure>\n\n\n\n<p>No \u00faltimo domingo (23), aconteceu a 29\u00aa Corrida de S\u00e3o Sebasti\u00e3o, marcando o encerramento das festividades em celebra\u00e7\u00e3o ao Dia do Padroeiro de Cajamar. A prova reuniu cerca de 400 competidores que percorreram a dist\u00e2ncia de 7km e 600 metros das ruas da cidade.<\/p>\n\n\n\n<p>Os participantes seguiram do Gin\u00e1sio Poliesportivo Lamartine de Paula Lima em Cajamar-Centro, com destino ao p\u00e1tio do Centro de Eventos Boi\u00f3dromo, em Jordan\u00e9sia, onde os atletas receberam medalhas e os trof\u00e9us separados por categorias.<\/p>\n\n\n\n<p>No masculino, o primeiro a cruzar a linha de chegada foi Joanderson do Nascimento. No feminino, a ganhadora foi a atleta Maria Silvania. Al\u00e9m disso, foram premiados os primeiros colocados masculinos e femininos de seis categorias distintas, separadas por faixa et\u00e1ria.<\/p>\n\n\n\n<p>Confira a classifica\u00e7\u00e3o por categoria da 29\u00aa Corrida de S\u00e3o Sebasti\u00e3o de Cajamar:<\/p>\n\n\n\n<p><strong>Campe\u00e3o Geral:<\/strong><\/p>\n\n\n\n<ul class=\"wp-block-list\"><li>Joanderson do Nascimento<\/li><li>Maria Silvania<\/li><\/ul>\n\n\n\n<p><strong>Categoria A: 16 a 20 anos<\/strong><\/p>\n\n\n\n<ul class=\"wp-block-list\"><li>Euller Em\u00edlio<\/li><li>(Feminino n\u00e3o teve inscrito)<\/li><\/ul>\n\n\n\n<p><strong>Categoria B: 21 a 30 anos<\/strong><\/p>\n\n\n\n<ul class=\"wp-block-list\"><li>Cristiano Bezerra<\/li><li>Bruna Caroline<\/li><\/ul>\n\n\n\n<p><strong>Categoria C: 31 a 40 anos<\/strong><\/p>\n\n\n\n<ul class=\"wp-block-list\"><li>Tiago Juliano<\/li><li>Maria Eduarda<\/li><\/ul>\n\n\n\n<p><strong>Categoria D: 41 a 50 anos<\/strong><\/p>\n\n\n\n<ul class=\"wp-block-list\"><li>Renato Pereira<\/li><li>Marluci Silva<\/li><\/ul>\n\n\n\n<p><strong>Categoria E: 51 a 60 anos<\/strong><\/p>\n\n\n\n<ul class=\"wp-block-list\"><li>Paulo S\u00e9rgio<\/li><li>Maria de Lourdes<\/li><\/ul>\n\n\n\n<p><strong>Categoria F: 61 mais<\/strong><\/p>\n\n\n\n<ul class=\"wp-block-list\"><li>Edisio Limeira<\/li><li>Maria Francineuda<\/li><\/ul>\n","protected":false},"excerpt":{"rendered":"<p>Cerca de 400 participantes realizaram um percurso de 7km e 600 metros e os campe\u00f5es receberam medalhas e trof\u00e9us separados por categorias <\/p>\n","protected":false},"author":23,"featured_media":27402,"comment_status":"closed","ping_status":"closed","sticky":true,"template":"","format":"standard","meta":{"footnotes":""},"categories":[5,26],"tags":[1264,1115,931],"posicao":[28],"class_list":["post-27401","post","type-post","status-publish","format-standard","has-post-thumbnail","hentry","category-esportes-e-lazer","category-eventos","tag-classificacao","tag-corrida","tag-premiacao","posicao-destaque"],"_links":{"self":[{"href":"https:\/\/cajamar.sp.gov.br\/noticias\/wp-json\/wp\/v2\/posts\/27401","targetHints":{"allow":["GET"]}}],"collection":[{"href":"https:\/\/cajamar.sp.gov.br\/noticias\/wp-json\/wp\/v2\/posts"}],"about":[{"href":"https:\/\/cajamar.sp.gov.br\/noticias\/wp-json\/wp\/v2\/types\/post"}],"author":[{"embeddable":true,"href":"https:\/\/cajamar.sp.gov.br\/noticias\/wp-json\/wp\/v2\/users\/23"}],"replies":[{"embeddable":true,"href":"https:\/\/cajamar.sp.gov.br\/noticias\/wp-json\/wp\/v2\/comments?post=27401"}],"version-history":[{"count":1,"href":"https:\/\/cajamar.sp.gov.br\/noticias\/wp-json\/wp\/v2\/posts\/27401\/revisions"}],"predecessor-version":[{"id":27409,"href":"https:\/\/cajamar.sp.gov.br\/noticias\/wp-json\/wp\/v2\/posts\/27401\/revisions\/27409"}],"wp:featuredmedia":[{"embeddable":true,"href":"https:\/\/cajamar.sp.gov.br\/noticias\/wp-json\/wp\/v2\/media\/27402"}],"wp:attachment":[{"href":"https:\/\/cajamar.sp.gov.br\/noticias\/wp-json\/wp\/v2\/media?parent=27401"}],"wp:term":[{"taxonomy":"category","embeddable":true,"href":"https:\/\/cajamar.sp.gov.br\/noticias\/wp-json\/wp\/v2\/categories?post=27401"},{"taxonomy":"post_tag","embeddable":true,"href":"https:\/\/cajamar.sp.gov.br\/noticias\/wp-json\/wp\/v2\/tags?post=27401"},{"taxonomy":"posicao","embeddable":true,"href":"https:\/\/cajamar.sp.gov.br\/noticias\/wp-json\/wp\/v2\/posicao?post=27401"}],"curies":[{"name":"wp","href":"https:\/\/api.w.org\/{rel}","templated":true}]}}