{"id":27655,"date":"2022-02-23T16:28:25","date_gmt":"2022-02-23T19:28:25","guid":{"rendered":"https:\/\/cajamar.sp.gov.br\/noticias\/?p=27655"},"modified":"2022-02-23T16:28:25","modified_gmt":"2022-02-23T19:28:25","slug":"prefeitura-convida-a-populacao-para-a-audiencia-publica-da-saude","status":"publish","type":"post","link":"https:\/\/cajamar.sp.gov.br\/noticias\/2022\/02\/23\/prefeitura-convida-a-populacao-para-a-audiencia-publica-da-saude\/","title":{"rendered":"Prefeitura convida a popula\u00e7\u00e3o para a Audi\u00eancia P\u00fablica da Sa\u00fade"},"content":{"rendered":"\n<figure class=\"wp-block-gallery has-nested-images columns-default is-cropped wp-block-gallery-1 is-layout-flex wp-block-gallery-is-layout-flex\">\n<figure class=\"wp-block-image size-large\"><img fetchpriority=\"high\" decoding=\"async\" width=\"1000\" height=\"700\" data-id=\"27656\" src=\"https:\/\/cajamar.sp.gov.br\/noticias\/wp-content\/uploads\/sites\/2\/2022\/02\/site-audiencia-publica-de-saude-2022.png\" alt=\"\" class=\"wp-image-27656\" srcset=\"https:\/\/cajamar.sp.gov.br\/noticias\/wp-content\/uploads\/sites\/2\/2022\/02\/site-audiencia-publica-de-saude-2022.png 1000w, https:\/\/cajamar.sp.gov.br\/noticias\/wp-content\/uploads\/sites\/2\/2022\/02\/site-audiencia-publica-de-saude-2022-768x538.png 768w\" sizes=\"(max-width: 1000px) 100vw, 1000px\" \/><\/figure>\n<\/figure>\n\n\n\n<p>A Prefeitura de Cajamar, atrav\u00e9s da Secretaria Municipal de Sa\u00fade, tem a honra de convidar a popula\u00e7\u00e3o em geral para participar da Audi\u00eancia P\u00fablica para a realiza\u00e7\u00e3o da presta\u00e7\u00e3o de contas referente ao 3\u00ba quadrimestre de 2021 (setembro a dezembro), em cumprimento as determina\u00e7\u00f5es impostas na lei complementar n\u00ba 141\/2012 (art. n\u00ba 36).<\/p>\n\n\n\n<p>A audi\u00eancia acontecer\u00e1 na pr\u00f3xima sexta-feira (25), \u00e0s 10h, na C\u00e2mara Municipal de Cajamar (Plen\u00e1rio), localizado na Av. Walter Ribas de Andrade n\u00ba. 555, Cajamar \u2013 Centro.<\/p>\n\n\n\n<p>Devido a pandemia, o p\u00fablico dever\u00e1 obedecer \u00e0s regras de distanciamento, e ser\u00e1 obrigat\u00f3rio o uso de m\u00e1scara de prote\u00e7\u00e3o facial.<\/p>\n\n\n\n<p><strong>Audi\u00eancia P\u00fablica:<\/strong><br><strong>Data: <\/strong>25\/02\/2022<br><strong>Hor\u00e1rio:<\/strong> 10h<br><strong>Local: <\/strong>C\u00e2mara Municipal de Cajamar<br><strong>Endere\u00e7o: <\/strong>Avenida Professor Walter Ribas de Andrade, 555.<\/p>\n","protected":false},"excerpt":{"rendered":"<p>A audi\u00eancia acontecer\u00e1 na pr\u00f3xima sexta-feira (25), \u00e0s 10h, na C\u00e2mara Municipal de Cajamar<\/p>\n","protected":false},"author":11,"featured_media":27656,"comment_status":"closed","ping_status":"closed","sticky":true,"template":"","format":"standard","meta":{"footnotes":""},"categories":[2],"tags":[],"posicao":[28],"class_list":["post-27655","post","type-post","status-publish","format-standard","has-post-thumbnail","hentry","category-saude","posicao-destaque"],"_links":{"self":[{"href":"https:\/\/cajamar.sp.gov.br\/noticias\/wp-json\/wp\/v2\/posts\/27655","targetHints":{"allow":["GET"]}}],"collection":[{"href":"https:\/\/cajamar.sp.gov.br\/noticias\/wp-json\/wp\/v2\/posts"}],"about":[{"href":"https:\/\/cajamar.sp.gov.br\/noticias\/wp-json\/wp\/v2\/types\/post"}],"author":[{"embeddable":true,"href":"https:\/\/cajamar.sp.gov.br\/noticias\/wp-json\/wp\/v2\/users\/11"}],"replies":[{"embeddable":true,"href":"https:\/\/cajamar.sp.gov.br\/noticias\/wp-json\/wp\/v2\/comments?post=27655"}],"version-history":[{"count":1,"href":"https:\/\/cajamar.sp.gov.br\/noticias\/wp-json\/wp\/v2\/posts\/27655\/revisions"}],"predecessor-version":[{"id":27657,"href":"https:\/\/cajamar.sp.gov.br\/noticias\/wp-json\/wp\/v2\/posts\/27655\/revisions\/27657"}],"wp:featuredmedia":[{"embeddable":true,"href":"https:\/\/cajamar.sp.gov.br\/noticias\/wp-json\/wp\/v2\/media\/27656"}],"wp:attachment":[{"href":"https:\/\/cajamar.sp.gov.br\/noticias\/wp-json\/wp\/v2\/media?parent=27655"}],"wp:term":[{"taxonomy":"category","embeddable":true,"href":"https:\/\/cajamar.sp.gov.br\/noticias\/wp-json\/wp\/v2\/categories?post=27655"},{"taxonomy":"post_tag","embeddable":true,"href":"https:\/\/cajamar.sp.gov.br\/noticias\/wp-json\/wp\/v2\/tags?post=27655"},{"taxonomy":"posicao","embeddable":true,"href":"https:\/\/cajamar.sp.gov.br\/noticias\/wp-json\/wp\/v2\/posicao?post=27655"}],"curies":[{"name":"wp","href":"https:\/\/api.w.org\/{rel}","templated":true}]}}