{"id":27751,"date":"2022-03-04T19:27:33","date_gmt":"2022-03-04T22:27:33","guid":{"rendered":"https:\/\/cajamar.sp.gov.br\/noticias\/?p=27751"},"modified":"2022-03-04T19:27:33","modified_gmt":"2022-03-04T22:27:33","slug":"cajamar-amplia-horario-de-atendimento-dos-polos-de-vacinacao-contra-a-covid-19","status":"publish","type":"post","link":"https:\/\/cajamar.sp.gov.br\/noticias\/2022\/03\/04\/cajamar-amplia-horario-de-atendimento-dos-polos-de-vacinacao-contra-a-covid-19\/","title":{"rendered":"Cajamar amplia hor\u00e1rio de atendimento dos Polos de Vacina\u00e7\u00e3o contra a COVID-19"},"content":{"rendered":"\n<figure class=\"wp-block-image size-full\"><img fetchpriority=\"high\" decoding=\"async\" width=\"1000\" height=\"700\" src=\"https:\/\/cajamar.sp.gov.br\/noticias\/wp-content\/uploads\/sites\/2\/2022\/03\/img-20220304-wa0000.jpg\" alt=\"\" class=\"wp-image-27752\" srcset=\"https:\/\/cajamar.sp.gov.br\/noticias\/wp-content\/uploads\/sites\/2\/2022\/03\/img-20220304-wa0000.jpg 1000w, https:\/\/cajamar.sp.gov.br\/noticias\/wp-content\/uploads\/sites\/2\/2022\/03\/img-20220304-wa0000-768x538.jpg 768w\" sizes=\"(max-width: 1000px) 100vw, 1000px\" \/><\/figure>\n\n\n\n<p>A partir desta semana, a Secretaria de Sa\u00fade de Cajamar ampliou o hor\u00e1rio de funcionamento dos Polos de Vacina\u00e7\u00e3o contra a COVID-19, passando a ser de segunda \u00e0 s\u00e1bado, das 08h \u00e0s 19h. A medida tem como intuito garantir maior flexibilidade no atendimento para os mun\u00edcipes manterem a imuniza\u00e7\u00e3o em dia.<\/p>\n\n\n\n<p>Se voc\u00ea tomou a segunda dose h\u00e1 pelo menos quatro meses, compare\u00e7a ao Polo de Vacina\u00e7\u00e3o mais pr\u00f3ximo de sua resid\u00eancia para garantir a dose de refor\u00e7o. O prazo de quatro meses para a terceira dose \u00e9 v\u00e1lido para pessoas que se vacinaram com os imunizantes CORONAVAC, ASTRAZENECA, PFIZER. Para as pessoas que se vacinaram com o imunizante JANSSEN \u00e9 necess\u00e1rio tomar a dose suplementar ap\u00f3s dois meses.<\/p>\n\n\n\n<p>Este m\u00eas tamb\u00e9m j\u00e1 chegou a vez da segunda dose para crian\u00e7as de 5 a 11 anos. Confira a data que consta na carteirinha de vacina\u00e7\u00e3o e mantenha as doses de imuniza\u00e7\u00e3o em dia, para impedir a contamina\u00e7\u00e3o do coronav\u00edrus.<\/p>\n\n\n\n<p><strong>IMPORTANTE:<\/strong> Crian\u00e7as de 5 anos sem comorbidades e crian\u00e7as de 5 a 11 anos com comorbidades devem receber a segunda dose nas unidades de sa\u00fade.<\/p>\n\n\n\n<p><strong>POLOS DE VACINA\u00c7\u00c3O<\/strong><\/p>\n\n\n\n<p>Atendimento de segunda \u00e0 s\u00e1bado, das 08h \u00e0s 19h, para 2\u00aa dose em crian\u00e7as de 06 a 11 anos sem comorbidades; 2\u00aa e 3\u00aa dose de adolescentes e adultos:<\/p>\n\n\n\n<ul class=\"wp-block-list\"><li>Drive-thru: Centro de Eventos \u201cBoi\u00f3dromo\u201d, em Jordan\u00e9sia Av. Vereador Joaquim Pereira Barbosa n\u00ba 827 (entrada pelo Gin\u00e1sio de Esportes Prefeito Manoel \u00c1lvares, em Jordan\u00e9sia).<\/li><li>Gin\u00e1sio do Polvilho: Gin\u00e1sio de Esportes \u201cAnt\u00f4nio Carlos Tramassi\u201d, no Polvilho. Rua Creuza Ferreira de Ara\u00fajo n\u00ba 120 (estacionamento para ve\u00edculos ao lado do Gin\u00e1sio.<\/li><\/ul>\n","protected":false},"excerpt":{"rendered":"<p>O novo hor\u00e1rio de atendimento agora \u00e9 de segunda \u00e0 s\u00e1bado, das 8h \u00e0s 19h<\/p>\n","protected":false},"author":11,"featured_media":27752,"comment_status":"closed","ping_status":"closed","sticky":true,"template":"","format":"standard","meta":{"footnotes":""},"categories":[34,2,86],"tags":[],"posicao":[28],"class_list":["post-27751","post","type-post","status-publish","format-standard","has-post-thumbnail","hentry","category-coronavirus","category-saude","category-vacinaja-cajamar","posicao-destaque"],"_links":{"self":[{"href":"https:\/\/cajamar.sp.gov.br\/noticias\/wp-json\/wp\/v2\/posts\/27751","targetHints":{"allow":["GET"]}}],"collection":[{"href":"https:\/\/cajamar.sp.gov.br\/noticias\/wp-json\/wp\/v2\/posts"}],"about":[{"href":"https:\/\/cajamar.sp.gov.br\/noticias\/wp-json\/wp\/v2\/types\/post"}],"author":[{"embeddable":true,"href":"https:\/\/cajamar.sp.gov.br\/noticias\/wp-json\/wp\/v2\/users\/11"}],"replies":[{"embeddable":true,"href":"https:\/\/cajamar.sp.gov.br\/noticias\/wp-json\/wp\/v2\/comments?post=27751"}],"version-history":[{"count":1,"href":"https:\/\/cajamar.sp.gov.br\/noticias\/wp-json\/wp\/v2\/posts\/27751\/revisions"}],"predecessor-version":[{"id":27753,"href":"https:\/\/cajamar.sp.gov.br\/noticias\/wp-json\/wp\/v2\/posts\/27751\/revisions\/27753"}],"wp:featuredmedia":[{"embeddable":true,"href":"https:\/\/cajamar.sp.gov.br\/noticias\/wp-json\/wp\/v2\/media\/27752"}],"wp:attachment":[{"href":"https:\/\/cajamar.sp.gov.br\/noticias\/wp-json\/wp\/v2\/media?parent=27751"}],"wp:term":[{"taxonomy":"category","embeddable":true,"href":"https:\/\/cajamar.sp.gov.br\/noticias\/wp-json\/wp\/v2\/categories?post=27751"},{"taxonomy":"post_tag","embeddable":true,"href":"https:\/\/cajamar.sp.gov.br\/noticias\/wp-json\/wp\/v2\/tags?post=27751"},{"taxonomy":"posicao","embeddable":true,"href":"https:\/\/cajamar.sp.gov.br\/noticias\/wp-json\/wp\/v2\/posicao?post=27751"}],"curies":[{"name":"wp","href":"https:\/\/api.w.org\/{rel}","templated":true}]}}