{"id":28844,"date":"2022-06-28T19:01:36","date_gmt":"2022-06-28T22:01:36","guid":{"rendered":"https:\/\/cajamar.sp.gov.br\/noticias\/?p=28844"},"modified":"2022-06-28T20:06:30","modified_gmt":"2022-06-28T23:06:30","slug":"prefeitura-abre-inscricoes-para-praca-de-alimentacao-da-festa-julina-de-cajamar-2022","status":"publish","type":"post","link":"https:\/\/cajamar.sp.gov.br\/noticias\/2022\/06\/28\/prefeitura-abre-inscricoes-para-praca-de-alimentacao-da-festa-julina-de-cajamar-2022\/","title":{"rendered":"Prefeitura abre inscri\u00e7\u00f5es para pra\u00e7a de alimenta\u00e7\u00e3o da Festa Julina de Cajamar 2022"},"content":{"rendered":"\n<figure class=\"wp-block-image size-full\"><a href=\"https:\/\/cajamar.sp.gov.br\/noticias\/wp-content\/uploads\/sites\/2\/2022\/06\/site-chamamento-publico-festa-julina.png\"><img fetchpriority=\"high\" decoding=\"async\" width=\"1200\" height=\"900\" src=\"https:\/\/cajamar.sp.gov.br\/noticias\/wp-content\/uploads\/sites\/2\/2022\/06\/site-chamamento-publico-festa-julina.png\" alt=\"\" class=\"wp-image-28845\" srcset=\"https:\/\/cajamar.sp.gov.br\/noticias\/wp-content\/uploads\/sites\/2\/2022\/06\/site-chamamento-publico-festa-julina.png 1200w, https:\/\/cajamar.sp.gov.br\/noticias\/wp-content\/uploads\/sites\/2\/2022\/06\/site-chamamento-publico-festa-julina-300x225.png 300w, https:\/\/cajamar.sp.gov.br\/noticias\/wp-content\/uploads\/sites\/2\/2022\/06\/site-chamamento-publico-festa-julina-768x576.png 768w\" sizes=\"(max-width: 1200px) 100vw, 1200px\" \/><\/a><\/figure>\n\n\n\n<p>No m\u00eas de julho teremos a Festa Julina de Cajamar 2022 e, assim como foi feito na Festa do Trabalhador, a Prefeitura de Cajamar ir\u00e1 disponibilizar um edital de credenciamento para os cajamarenses interessados em comercializar alimentos e bebidas durante o evento, que ser\u00e1 realizado nos dias 22, 23 e 24 de julho.<\/p>\n\n\n\n<p>As inscri\u00e7\u00f5es ter\u00e3o in\u00edcio na pr\u00f3xima ter\u00e7a-feira (28), e poder\u00e3o ser efetuadas at\u00e9 o dia 05 de julho, das 9h \u00e0s 12h e das 14h \u00e0s 17h, na Secretaria Municipal de Comunica\u00e7\u00e3o e Gest\u00e3o de Eventos, localizada na Pra\u00e7a Jos\u00e9 Rodrigues do Nascimento n\u00ba 30, Cajamar Centro.<\/p>\n\n\n\n<p>Poder\u00e3o participar do processo de sele\u00e7\u00e3o pessoas f\u00edsicas ou jur\u00eddicas e organiza\u00e7\u00f5es sociais do munic\u00edpio, desde que satisfa\u00e7am as exig\u00eancias constantes no edital e que atendam aos requisitos. Ser\u00e3o disponibilizadas 40 (quarenta) barracas, entre alimentos e bebidas, conforme edital.<\/p>\n\n\n\n<p>A ordem de classifica\u00e7\u00e3o se dar\u00e1 por sorteio, que ser\u00e1 realizado no dia 11 de julho. Ap\u00f3s o fim do prazo de inscri\u00e7\u00f5es, a organiza\u00e7\u00e3o do evento definir\u00e1 se o sorteio para classifica\u00e7\u00e3o ocorrer\u00e1 de forma presencial ou atrav\u00e9s de transmiss\u00e3o ao vivo, por meio das plataformas digitais da Prefeitura de Cajamar.<\/p>\n\n\n\n<p>A vig\u00eancia do credenciamento ser\u00e1 apenas durante a realiza\u00e7\u00e3o da Festa Julina 2022, que acontecer\u00e1 nos dias 22, 23 e 24 de julho, no Centro de Eventos Boi\u00f3dromo.<\/p>\n\n\n\n<p>O edital com as informa\u00e7\u00f5es completas poder\u00e1 ser acessado atrav\u00e9s do link: <a href=\"https:\/\/cajamar.sp.gov.br\/comunicacao\/wp-content\/uploads\/sites\/25\/2022\/06\/edital-de-chamamento-publico-no-02-2022-1.pdf\" data-type=\"URL\" data-id=\"https:\/\/cajamar.sp.gov.br\/comunicacao\/wp-content\/uploads\/sites\/25\/2022\/06\/edital-de-chamamento-publico-no-02-2022-1.pdf\" target=\"_blank\" rel=\"noreferrer noopener\">chamamento.cajamar.sp.gov.br<\/a><\/p>\n","protected":false},"excerpt":{"rendered":"<p>As inscri\u00e7\u00f5es poder\u00e3o ser realizadas do dia 28 de junho at\u00e9 o dia 05 de julho. Ser\u00e3o disponibilizadas 40 vagas para pessoas f\u00edsicas ou jur\u00eddicas e organiza\u00e7\u00f5es sociais do munic\u00edpio<\/p>\n","protected":false},"author":23,"featured_media":28845,"comment_status":"closed","ping_status":"closed","sticky":true,"template":"","format":"standard","meta":{"footnotes":""},"categories":[26,1],"tags":[1361,1189,1477],"posicao":[28],"class_list":["post-28844","post","type-post","status-publish","format-standard","has-post-thumbnail","hentry","category-eventos","category-noticias","tag-chamamento-publico","tag-comerciantes","tag-festa-julina","posicao-destaque"],"_links":{"self":[{"href":"https:\/\/cajamar.sp.gov.br\/noticias\/wp-json\/wp\/v2\/posts\/28844","targetHints":{"allow":["GET"]}}],"collection":[{"href":"https:\/\/cajamar.sp.gov.br\/noticias\/wp-json\/wp\/v2\/posts"}],"about":[{"href":"https:\/\/cajamar.sp.gov.br\/noticias\/wp-json\/wp\/v2\/types\/post"}],"author":[{"embeddable":true,"href":"https:\/\/cajamar.sp.gov.br\/noticias\/wp-json\/wp\/v2\/users\/23"}],"replies":[{"embeddable":true,"href":"https:\/\/cajamar.sp.gov.br\/noticias\/wp-json\/wp\/v2\/comments?post=28844"}],"version-history":[{"count":2,"href":"https:\/\/cajamar.sp.gov.br\/noticias\/wp-json\/wp\/v2\/posts\/28844\/revisions"}],"predecessor-version":[{"id":28864,"href":"https:\/\/cajamar.sp.gov.br\/noticias\/wp-json\/wp\/v2\/posts\/28844\/revisions\/28864"}],"wp:featuredmedia":[{"embeddable":true,"href":"https:\/\/cajamar.sp.gov.br\/noticias\/wp-json\/wp\/v2\/media\/28845"}],"wp:attachment":[{"href":"https:\/\/cajamar.sp.gov.br\/noticias\/wp-json\/wp\/v2\/media?parent=28844"}],"wp:term":[{"taxonomy":"category","embeddable":true,"href":"https:\/\/cajamar.sp.gov.br\/noticias\/wp-json\/wp\/v2\/categories?post=28844"},{"taxonomy":"post_tag","embeddable":true,"href":"https:\/\/cajamar.sp.gov.br\/noticias\/wp-json\/wp\/v2\/tags?post=28844"},{"taxonomy":"posicao","embeddable":true,"href":"https:\/\/cajamar.sp.gov.br\/noticias\/wp-json\/wp\/v2\/posicao?post=28844"}],"curies":[{"name":"wp","href":"https:\/\/api.w.org\/{rel}","templated":true}]}}