{"id":28932,"date":"2022-07-01T17:30:40","date_gmt":"2022-07-01T20:30:40","guid":{"rendered":"https:\/\/cajamar.sp.gov.br\/noticias\/?p=28932"},"modified":"2022-07-07T16:46:59","modified_gmt":"2022-07-07T19:46:59","slug":"resumo-semanal-2","status":"publish","type":"post","link":"https:\/\/cajamar.sp.gov.br\/noticias\/2022\/07\/01\/resumo-semanal-2\/","title":{"rendered":"Resumo Semanal"},"content":{"rendered":"\n<p><\/p>\n\n\n\n<figure class=\"wp-block-embed is-type-wp-embed is-provider-noticias wp-block-embed-noticias\"><div class=\"wp-block-embed__wrapper\">\n<blockquote class=\"wp-embedded-content\" data-secret=\"ZFiTo1H73J\"><a href=\"https:\/\/cajamar.sp.gov.br\/noticias\/2022\/07\/01\/prefeitura-encerra-as-acoes-do-meio-ambiente-com-saldo-positivo\/\">Prefeitura encerra as a\u00e7\u00f5es do Meio Ambiente com saldo positivo<\/a><\/blockquote><iframe class=\"wp-embedded-content\" sandbox=\"allow-scripts\" security=\"restricted\" style=\"position: absolute; clip: rect(1px, 1px, 1px, 1px);\" title=\"&#8220;Prefeitura encerra as a\u00e7\u00f5es do Meio Ambiente com saldo positivo&#8221; &#8212; Not\u00edcias\" src=\"https:\/\/cajamar.sp.gov.br\/noticias\/2022\/07\/01\/prefeitura-encerra-as-acoes-do-meio-ambiente-com-saldo-positivo\/embed\/#?secret=MbRCCF4msg#?secret=ZFiTo1H73J\" data-secret=\"ZFiTo1H73J\" width=\"500\" height=\"282\" frameborder=\"0\" marginwidth=\"0\" marginheight=\"0\" scrolling=\"no\"><\/iframe>\n<\/div><\/figure>\n\n\n\n<p><\/p>\n\n\n\n<figure class=\"wp-block-embed is-type-wp-embed is-provider-noticias wp-block-embed-noticias\"><div class=\"wp-block-embed__wrapper\">\n<blockquote class=\"wp-embedded-content\" data-secret=\"uJVQNIIqSG\"><a href=\"https:\/\/cajamar.sp.gov.br\/noticias\/2022\/06\/30\/prefeitura-convoca-beneficiarios-aprovados-no-programa-bolsa-trabalho-2\/\">Prefeitura convoca benefici\u00e1rios aprovados no Programa Bolsa Trabalho<\/a><\/blockquote><iframe class=\"wp-embedded-content\" sandbox=\"allow-scripts\" security=\"restricted\" style=\"position: absolute; clip: rect(1px, 1px, 1px, 1px);\" title=\"&#8220;Prefeitura convoca benefici\u00e1rios aprovados no Programa Bolsa Trabalho&#8221; &#8212; Not\u00edcias\" src=\"https:\/\/cajamar.sp.gov.br\/noticias\/2022\/06\/30\/prefeitura-convoca-beneficiarios-aprovados-no-programa-bolsa-trabalho-2\/embed\/#?secret=oXPYcH1fDs#?secret=uJVQNIIqSG\" data-secret=\"uJVQNIIqSG\" width=\"500\" height=\"282\" frameborder=\"0\" marginwidth=\"0\" marginheight=\"0\" scrolling=\"no\"><\/iframe>\n<\/div><\/figure>\n\n\n\n<p><\/p>\n\n\n\n<figure class=\"wp-block-embed is-type-wp-embed is-provider-noticias wp-block-embed-noticias\"><div class=\"wp-block-embed__wrapper\">\n<blockquote class=\"wp-embedded-content\" data-secret=\"2pbw6r6wQq\"><a href=\"https:\/\/cajamar.sp.gov.br\/noticias\/2022\/06\/30\/cajamar-fiscaliza-postos-de-gasolina-para-que-cumpram-a-reducao-no-preco-dos-combustiveis\/\">Cajamar fiscaliza postos de gasolina para que cumpram a redu\u00e7\u00e3o no pre\u00e7o dos combust\u00edveis<\/a><\/blockquote><iframe class=\"wp-embedded-content\" sandbox=\"allow-scripts\" security=\"restricted\" style=\"position: absolute; clip: rect(1px, 1px, 1px, 1px);\" title=\"&#8220;Cajamar fiscaliza postos de gasolina para que cumpram a redu\u00e7\u00e3o no pre\u00e7o dos combust\u00edveis&#8221; &#8212; Not\u00edcias\" src=\"https:\/\/cajamar.sp.gov.br\/noticias\/2022\/06\/30\/cajamar-fiscaliza-postos-de-gasolina-para-que-cumpram-a-reducao-no-preco-dos-combustiveis\/embed\/#?secret=83XnVurU5E#?secret=2pbw6r6wQq\" data-secret=\"2pbw6r6wQq\" width=\"500\" height=\"282\" frameborder=\"0\" marginwidth=\"0\" marginheight=\"0\" scrolling=\"no\"><\/iframe>\n<\/div><\/figure>\n\n\n\n<p><\/p>\n\n\n\n<figure class=\"wp-block-embed is-type-wp-embed is-provider-noticias wp-block-embed-noticias\"><div class=\"wp-block-embed__wrapper\">\n<blockquote class=\"wp-embedded-content\" data-secret=\"aSo7ndIH8V\"><a href=\"https:\/\/cajamar.sp.gov.br\/noticias\/2022\/06\/30\/comunicado-transito-rua-dr-jose-luiz-leme-maciel\/\">Comunicado Tr\u00e2nsito: Rua Dr. Jos\u00e9 Luiz Leme Maciel<\/a><\/blockquote><iframe class=\"wp-embedded-content\" sandbox=\"allow-scripts\" security=\"restricted\" style=\"position: absolute; clip: rect(1px, 1px, 1px, 1px);\" title=\"&#8220;Comunicado Tr\u00e2nsito: Rua Dr. Jos\u00e9 Luiz Leme Maciel&#8221; &#8212; Not\u00edcias\" src=\"https:\/\/cajamar.sp.gov.br\/noticias\/2022\/06\/30\/comunicado-transito-rua-dr-jose-luiz-leme-maciel\/embed\/#?secret=3Wyk7vV8Sc#?secret=aSo7ndIH8V\" data-secret=\"aSo7ndIH8V\" width=\"500\" height=\"282\" frameborder=\"0\" marginwidth=\"0\" marginheight=\"0\" scrolling=\"no\"><\/iframe>\n<\/div><\/figure>\n\n\n\n<p><\/p>\n\n\n\n<figure class=\"wp-block-embed is-type-wp-embed is-provider-noticias wp-block-embed-noticias\"><div class=\"wp-block-embed__wrapper\">\n<blockquote class=\"wp-embedded-content\" data-secret=\"OglWGCCA1s\"><a href=\"https:\/\/cajamar.sp.gov.br\/noticias\/2022\/06\/30\/app-cajamar-lanca-funcao-para-auxiliar-no-acolhimento-de-pessoas-em-situacao-de-rua\/\">App Cajamar lan\u00e7a fun\u00e7\u00e3o para auxiliar no acolhimento de pessoas em situa\u00e7\u00e3o de rua<\/a><\/blockquote><iframe class=\"wp-embedded-content\" sandbox=\"allow-scripts\" security=\"restricted\" style=\"position: absolute; clip: rect(1px, 1px, 1px, 1px);\" title=\"&#8220;App Cajamar lan\u00e7a fun\u00e7\u00e3o para auxiliar no acolhimento de pessoas em situa\u00e7\u00e3o de rua&#8221; &#8212; Not\u00edcias\" src=\"https:\/\/cajamar.sp.gov.br\/noticias\/2022\/06\/30\/app-cajamar-lanca-funcao-para-auxiliar-no-acolhimento-de-pessoas-em-situacao-de-rua\/embed\/#?secret=FjSnuRcwy2#?secret=OglWGCCA1s\" data-secret=\"OglWGCCA1s\" width=\"500\" height=\"282\" frameborder=\"0\" marginwidth=\"0\" marginheight=\"0\" scrolling=\"no\"><\/iframe>\n<\/div><\/figure>\n\n\n\n<p><\/p>\n\n\n\n<figure class=\"wp-block-embed is-type-wp-embed is-provider-noticias wp-block-embed-noticias\"><div class=\"wp-block-embed__wrapper\">\n<blockquote class=\"wp-embedded-content\" data-secret=\"1MBxPIDSD9\"><a href=\"https:\/\/cajamar.sp.gov.br\/noticias\/2022\/06\/29\/comunicado-transito-bairro-terezinha\/\">Comunicado tr\u00e2nsito: Bairro Terezinha<\/a><\/blockquote><iframe class=\"wp-embedded-content\" sandbox=\"allow-scripts\" security=\"restricted\" style=\"position: absolute; clip: rect(1px, 1px, 1px, 1px);\" title=\"&#8220;Comunicado tr\u00e2nsito: Bairro Terezinha&#8221; &#8212; Not\u00edcias\" src=\"https:\/\/cajamar.sp.gov.br\/noticias\/2022\/06\/29\/comunicado-transito-bairro-terezinha\/embed\/#?secret=HfnoYAiyAN#?secret=1MBxPIDSD9\" data-secret=\"1MBxPIDSD9\" width=\"500\" height=\"282\" frameborder=\"0\" marginwidth=\"0\" marginheight=\"0\" scrolling=\"no\"><\/iframe>\n<\/div><\/figure>\n\n\n\n<p><\/p>\n\n\n\n<figure class=\"wp-block-embed is-type-wp-embed is-provider-noticias wp-block-embed-noticias\"><div class=\"wp-block-embed__wrapper\">\n<blockquote class=\"wp-embedded-content\" data-secret=\"AlJhZodizb\"><a href=\"https:\/\/cajamar.sp.gov.br\/noticias\/2022\/06\/29\/programa-coracao-de-mae-realiza-entrega-de-kits-maternidade\/\">Programa Cora\u00e7\u00e3o de M\u00e3e realiza entrega de kits maternidade<\/a><\/blockquote><iframe class=\"wp-embedded-content\" sandbox=\"allow-scripts\" security=\"restricted\" style=\"position: absolute; clip: rect(1px, 1px, 1px, 1px);\" title=\"&#8220;Programa Cora\u00e7\u00e3o de M\u00e3e realiza entrega de kits maternidade&#8221; &#8212; Not\u00edcias\" src=\"https:\/\/cajamar.sp.gov.br\/noticias\/2022\/06\/29\/programa-coracao-de-mae-realiza-entrega-de-kits-maternidade\/embed\/#?secret=6cnwoTpUpO#?secret=AlJhZodizb\" data-secret=\"AlJhZodizb\" width=\"500\" height=\"282\" frameborder=\"0\" marginwidth=\"0\" marginheight=\"0\" scrolling=\"no\"><\/iframe>\n<\/div><\/figure>\n\n\n\n<p><\/p>\n\n\n\n<figure class=\"wp-block-embed is-type-wp-embed is-provider-noticias wp-block-embed-noticias\"><div class=\"wp-block-embed__wrapper\">\n<blockquote class=\"wp-embedded-content\" data-secret=\"ehirYiilFu\"><a href=\"https:\/\/cajamar.sp.gov.br\/noticias\/2022\/06\/29\/prefeitura-realiza-instalacao-de-lombadas-na-avenida-das-acucenas\/\">Prefeitura realiza instala\u00e7\u00e3o de lombadas na Avenida das A\u00e7ucenas<\/a><\/blockquote><iframe class=\"wp-embedded-content\" sandbox=\"allow-scripts\" security=\"restricted\" style=\"position: absolute; clip: rect(1px, 1px, 1px, 1px);\" title=\"&#8220;Prefeitura realiza instala\u00e7\u00e3o de lombadas na Avenida das A\u00e7ucenas&#8221; &#8212; Not\u00edcias\" src=\"https:\/\/cajamar.sp.gov.br\/noticias\/2022\/06\/29\/prefeitura-realiza-instalacao-de-lombadas-na-avenida-das-acucenas\/embed\/#?secret=RGQ4cykfo5#?secret=ehirYiilFu\" data-secret=\"ehirYiilFu\" width=\"500\" height=\"282\" frameborder=\"0\" marginwidth=\"0\" marginheight=\"0\" scrolling=\"no\"><\/iframe>\n<\/div><\/figure>\n\n\n\n<p><\/p>\n\n\n\n<figure class=\"wp-block-embed is-type-wp-embed is-provider-noticias wp-block-embed-noticias\"><div class=\"wp-block-embed__wrapper\">\n<blockquote class=\"wp-embedded-content\" data-secret=\"Yg0zG15VaL\"><a href=\"https:\/\/cajamar.sp.gov.br\/noticias\/2022\/06\/29\/programa-ilumina-cajamar-tem-sua-primeira-etapa-concluida-com-exito\/\">Programa Ilumina Cajamar leva moderniza\u00e7\u00e3o ao sistema de ilumina\u00e7\u00e3o da cidade<\/a><\/blockquote><iframe class=\"wp-embedded-content\" sandbox=\"allow-scripts\" security=\"restricted\" style=\"position: absolute; clip: rect(1px, 1px, 1px, 1px);\" title=\"&#8220;Programa Ilumina Cajamar leva moderniza\u00e7\u00e3o ao sistema de ilumina\u00e7\u00e3o da cidade&#8221; &#8212; Not\u00edcias\" src=\"https:\/\/cajamar.sp.gov.br\/noticias\/2022\/06\/29\/programa-ilumina-cajamar-tem-sua-primeira-etapa-concluida-com-exito\/embed\/#?secret=niY3ULA0pf#?secret=Yg0zG15VaL\" data-secret=\"Yg0zG15VaL\" width=\"500\" height=\"282\" frameborder=\"0\" marginwidth=\"0\" marginheight=\"0\" scrolling=\"no\"><\/iframe>\n<\/div><\/figure>\n\n\n\n<p><\/p>\n\n\n\n<figure class=\"wp-block-embed is-type-wp-embed is-provider-noticias wp-block-embed-noticias\"><div class=\"wp-block-embed__wrapper\">\n<blockquote class=\"wp-embedded-content\" data-secret=\"jlYWLB8s5q\"><a href=\"https:\/\/cajamar.sp.gov.br\/noticias\/2022\/06\/28\/prefeitura-abre-inscricoes-para-praca-de-alimentacao-da-festa-julina-de-cajamar-2022\/\">Prefeitura abre inscri\u00e7\u00f5es para pra\u00e7a de alimenta\u00e7\u00e3o da Festa Julina de Cajamar 2022<\/a><\/blockquote><iframe class=\"wp-embedded-content\" sandbox=\"allow-scripts\" security=\"restricted\" style=\"position: absolute; clip: rect(1px, 1px, 1px, 1px);\" title=\"&#8220;Prefeitura abre inscri\u00e7\u00f5es para pra\u00e7a de alimenta\u00e7\u00e3o da Festa Julina de Cajamar 2022&#8221; &#8212; Not\u00edcias\" src=\"https:\/\/cajamar.sp.gov.br\/noticias\/2022\/06\/28\/prefeitura-abre-inscricoes-para-praca-de-alimentacao-da-festa-julina-de-cajamar-2022\/embed\/#?secret=Rb4YeA026A#?secret=jlYWLB8s5q\" data-secret=\"jlYWLB8s5q\" width=\"500\" height=\"282\" frameborder=\"0\" marginwidth=\"0\" marginheight=\"0\" scrolling=\"no\"><\/iframe>\n<\/div><\/figure>\n\n\n\n<p><\/p>\n\n\n\n<figure class=\"wp-block-embed is-type-wp-embed is-provider-noticias wp-block-embed-noticias\"><div class=\"wp-block-embed__wrapper\">\n<blockquote class=\"wp-embedded-content\" data-secret=\"Ddmd5FIOC7\"><a href=\"https:\/\/cajamar.sp.gov.br\/noticias\/2022\/06\/28\/programa-asfalta-cajamar-realiza-a-primeira-etapa-de-pavimentacao-no-lago-azul\/\">Programa Asfalta Cajamar realiza a primeira etapa de pavimenta\u00e7\u00e3o no Lago Azul<\/a><\/blockquote><iframe class=\"wp-embedded-content\" sandbox=\"allow-scripts\" security=\"restricted\" style=\"position: absolute; clip: rect(1px, 1px, 1px, 1px);\" title=\"&#8220;Programa Asfalta Cajamar realiza a primeira etapa de pavimenta\u00e7\u00e3o no Lago Azul&#8221; &#8212; Not\u00edcias\" src=\"https:\/\/cajamar.sp.gov.br\/noticias\/2022\/06\/28\/programa-asfalta-cajamar-realiza-a-primeira-etapa-de-pavimentacao-no-lago-azul\/embed\/#?secret=DCcCdCL972#?secret=Ddmd5FIOC7\" data-secret=\"Ddmd5FIOC7\" width=\"500\" height=\"282\" frameborder=\"0\" marginwidth=\"0\" marginheight=\"0\" scrolling=\"no\"><\/iframe>\n<\/div><\/figure>\n\n\n\n<p><\/p>\n\n\n\n<figure class=\"wp-block-embed is-type-wp-embed is-provider-noticias wp-block-embed-noticias\"><div class=\"wp-block-embed__wrapper\">\n<blockquote class=\"wp-embedded-content\" data-secret=\"9UDrZ8kPE5\"><a href=\"https:\/\/cajamar.sp.gov.br\/noticias\/2022\/06\/28\/aberto-processo-seletivo-de-recenseadores-para-o-censo-previdenciario-de-cajamar\/\">Aberto processo seletivo de recenseadores para o Censo Previdenci\u00e1rio de Cajamar<\/a><\/blockquote><iframe class=\"wp-embedded-content\" sandbox=\"allow-scripts\" security=\"restricted\" style=\"position: absolute; clip: rect(1px, 1px, 1px, 1px);\" title=\"&#8220;Aberto processo seletivo de recenseadores para o Censo Previdenci\u00e1rio de Cajamar&#8221; &#8212; Not\u00edcias\" src=\"https:\/\/cajamar.sp.gov.br\/noticias\/2022\/06\/28\/aberto-processo-seletivo-de-recenseadores-para-o-censo-previdenciario-de-cajamar\/embed\/#?secret=i6XQMdhJpU#?secret=9UDrZ8kPE5\" data-secret=\"9UDrZ8kPE5\" width=\"500\" height=\"282\" frameborder=\"0\" marginwidth=\"0\" marginheight=\"0\" scrolling=\"no\"><\/iframe>\n<\/div><\/figure>\n\n\n\n<p><\/p>\n\n\n\n<figure class=\"wp-block-embed is-type-wp-embed is-provider-noticias wp-block-embed-noticias\"><div class=\"wp-block-embed__wrapper\">\n<blockquote class=\"wp-embedded-content\" data-secret=\"9dLIG9kOCY\"><a href=\"https:\/\/cajamar.sp.gov.br\/noticias\/2022\/06\/27\/programa-acolhe-cajamar-intensifica-as-abordagens-durante-o-periodo-de-inverno\/\">Programa Acolhe Cajamar inicia a 3\u00aa edi\u00e7\u00e3o das abordagens durante o per\u00edodo de inverno<\/a><\/blockquote><iframe class=\"wp-embedded-content\" sandbox=\"allow-scripts\" security=\"restricted\" style=\"position: absolute; clip: rect(1px, 1px, 1px, 1px);\" title=\"&#8220;Programa Acolhe Cajamar inicia a 3\u00aa edi\u00e7\u00e3o das abordagens durante o per\u00edodo de inverno&#8221; &#8212; Not\u00edcias\" src=\"https:\/\/cajamar.sp.gov.br\/noticias\/2022\/06\/27\/programa-acolhe-cajamar-intensifica-as-abordagens-durante-o-periodo-de-inverno\/embed\/#?secret=agEcCrp2ad#?secret=9dLIG9kOCY\" data-secret=\"9dLIG9kOCY\" width=\"500\" height=\"282\" frameborder=\"0\" marginwidth=\"0\" marginheight=\"0\" scrolling=\"no\"><\/iframe>\n<\/div><\/figure>\n\n\n\n<p><\/p>\n\n\n\n<figure class=\"wp-block-embed is-type-wp-embed is-provider-noticias wp-block-embed-noticias\"><div class=\"wp-block-embed__wrapper\">\n<blockquote class=\"wp-embedded-content\" data-secret=\"Sx5jwW5HoW\"><a href=\"https:\/\/cajamar.sp.gov.br\/noticias\/2022\/06\/27\/refis-2022-prefeitura-anuncia-programa-de-parcelamento-de-dividas-para-recuperacao-fiscal\/\">REFIS 2022: Prefeitura anuncia programa de parcelamento de d\u00edvidas para recupera\u00e7\u00e3o fiscal<\/a><\/blockquote><iframe class=\"wp-embedded-content\" sandbox=\"allow-scripts\" security=\"restricted\" style=\"position: absolute; clip: rect(1px, 1px, 1px, 1px);\" title=\"&#8220;REFIS 2022: Prefeitura anuncia programa de parcelamento de d\u00edvidas para recupera\u00e7\u00e3o fiscal&#8221; &#8212; Not\u00edcias\" src=\"https:\/\/cajamar.sp.gov.br\/noticias\/2022\/06\/27\/refis-2022-prefeitura-anuncia-programa-de-parcelamento-de-dividas-para-recuperacao-fiscal\/embed\/#?secret=paEg2m6G9c#?secret=Sx5jwW5HoW\" data-secret=\"Sx5jwW5HoW\" width=\"500\" height=\"282\" frameborder=\"0\" marginwidth=\"0\" marginheight=\"0\" scrolling=\"no\"><\/iframe>\n<\/div><\/figure>\n\n\n\n<p><\/p>\n\n\n\n<figure class=\"wp-block-embed is-type-wp-embed is-provider-noticias wp-block-embed-noticias\"><div class=\"wp-block-embed__wrapper\">\n<blockquote class=\"wp-embedded-content\" data-secret=\"WlCoaQbY3Z\"><a href=\"https:\/\/cajamar.sp.gov.br\/noticias\/2022\/06\/27\/cajamar-inicia-vacinacao-da-4a-dose-contra-a-covid-19-para-pessoas-acima-de-40-anos\/\">Cajamar inicia vacina\u00e7\u00e3o da 4\u00aa dose contra a COVID-19 para pessoas acima de 40 anos<\/a><\/blockquote><iframe class=\"wp-embedded-content\" sandbox=\"allow-scripts\" security=\"restricted\" style=\"position: absolute; clip: rect(1px, 1px, 1px, 1px);\" title=\"&#8220;Cajamar inicia vacina\u00e7\u00e3o da 4\u00aa dose contra a COVID-19 para pessoas acima de 40 anos&#8221; &#8212; Not\u00edcias\" src=\"https:\/\/cajamar.sp.gov.br\/noticias\/2022\/06\/27\/cajamar-inicia-vacinacao-da-4a-dose-contra-a-covid-19-para-pessoas-acima-de-40-anos\/embed\/#?secret=AEg8gWJSs0#?secret=WlCoaQbY3Z\" data-secret=\"WlCoaQbY3Z\" width=\"500\" height=\"282\" frameborder=\"0\" marginwidth=\"0\" marginheight=\"0\" scrolling=\"no\"><\/iframe>\n<\/div><\/figure>\n","protected":false},"excerpt":{"rendered":"<p>Confira as principais not\u00edcias da semana sobre a Prefeitura de Cajamar.<\/p>\n","protected":false},"author":10,"featured_media":28809,"comment_status":"closed","ping_status":"closed","sticky":false,"template":"","format":"standard","meta":{"footnotes":""},"categories":[1],"tags":[],"posicao":[],"class_list":["post-28932","post","type-post","status-publish","format-standard","has-post-thumbnail","hentry","category-noticias"],"_links":{"self":[{"href":"https:\/\/cajamar.sp.gov.br\/noticias\/wp-json\/wp\/v2\/posts\/28932","targetHints":{"allow":["GET"]}}],"collection":[{"href":"https:\/\/cajamar.sp.gov.br\/noticias\/wp-json\/wp\/v2\/posts"}],"about":[{"href":"https:\/\/cajamar.sp.gov.br\/noticias\/wp-json\/wp\/v2\/types\/post"}],"author":[{"embeddable":true,"href":"https:\/\/cajamar.sp.gov.br\/noticias\/wp-json\/wp\/v2\/users\/10"}],"replies":[{"embeddable":true,"href":"https:\/\/cajamar.sp.gov.br\/noticias\/wp-json\/wp\/v2\/comments?post=28932"}],"version-history":[{"count":10,"href":"https:\/\/cajamar.sp.gov.br\/noticias\/wp-json\/wp\/v2\/posts\/28932\/revisions"}],"predecessor-version":[{"id":28985,"href":"https:\/\/cajamar.sp.gov.br\/noticias\/wp-json\/wp\/v2\/posts\/28932\/revisions\/28985"}],"wp:featuredmedia":[{"embeddable":true,"href":"https:\/\/cajamar.sp.gov.br\/noticias\/wp-json\/wp\/v2\/media\/28809"}],"wp:attachment":[{"href":"https:\/\/cajamar.sp.gov.br\/noticias\/wp-json\/wp\/v2\/media?parent=28932"}],"wp:term":[{"taxonomy":"category","embeddable":true,"href":"https:\/\/cajamar.sp.gov.br\/noticias\/wp-json\/wp\/v2\/categories?post=28932"},{"taxonomy":"post_tag","embeddable":true,"href":"https:\/\/cajamar.sp.gov.br\/noticias\/wp-json\/wp\/v2\/tags?post=28932"},{"taxonomy":"posicao","embeddable":true,"href":"https:\/\/cajamar.sp.gov.br\/noticias\/wp-json\/wp\/v2\/posicao?post=28932"}],"curies":[{"name":"wp","href":"https:\/\/api.w.org\/{rel}","templated":true}]}}