{"id":28972,"date":"2022-07-07T12:43:38","date_gmt":"2022-07-07T15:43:38","guid":{"rendered":"https:\/\/cajamar.sp.gov.br\/noticias\/?p=28972"},"modified":"2022-07-25T16:27:40","modified_gmt":"2022-07-25T19:27:40","slug":"ginasio-do-polvilho-sera-reinaugurado-com-jogo-das-estrelas","status":"publish","type":"post","link":"https:\/\/cajamar.sp.gov.br\/noticias\/2022\/07\/07\/ginasio-do-polvilho-sera-reinaugurado-com-jogo-das-estrelas\/","title":{"rendered":"Gin\u00e1sio do Polvilho ser\u00e1 reinaugurado com \u201cJogo das Estrelas\u201d"},"content":{"rendered":"\n<figure class=\"wp-block-image size-full\"><a href=\"https:\/\/cajamar.sp.gov.br\/noticias\/wp-content\/uploads\/sites\/2\/2022\/07\/site-jogo-das-estrelas-1.png\"><img fetchpriority=\"high\" decoding=\"async\" width=\"1200\" height=\"900\" src=\"https:\/\/cajamar.sp.gov.br\/noticias\/wp-content\/uploads\/sites\/2\/2022\/07\/site-jogo-das-estrelas-1.png\" alt=\"\" class=\"wp-image-28974\" srcset=\"https:\/\/cajamar.sp.gov.br\/noticias\/wp-content\/uploads\/sites\/2\/2022\/07\/site-jogo-das-estrelas-1.png 1200w, https:\/\/cajamar.sp.gov.br\/noticias\/wp-content\/uploads\/sites\/2\/2022\/07\/site-jogo-das-estrelas-1-300x225.png 300w, https:\/\/cajamar.sp.gov.br\/noticias\/wp-content\/uploads\/sites\/2\/2022\/07\/site-jogo-das-estrelas-1-768x576.png 768w\" sizes=\"(max-width: 1200px) 100vw, 1200px\" \/><\/a><\/figure>\n\n\n\n<p>Est\u00e1 chegando o dia da grande reinaugura\u00e7\u00e3o do <strong>Gin\u00e1sio de Esportes \u201cAnt\u00f4nio Carlos Tramassi\u201d<\/strong>, no distrito do Polvilho. Para comemorar este retorno, a <strong>Prefeitura de Cajamar<\/strong> est\u00e1 organizando uma partida especial de futebol, onde acontecer\u00e1 o \u201c<strong>Jogo das Estrelas<\/strong>\u201d.<\/p>\n\n\n\n<p>O evento ser\u00e1 realizado no dia <strong>16 de julho<\/strong>, a partir das <strong>11h<\/strong>, e contar\u00e1 com a participa\u00e7\u00e3o de atletas renomados, amigos do <strong>Craque Neto<\/strong>, dentre eles o <strong>Viola<\/strong> (Tetracampe\u00e3o Mundial), <strong>Dod\u00f4<\/strong> (Ex Sele\u00e7\u00e3o), <strong>Goleiro Veloso<\/strong>, <strong>Muller<\/strong> (Ex. Sele\u00e7\u00e3o brasileira), <strong>Macedo<\/strong> (Ex. S\u00e3o Paulo), <strong>Souza<\/strong> (Ex. Sele\u00e7\u00e3o e S\u00e3o Paulo), <strong>Marco Assun\u00e7\u00e3o<\/strong> (Ex. Palmeiras), <strong>Pav\u00e3o<\/strong> (Ex. S\u00e3o Paulo) e <strong>Mc Hollywood<\/strong>.<\/p>\n\n\n\n<p>De acordo com o <strong>Secret\u00e1rio de Esportes<\/strong>, <strong>Lazer e Cultura<\/strong>, <strong>Fabiano Rodrigues<\/strong>, este Jogo das Estrelas ir\u00e1 contribuir para que a reinaugura\u00e7\u00e3o se torne um grande marco para a hist\u00f3ria do esporte da cidade. \u201cO Gin\u00e1sio do Polvilho ficou abandonado por muito tempo e estava sem condi\u00e7\u00f5es de uso. Agora o espa\u00e7o foi totalmente revitalizado e iremos fazer muitos projetos para resgatar as pessoas que frequentavam antes, e tamb\u00e9m para atrair novas pessoas para participarem das atividades\u201d, ressaltou.<\/p>\n\n\n\n<p>Nos \u00faltimos meses foram realizados manuten\u00e7\u00f5es e reparos em toda infraestrutura do local, incluindo a instala\u00e7\u00e3o de nova cobertura, aumento das dimens\u00f5es da quadra, pintura, acessibilidade aos banheiros, rampa de acesso, instala\u00e7\u00e3o de novo placar eletr\u00f4nico, novas tabelas hidr\u00e1ulicas de basquete, reforma e instala\u00e7\u00e3o de ilumina\u00e7\u00e3o de LED em toda a \u00e1rea interna e externa do gin\u00e1sio.<\/p>\n\n\n\n<p>O <strong>Secret\u00e1rio de Comunica\u00e7\u00e3o e Gest\u00e3o de Eventos Kau\u00e3n Berto<\/strong> est\u00e1 acompanhando todos os detalhes da reinaugura\u00e7\u00e3o, para garantir o sucesso desta nova fase. \u201cEstamos organizando este evento para que a popula\u00e7\u00e3o conhe\u00e7a as novas instala\u00e7\u00f5es do gin\u00e1sio de uma forma especial. Desenvolvemos tudo o que se refere \u00e0 comunica\u00e7\u00e3o visual do ambiente e nossa proposta \u00e9 que os mun\u00edcipes busquem cada vez mais qualidade de vida, participando dos eventos esportivos que iremos promover\u201d, destacou o secret\u00e1rio.<\/p>\n\n\n\n<p>A programa\u00e7\u00e3o do dia ainda conta com a cerim\u00f4nia de assinatura da parceria entre a Prefeitura de Cajamar e o SESI, para a inclus\u00e3o do <strong>Projeto Atletas do Futuro<\/strong> no munic\u00edpio, al\u00e9m da realiza\u00e7\u00e3o de duas partidas de futebol. Confira a programa\u00e7\u00e3o abaixo e venha prestigiar a reinaugura\u00e7\u00e3o:<\/p>\n\n\n\n<p><strong>\u201cJOGO DAS ESTRELAS\u201d<\/strong><\/p>\n\n\n\n<p><strong>Cerim\u00f4nia de Reinaugura\u00e7\u00e3o a partir das 11h<br>Gin\u00e1sio Poliesportivo \u201cANT\u00d4NIO CARLOS TRAMASSI\u201d<br>Rua Creusa Ferreira L. S. Ara\u00fajo N\u00ba 120 &#8211; Polvilho<\/strong><\/p>\n","protected":false},"excerpt":{"rendered":"<p>O evento acontecer\u00e1 no dia 16 de julho para celebrar a reinaugura\u00e7\u00e3o do Gin\u00e1sio de Esportes \u201cAnt\u00f4nio Carlos Tramassi\u201d <\/p>\n","protected":false},"author":7,"featured_media":28974,"comment_status":"closed","ping_status":"0","sticky":true,"template":"","format":"standard","meta":{"footnotes":""},"categories":[5,26,15],"tags":[1505,1503,1504,1555,1065],"posicao":[28],"class_list":["post-28972","post","type-post","status-publish","format-standard","has-post-thumbnail","hentry","category-esportes-e-lazer","category-eventos","category-infraestrutura","tag-craque-neto","tag-ginasio-de-esportes","tag-jogo-das-estrelas","tag-kauan-berto","tag-reinauguracao","posicao-destaque"],"_links":{"self":[{"href":"https:\/\/cajamar.sp.gov.br\/noticias\/wp-json\/wp\/v2\/posts\/28972","targetHints":{"allow":["GET"]}}],"collection":[{"href":"https:\/\/cajamar.sp.gov.br\/noticias\/wp-json\/wp\/v2\/posts"}],"about":[{"href":"https:\/\/cajamar.sp.gov.br\/noticias\/wp-json\/wp\/v2\/types\/post"}],"author":[{"embeddable":true,"href":"https:\/\/cajamar.sp.gov.br\/noticias\/wp-json\/wp\/v2\/users\/7"}],"replies":[{"embeddable":true,"href":"https:\/\/cajamar.sp.gov.br\/noticias\/wp-json\/wp\/v2\/comments?post=28972"}],"version-history":[{"count":1,"href":"https:\/\/cajamar.sp.gov.br\/noticias\/wp-json\/wp\/v2\/posts\/28972\/revisions"}],"predecessor-version":[{"id":28975,"href":"https:\/\/cajamar.sp.gov.br\/noticias\/wp-json\/wp\/v2\/posts\/28972\/revisions\/28975"}],"wp:featuredmedia":[{"embeddable":true,"href":"https:\/\/cajamar.sp.gov.br\/noticias\/wp-json\/wp\/v2\/media\/28974"}],"wp:attachment":[{"href":"https:\/\/cajamar.sp.gov.br\/noticias\/wp-json\/wp\/v2\/media?parent=28972"}],"wp:term":[{"taxonomy":"category","embeddable":true,"href":"https:\/\/cajamar.sp.gov.br\/noticias\/wp-json\/wp\/v2\/categories?post=28972"},{"taxonomy":"post_tag","embeddable":true,"href":"https:\/\/cajamar.sp.gov.br\/noticias\/wp-json\/wp\/v2\/tags?post=28972"},{"taxonomy":"posicao","embeddable":true,"href":"https:\/\/cajamar.sp.gov.br\/noticias\/wp-json\/wp\/v2\/posicao?post=28972"}],"curies":[{"name":"wp","href":"https:\/\/api.w.org\/{rel}","templated":true}]}}