{"id":29123,"date":"2022-07-20T12:21:39","date_gmt":"2022-07-20T15:21:39","guid":{"rendered":"https:\/\/cajamar.sp.gov.br\/noticias\/?p=29123"},"modified":"2022-07-25T16:28:11","modified_gmt":"2022-07-25T19:28:11","slug":"secretaria-de-gestao-em-eventos-realiza-reuniao-de-ultimos-ajustes-para-a-festa-julina-cajamar-2022","status":"publish","type":"post","link":"https:\/\/cajamar.sp.gov.br\/noticias\/2022\/07\/20\/secretaria-de-gestao-em-eventos-realiza-reuniao-de-ultimos-ajustes-para-a-festa-julina-cajamar-2022\/","title":{"rendered":"Secretaria de Gest\u00e3o em Eventos realiza reuni\u00e3o de \u00faltimos ajustes para a Festa Julina Cajamar 2022"},"content":{"rendered":"\n<figure class=\"wp-block-image size-full\"><a href=\"https:\/\/cajamar.sp.gov.br\/noticias\/wp-content\/uploads\/sites\/2\/2022\/07\/1-7.jpg\"><img fetchpriority=\"high\" decoding=\"async\" width=\"1200\" height=\"800\" src=\"https:\/\/cajamar.sp.gov.br\/noticias\/wp-content\/uploads\/sites\/2\/2022\/07\/1-7.jpg\" alt=\"\" class=\"wp-image-29124\" srcset=\"https:\/\/cajamar.sp.gov.br\/noticias\/wp-content\/uploads\/sites\/2\/2022\/07\/1-7.jpg 1200w, https:\/\/cajamar.sp.gov.br\/noticias\/wp-content\/uploads\/sites\/2\/2022\/07\/1-7-768x512.jpg 768w\" sizes=\"(max-width: 1200px) 100vw, 1200px\" \/><\/a><\/figure>\n\n\n\n<p>Estamos h\u00e1 poucos dias de iniciar a Festa Julina de Cajamar e para definir os \u00faltimos ajustes, nesta ter\u00e7a-feira (19), representantes da Prefeitura de Cajamar se reuniram no Pa\u00e7o Municipal para tratar dos preparativos finais antes da realiza\u00e7\u00e3o do evento que acontecer\u00e1 nos dias 22, 23 e 24 de julho.<\/p>\n\n\n\n<p>Este \u00e9 o segundo encontro com a equipe de organiza\u00e7\u00e3o geral da festa. A reuni\u00e3o foi liderada pelo secret\u00e1rio de Comunica\u00e7\u00e3o e Gest\u00e3o de Eventos, Kau\u00e3n Berto, e contou com a presen\u00e7a de representantes das Secretarias de Comunica\u00e7\u00e3o e Gest\u00e3o de Eventos; Esportes Lazer e Cultura; Sa\u00fade; Mobilidade e Desenvolvimento Urbano; Seguran\u00e7a e Defesa Social; Infraestrutura e Servi\u00e7os P\u00fablicos, e tamb\u00e9m representantes da Pol\u00edcia Militar, Pol\u00edcia Civil, Guarda Municipal, Bombeiros e Defesa Civil.<\/p>\n\n\n\n<p>Durante a reuni\u00e3o, foi apresentada a programa\u00e7\u00e3o completa para a comiss\u00e3o organizadora, estabelecendo pontos importantes para garantir a seguran\u00e7a dos frequentadores. \u201cVamos refor\u00e7ar a seguran\u00e7a e limpeza em toda a infraestrutura do local nesses tr\u00eas dias de festa, para que seja mais um evento de sucesso para nossa cidade. Conto com o apoio e colabora\u00e7\u00e3o de todos para proporcionar maior comodidade ao p\u00fablico presente\u201d, disse o secret\u00e1rio Kau\u00e3n Berto.<\/p>\n\n\n\n<p>A Festa ter\u00e1 in\u00edcio nesta sexta-feira (22), \u00e0s 16h. S\u00e1bado e domingo a programa\u00e7\u00e3o inicia mais cedo, a partir das 13h, com esta\u00e7\u00f5es de brincadeiras, brinquedos infl\u00e1veis, apresenta\u00e7\u00e3o de artistas locais e shows com artistas renomados.<\/p>\n\n\n\n<p>PROGRAMA\u00c7\u00c3O DA FESTA JULINA CAJAMAR 2022<\/p>\n\n\n\n<p>22\/07 (sexta), a partir das 16h \u2013 Zez\u00e9 Di Camargo &amp; Luciano e Dilsinho<br>23\/07 (s\u00e1bado), a partir das 13h &#8211; Ra\u00e7a Negra e Tatau<br>24\/07 (domingo), a partir das 13h &#8211; Fernando &amp; Sorocaba, DJ Marlboro, Edson &amp; Hudson e Gian &amp; Giovani<\/p>\n\n\n\n<p>Centro de Eventos \u2018Boi\u00f3dromo\u2019<br>Entrada: um agasalho ou um cobertor em bom estado<\/p>\n\n\n\n<figure class=\"wp-block-gallery has-nested-images columns-default is-cropped wp-block-gallery-1 is-layout-flex wp-block-gallery-is-layout-flex\">\n<figure class=\"wp-block-image size-large\"><a href=\"https:\/\/cajamar.sp.gov.br\/noticias\/wp-content\/uploads\/sites\/2\/2022\/07\/2-7.jpg\"><img decoding=\"async\" width=\"1200\" height=\"800\" data-id=\"29125\" src=\"https:\/\/cajamar.sp.gov.br\/noticias\/wp-content\/uploads\/sites\/2\/2022\/07\/2-7.jpg\" alt=\"\" class=\"wp-image-29125\" srcset=\"https:\/\/cajamar.sp.gov.br\/noticias\/wp-content\/uploads\/sites\/2\/2022\/07\/2-7.jpg 1200w, https:\/\/cajamar.sp.gov.br\/noticias\/wp-content\/uploads\/sites\/2\/2022\/07\/2-7-768x512.jpg 768w\" sizes=\"(max-width: 1200px) 100vw, 1200px\" \/><\/a><\/figure>\n\n\n\n<figure class=\"wp-block-image size-large\"><a href=\"https:\/\/cajamar.sp.gov.br\/noticias\/wp-content\/uploads\/sites\/2\/2022\/07\/3-7.jpg\"><img decoding=\"async\" width=\"1200\" height=\"800\" data-id=\"29126\" src=\"https:\/\/cajamar.sp.gov.br\/noticias\/wp-content\/uploads\/sites\/2\/2022\/07\/3-7.jpg\" alt=\"\" class=\"wp-image-29126\" srcset=\"https:\/\/cajamar.sp.gov.br\/noticias\/wp-content\/uploads\/sites\/2\/2022\/07\/3-7.jpg 1200w, https:\/\/cajamar.sp.gov.br\/noticias\/wp-content\/uploads\/sites\/2\/2022\/07\/3-7-768x512.jpg 768w\" sizes=\"(max-width: 1200px) 100vw, 1200px\" \/><\/a><\/figure>\n<\/figure>\n\n\n\n<figure class=\"wp-block-image size-full is-resized\"><a href=\"https:\/\/cajamar.sp.gov.br\/noticias\/wp-content\/uploads\/sites\/2\/2022\/07\/4-6.jpg\"><img loading=\"lazy\" decoding=\"async\" src=\"https:\/\/cajamar.sp.gov.br\/noticias\/wp-content\/uploads\/sites\/2\/2022\/07\/4-6.jpg\" alt=\"\" class=\"wp-image-29127\" width=\"840\" height=\"560\" srcset=\"https:\/\/cajamar.sp.gov.br\/noticias\/wp-content\/uploads\/sites\/2\/2022\/07\/4-6.jpg 1200w, https:\/\/cajamar.sp.gov.br\/noticias\/wp-content\/uploads\/sites\/2\/2022\/07\/4-6-768x512.jpg 768w\" sizes=\"(max-width: 840px) 100vw, 840px\" \/><\/a><\/figure>\n","protected":false},"excerpt":{"rendered":"<p>O encontro teve como objetivo definir os preparativos finais da organiza\u00e7\u00e3o geral da festa que acontece nos pr\u00f3ximos dias 22, 23 e 24 de julho<\/p>\n","protected":false},"author":7,"featured_media":29124,"comment_status":"closed","ping_status":"0","sticky":true,"template":"","format":"standard","meta":{"footnotes":""},"categories":[57,26,1],"tags":[1116,1516,1555,1373],"posicao":[28],"class_list":["post-29123","post","type-post","status-publish","format-standard","has-post-thumbnail","hentry","category-comunicacao","category-eventos","category-noticias","tag-evento","tag-festa-julina-2022","tag-kauan-berto","tag-reuniao","posicao-destaque"],"_links":{"self":[{"href":"https:\/\/cajamar.sp.gov.br\/noticias\/wp-json\/wp\/v2\/posts\/29123","targetHints":{"allow":["GET"]}}],"collection":[{"href":"https:\/\/cajamar.sp.gov.br\/noticias\/wp-json\/wp\/v2\/posts"}],"about":[{"href":"https:\/\/cajamar.sp.gov.br\/noticias\/wp-json\/wp\/v2\/types\/post"}],"author":[{"embeddable":true,"href":"https:\/\/cajamar.sp.gov.br\/noticias\/wp-json\/wp\/v2\/users\/7"}],"replies":[{"embeddable":true,"href":"https:\/\/cajamar.sp.gov.br\/noticias\/wp-json\/wp\/v2\/comments?post=29123"}],"version-history":[{"count":1,"href":"https:\/\/cajamar.sp.gov.br\/noticias\/wp-json\/wp\/v2\/posts\/29123\/revisions"}],"predecessor-version":[{"id":29128,"href":"https:\/\/cajamar.sp.gov.br\/noticias\/wp-json\/wp\/v2\/posts\/29123\/revisions\/29128"}],"wp:featuredmedia":[{"embeddable":true,"href":"https:\/\/cajamar.sp.gov.br\/noticias\/wp-json\/wp\/v2\/media\/29124"}],"wp:attachment":[{"href":"https:\/\/cajamar.sp.gov.br\/noticias\/wp-json\/wp\/v2\/media?parent=29123"}],"wp:term":[{"taxonomy":"category","embeddable":true,"href":"https:\/\/cajamar.sp.gov.br\/noticias\/wp-json\/wp\/v2\/categories?post=29123"},{"taxonomy":"post_tag","embeddable":true,"href":"https:\/\/cajamar.sp.gov.br\/noticias\/wp-json\/wp\/v2\/tags?post=29123"},{"taxonomy":"posicao","embeddable":true,"href":"https:\/\/cajamar.sp.gov.br\/noticias\/wp-json\/wp\/v2\/posicao?post=29123"}],"curies":[{"name":"wp","href":"https:\/\/api.w.org\/{rel}","templated":true}]}}