{"id":29219,"date":"2022-07-27T14:45:50","date_gmt":"2022-07-27T17:45:50","guid":{"rendered":"https:\/\/cajamar.sp.gov.br\/noticias\/?p=29219"},"modified":"2022-07-27T14:45:50","modified_gmt":"2022-07-27T17:45:50","slug":"comunicado-transito-reparo-emergencial-na-rede-eletrica-subterranea-da-enel","status":"publish","type":"post","link":"https:\/\/cajamar.sp.gov.br\/noticias\/2022\/07\/27\/comunicado-transito-reparo-emergencial-na-rede-eletrica-subterranea-da-enel\/","title":{"rendered":"COMUNICADO TR\u00c2NSITO: Reparo Emergencial na rede el\u00e9trica subterr\u00e2nea da Enel"},"content":{"rendered":"\n<figure class=\"wp-block-image size-full is-resized\"><a href=\"https:\/\/cajamar.sp.gov.br\/noticias\/wp-content\/uploads\/sites\/2\/2022\/07\/image-12.png\"><img fetchpriority=\"high\" decoding=\"async\" src=\"https:\/\/cajamar.sp.gov.br\/noticias\/wp-content\/uploads\/sites\/2\/2022\/07\/image-12.png\" alt=\"\" class=\"wp-image-29220\" width=\"840\" height=\"588\" srcset=\"https:\/\/cajamar.sp.gov.br\/noticias\/wp-content\/uploads\/sites\/2\/2022\/07\/image-12.png 1000w, https:\/\/cajamar.sp.gov.br\/noticias\/wp-content\/uploads\/sites\/2\/2022\/07\/image-12-768x538.png 768w\" sizes=\"(max-width: 840px) 100vw, 840px\" \/><\/a><\/figure>\n\n\n\n<p>A Secretaria Municipal de Mobilidade e Desenvolvimento Urbano de Cajamar COMUNICA que a partir desta quarta-feira (27), a concession\u00e1ria de energia (ENEL) far\u00e1 um reparo emergencial na rede el\u00e9trica subterr\u00e2nea, localizada na Av. Durval Ferreira de Ara\u00fajo, altura do n\u00famero 301, em Jordan\u00e9sia.<\/p>\n\n\n\n<p>O prazo para conclus\u00e3o da obra \u00e9 de aproximadamente 10 dias. Durante este per\u00edodo, o trecho em quest\u00e3o ter\u00e1 o tr\u00e1fego parcialmente interditado, com a opera\u00e7\u00e3o no sistema siga-e-pare, no hor\u00e1rio das 8h \u00e0s 17h.<\/p>\n\n\n\n<p>Agradecemos a compreens\u00e3o de todos e solicitamos que os motoristas redobrem a aten\u00e7\u00e3o neste trajeto.<\/p>\n","protected":false},"excerpt":{"rendered":"<p>Para a execu\u00e7\u00e3o da obra, a Av. Durval Ferreira de Ara\u00fajo ficar\u00e1 parcialmente interditada no per\u00edodo de 10 dias<\/p>\n","protected":false},"author":7,"featured_media":29220,"comment_status":"closed","ping_status":"0","sticky":true,"template":"","format":"standard","meta":{"footnotes":""},"categories":[19,83],"tags":[1254,1084,135],"posicao":[28],"class_list":["post-29219","post","type-post","status-publish","format-standard","has-post-thumbnail","hentry","category-mobilidade","category-transito","tag-enel","tag-interdicao","tag-transito","posicao-destaque"],"_links":{"self":[{"href":"https:\/\/cajamar.sp.gov.br\/noticias\/wp-json\/wp\/v2\/posts\/29219","targetHints":{"allow":["GET"]}}],"collection":[{"href":"https:\/\/cajamar.sp.gov.br\/noticias\/wp-json\/wp\/v2\/posts"}],"about":[{"href":"https:\/\/cajamar.sp.gov.br\/noticias\/wp-json\/wp\/v2\/types\/post"}],"author":[{"embeddable":true,"href":"https:\/\/cajamar.sp.gov.br\/noticias\/wp-json\/wp\/v2\/users\/7"}],"replies":[{"embeddable":true,"href":"https:\/\/cajamar.sp.gov.br\/noticias\/wp-json\/wp\/v2\/comments?post=29219"}],"version-history":[{"count":1,"href":"https:\/\/cajamar.sp.gov.br\/noticias\/wp-json\/wp\/v2\/posts\/29219\/revisions"}],"predecessor-version":[{"id":29221,"href":"https:\/\/cajamar.sp.gov.br\/noticias\/wp-json\/wp\/v2\/posts\/29219\/revisions\/29221"}],"wp:featuredmedia":[{"embeddable":true,"href":"https:\/\/cajamar.sp.gov.br\/noticias\/wp-json\/wp\/v2\/media\/29220"}],"wp:attachment":[{"href":"https:\/\/cajamar.sp.gov.br\/noticias\/wp-json\/wp\/v2\/media?parent=29219"}],"wp:term":[{"taxonomy":"category","embeddable":true,"href":"https:\/\/cajamar.sp.gov.br\/noticias\/wp-json\/wp\/v2\/categories?post=29219"},{"taxonomy":"post_tag","embeddable":true,"href":"https:\/\/cajamar.sp.gov.br\/noticias\/wp-json\/wp\/v2\/tags?post=29219"},{"taxonomy":"posicao","embeddable":true,"href":"https:\/\/cajamar.sp.gov.br\/noticias\/wp-json\/wp\/v2\/posicao?post=29219"}],"curies":[{"name":"wp","href":"https:\/\/api.w.org\/{rel}","templated":true}]}}