{"id":29395,"date":"2022-08-09T11:19:18","date_gmt":"2022-08-09T14:19:18","guid":{"rendered":"https:\/\/cajamar.sp.gov.br\/noticias\/?p=29395"},"modified":"2022-08-09T11:19:18","modified_gmt":"2022-08-09T14:19:18","slug":"peca-teatral-a-historia-de-dalva-e-davi-sera-apresentada-no-centro-cultural-do-polvilho","status":"publish","type":"post","link":"https:\/\/cajamar.sp.gov.br\/noticias\/2022\/08\/09\/peca-teatral-a-historia-de-dalva-e-davi-sera-apresentada-no-centro-cultural-do-polvilho\/","title":{"rendered":"Pe\u00e7a Teatral &#8220;A Hist\u00f3ria de Dalva e Davi&#8221; ser\u00e1 apresentada no Centro Cultural do Polvilho"},"content":{"rendered":"\n<figure class=\"wp-block-image size-large\"><a href=\"https:\/\/cajamar.sp.gov.br\/noticias\/wp-content\/uploads\/sites\/2\/2022\/08\/front-view-young-female-in-red-shirt-suffers-from-physical-violence-on-the-cream-floor-female-cloth-photo.jpg\"><img fetchpriority=\"high\" decoding=\"async\" width=\"1280\" height=\"853\" src=\"https:\/\/cajamar.sp.gov.br\/noticias\/wp-content\/uploads\/sites\/2\/2022\/08\/front-view-young-female-in-red-shirt-suffers-from-physical-violence-on-the-cream-floor-female-cloth-photo-1280x853.jpg\" alt=\"\" class=\"wp-image-29396\" srcset=\"https:\/\/cajamar.sp.gov.br\/noticias\/wp-content\/uploads\/sites\/2\/2022\/08\/front-view-young-female-in-red-shirt-suffers-from-physical-violence-on-the-cream-floor-female-cloth-photo-1280x853.jpg 1280w, https:\/\/cajamar.sp.gov.br\/noticias\/wp-content\/uploads\/sites\/2\/2022\/08\/front-view-young-female-in-red-shirt-suffers-from-physical-violence-on-the-cream-floor-female-cloth-photo-768x512.jpg 768w, https:\/\/cajamar.sp.gov.br\/noticias\/wp-content\/uploads\/sites\/2\/2022\/08\/front-view-young-female-in-red-shirt-suffers-from-physical-violence-on-the-cream-floor-female-cloth-photo-1536x1024.jpg 1536w, https:\/\/cajamar.sp.gov.br\/noticias\/wp-content\/uploads\/sites\/2\/2022\/08\/front-view-young-female-in-red-shirt-suffers-from-physical-violence-on-the-cream-floor-female-cloth-photo.jpg 2048w\" sizes=\"(max-width: 1280px) 100vw, 1280px\" \/><\/a><\/figure>\n\n\n\n<p>Engajada na Campanha Agosto Lil\u00e1s, que representa a conscientiza\u00e7\u00e3o e combate \u00e0 viol\u00eancia contra a mulher, a Prefeitura de Cajamar, por meio da Secretaria de Desenvolvimento Social e do Conselho Municipal dos Direitos da Mulher, ir\u00e1 apresentar a Pe\u00e7a Teatral &#8220;A Hist\u00f3ria de Dalva e Davi&#8221;. A exibi\u00e7\u00e3o ser\u00e1 apresentada no dia 15 de agosto em dois hor\u00e1rios: das 15h \u00e0s 16h30 e das 19h \u00e0s 20h30, no Centro Cultural do Polvilho. A classifica\u00e7\u00e3o indicativa do espet\u00e1culo \u00e9 de 14 anos.<\/p>\n\n\n\n<p>&#8216;A Hist\u00f3ria de Dalva e Davi&#8217; retrata a rela\u00e7\u00e3o amorosa de um jovem casal, os mecanismos de controle e domina\u00e7\u00e3o e as v\u00e1rias formas de viol\u00eancia contra a mulher. Apresentado pela Educathus Desenvolvimento Humano, especializada no desenvolvimento de pessoas e promo\u00e7\u00e3o de programas de qualidade de vida, o espet\u00e1culo foi concebido a partir de pesquisa e entrevistas com representantes de casas de acolhimento a mulheres v\u00edtimas de viol\u00eancia, grupo de ressocializa\u00e7\u00e3o de homens autores de viol\u00eancia contra a mulher e depoimentos de mulheres que sofreram viol\u00eancia de g\u00eanero.<\/p>\n\n\n\n<p>O Secret\u00e1rio de Desenvolvimento Social Niedson Silva de Souza Filho destaca a import\u00e2ncia da pe\u00e7a para a conscientiza\u00e7\u00e3o do p\u00fablico. \u201cAs apresenta\u00e7\u00f5es visam sensibilizar quanto ao tema e ampliar os conhecimentos sobre os dispositivos legais existentes e, ainda, como auxiliar as v\u00edtimas\u201d, explica.<br>A Campanha Agosto Lil\u00e1s foi desenvolvida em refer\u00eancia ao anivers\u00e1rio da Lei Maria da Penha, que foi criada h\u00e1 16 anos, em 7 de agosto de 2006.<\/p>\n\n\n\n<p>Para assistir a pe\u00e7a, \u00e9 preciso retirar os ingressos com anteced\u00eancia. A capacidade do local \u00e9 para 350 pessoas. Confira os endere\u00e7os em que os ingressos estar\u00e3o dispon\u00edveis:<\/p>\n\n\n\n<p><strong>CRAS PEC<\/strong><br>Rua Constantino Francisco de Almeida, 367 &#8211; Pq. Maria Aparecida<\/p>\n\n\n\n<p><strong>CRAS Polvilho<\/strong><br>Rua Flademir Roberto Lopes, 114 &#8211; Polvilho<\/p>\n\n\n\n<p><strong>Centro Cultural do Polvilho<\/strong><br>Rua Jean Anastace Kovelis, 1835 &#8211; Polvilho<\/p>\n\n\n\n<p>SERVI\u00c7O<\/p>\n\n\n\n<p>Pe\u00e7a Teatral &#8220;A Hist\u00f3ria de Dalva e Davi&#8221;<br>Dia 15\/08<br>Hor\u00e1rios: 15h &#8211; 16h30 \/ 19h &#8211; 20h30<br>Centro Cultural do Polvilho<br>Rua Jean Anastace Kovelis, n\u00ba 1835 &#8211; Polvilho<br>Classifica\u00e7\u00e3o indicativa: 14 anos<\/p>\n","protected":false},"excerpt":{"rendered":"<p>Evento gratuito faz parte da Campanha Agosto Lil\u00e1s &#8211; Fim da viol\u00eancia contra a mulher<\/p>\n","protected":false},"author":7,"featured_media":29396,"comment_status":"closed","ping_status":"0","sticky":true,"template":"","format":"standard","meta":{"footnotes":""},"categories":[12],"tags":[702,1597,488,873],"posicao":[28],"class_list":["post-29395","post","type-post","status-publish","format-standard","has-post-thumbnail","hentry","category-cultura","tag-cultura","tag-peca-teatral","tag-teatro","tag-violencia-contra-mulher","posicao-destaque"],"_links":{"self":[{"href":"https:\/\/cajamar.sp.gov.br\/noticias\/wp-json\/wp\/v2\/posts\/29395","targetHints":{"allow":["GET"]}}],"collection":[{"href":"https:\/\/cajamar.sp.gov.br\/noticias\/wp-json\/wp\/v2\/posts"}],"about":[{"href":"https:\/\/cajamar.sp.gov.br\/noticias\/wp-json\/wp\/v2\/types\/post"}],"author":[{"embeddable":true,"href":"https:\/\/cajamar.sp.gov.br\/noticias\/wp-json\/wp\/v2\/users\/7"}],"replies":[{"embeddable":true,"href":"https:\/\/cajamar.sp.gov.br\/noticias\/wp-json\/wp\/v2\/comments?post=29395"}],"version-history":[{"count":1,"href":"https:\/\/cajamar.sp.gov.br\/noticias\/wp-json\/wp\/v2\/posts\/29395\/revisions"}],"predecessor-version":[{"id":29397,"href":"https:\/\/cajamar.sp.gov.br\/noticias\/wp-json\/wp\/v2\/posts\/29395\/revisions\/29397"}],"wp:featuredmedia":[{"embeddable":true,"href":"https:\/\/cajamar.sp.gov.br\/noticias\/wp-json\/wp\/v2\/media\/29396"}],"wp:attachment":[{"href":"https:\/\/cajamar.sp.gov.br\/noticias\/wp-json\/wp\/v2\/media?parent=29395"}],"wp:term":[{"taxonomy":"category","embeddable":true,"href":"https:\/\/cajamar.sp.gov.br\/noticias\/wp-json\/wp\/v2\/categories?post=29395"},{"taxonomy":"post_tag","embeddable":true,"href":"https:\/\/cajamar.sp.gov.br\/noticias\/wp-json\/wp\/v2\/tags?post=29395"},{"taxonomy":"posicao","embeddable":true,"href":"https:\/\/cajamar.sp.gov.br\/noticias\/wp-json\/wp\/v2\/posicao?post=29395"}],"curies":[{"name":"wp","href":"https:\/\/api.w.org\/{rel}","templated":true}]}}