{"id":29478,"date":"2022-08-17T18:39:58","date_gmt":"2022-08-17T21:39:58","guid":{"rendered":"https:\/\/cajamar.sp.gov.br\/noticias\/?p=29478"},"modified":"2022-08-17T18:39:58","modified_gmt":"2022-08-17T21:39:58","slug":"dia-d-contra-a-poliomielite-e-multivacinacao-para-criancas-e-adolescentes-neste-sabado-20","status":"publish","type":"post","link":"https:\/\/cajamar.sp.gov.br\/noticias\/2022\/08\/17\/dia-d-contra-a-poliomielite-e-multivacinacao-para-criancas-e-adolescentes-neste-sabado-20\/","title":{"rendered":"Dia D contra a Poliomielite e Multivacina\u00e7\u00e3o para crian\u00e7as e adolescentes neste s\u00e1bado (20)"},"content":{"rendered":"\n<figure class=\"wp-block-image size-full\"><a href=\"https:\/\/cajamar.sp.gov.br\/noticias\/wp-content\/uploads\/sites\/2\/2022\/08\/image-14.png\"><img fetchpriority=\"high\" decoding=\"async\" width=\"1200\" height=\"627\" src=\"https:\/\/cajamar.sp.gov.br\/noticias\/wp-content\/uploads\/sites\/2\/2022\/08\/image-14.png\" alt=\"\" class=\"wp-image-29479\" srcset=\"https:\/\/cajamar.sp.gov.br\/noticias\/wp-content\/uploads\/sites\/2\/2022\/08\/image-14.png 1200w, https:\/\/cajamar.sp.gov.br\/noticias\/wp-content\/uploads\/sites\/2\/2022\/08\/image-14-768x401.png 768w\" sizes=\"(max-width: 1200px) 100vw, 1200px\" \/><\/a><\/figure>\n\n\n\n<p>A Prefeitura de Cajamar, atrav\u00e9s da Secretaria Municipal da Sa\u00fade, informa que est\u00e1 iniciada a Campanha Nacional de Vacina\u00e7\u00e3o contra a Poliomielite e de Multivacina\u00e7\u00e3o, para atualiza\u00e7\u00e3o da Caderneta de Vacina\u00e7\u00e3o de menores de 15 anos de idade em Cajamar.<\/p>\n\n\n\n<p>No pr\u00f3ximo s\u00e1bado (20), das 8 \u00e0s 17h, teremos o Dia D de mobiliza\u00e7\u00e3o contra a poliomielite e de multivacina\u00e7\u00e3o, nas unidades de sa\u00fade do munic\u00edpio de Cajamar. Ser\u00e3o aplicadas todas as vacinas recomendadas para esta faixa et\u00e1ria (at\u00e9 14 anos, 11 meses e 29), de acordo com o Plano Nacional de Imuniza\u00e7\u00e3o, mediante an\u00e1lise da caderneta.<\/p>\n\n\n\n<p>A campanha segue at\u00e9 o dia 9 de setembro de 2022, mas esta mobiliza\u00e7\u00e3o no s\u00e1bado tem o objetivo de oferecer uma alternativa para os pais e respons\u00e1veis que n\u00e3o conseguem ir \u00e0 UBS durante a semana.<\/p>\n\n\n\n<h2 class=\"wp-block-heading\">Quem pode se vacinar?<\/h2>\n\n\n\n<p>\ud83d\udc89 Vacina contra a Poliomielite &#8211; crian\u00e7as at\u00e9 5 anos incompletos (4 anos, 11 meses e 29 dias)<\/p>\n\n\n\n<p>\ud83d\udc89 Atualiza\u00e7\u00e3o da caderneta de vacina\u00e7\u00e3o &#8211; Profissionais da sa\u00fade de qualquer idade e crian\u00e7as e adolescentes at\u00e9 15 anos incompletos (14 anos, 11 meses e 29 dias)<\/p>\n\n\n\n<h2 class=\"wp-block-heading\">Documentos necess\u00e1rios:<\/h2>\n\n\n\n<ul class=\"wp-block-list\"><li>Documento com foto ou certid\u00e3o de nascimento, CPF ou cart\u00e3o do SUS e caderneta de vacinas.<\/li><\/ul>\n\n\n\n<p>Confira as Unidades de Sa\u00fade de Cajamar participantes da campanha:<\/p>\n\n\n\n<ul class=\"wp-block-list\"><li>UBS Jordan\u00e9sia<br>Av. Dr. Jo\u00e3o Abdalla n\u00ba 850<br><\/li><li>UBS Parque S\u00e3o Roberto<br>Av. Dr. Jos\u00e9 Lu\u00edz Leme Maciel n\u00ba 179<br><\/li><li>UBS Polvilho<br>Rua Timburi n\u00ba 121 &#8211; Polvilho<br><\/li><li>ESF Manoel In\u00e1cio da Silva<br>Av. das Juritis n\u00ba 385 \u2013 Pq Maria Aparecida\/ Polvilho<br><\/li><li>ESF Belo Planalto<br>Rua Nercilio Jos\u00e9 dos Santos, 58 \u2013 Polvilho<br><\/li><li>ESF Cajamar-Centro<br>Av. Prof. Walter Ribas de Andrade n\u00ba 544 &#8211; Cajamar-Centro<br><\/li><li>ESF Ponunduva<br>Rua Joaquim Rodrigues Pontes n\u00ba 203 \u2013 Ponunduva<br><\/li><li>ESF S\u00e3o Benedito KM 43<br>Rua Bela Vista n\u00ba 1200 &#8211; Bairro do S\u00e3o Benedito<br><\/li><li>ESF Portal<br>Rua das Cravinas n\u00b0 198<br><\/li><li>ESF Guaturinho<br>Rua Barueri n\u00ba 198 \u2013 Guaturinho<\/li><\/ul>\n\n\n\n<p><strong>IMPORTANTE: \u00c9 OBRIGAT\u00d3RIO O USO DE M\u00c1SCARAS NAS UNIDADES DE SA\u00daDE<\/strong><\/p>\n","protected":false},"excerpt":{"rendered":"<p>Confira as Unidades de Sa\u00fade que estar\u00e3o abertas para realizar a atualiza\u00e7\u00e3o da Caderneta de Vacina\u00e7\u00e3o de menores de 15 anos de idade <\/p>\n","protected":false},"author":7,"featured_media":29479,"comment_status":"closed","ping_status":"0","sticky":true,"template":"","format":"standard","meta":{"footnotes":""},"categories":[86],"tags":[1616,1618,1617,246],"posicao":[28],"class_list":["post-29478","post","type-post","status-publish","format-standard","has-post-thumbnail","hentry","category-vacinaja-cajamar","tag-campanha-de-vacinacao","tag-dia-d","tag-polimielite","tag-vacina","posicao-destaque"],"_links":{"self":[{"href":"https:\/\/cajamar.sp.gov.br\/noticias\/wp-json\/wp\/v2\/posts\/29478","targetHints":{"allow":["GET"]}}],"collection":[{"href":"https:\/\/cajamar.sp.gov.br\/noticias\/wp-json\/wp\/v2\/posts"}],"about":[{"href":"https:\/\/cajamar.sp.gov.br\/noticias\/wp-json\/wp\/v2\/types\/post"}],"author":[{"embeddable":true,"href":"https:\/\/cajamar.sp.gov.br\/noticias\/wp-json\/wp\/v2\/users\/7"}],"replies":[{"embeddable":true,"href":"https:\/\/cajamar.sp.gov.br\/noticias\/wp-json\/wp\/v2\/comments?post=29478"}],"version-history":[{"count":1,"href":"https:\/\/cajamar.sp.gov.br\/noticias\/wp-json\/wp\/v2\/posts\/29478\/revisions"}],"predecessor-version":[{"id":29480,"href":"https:\/\/cajamar.sp.gov.br\/noticias\/wp-json\/wp\/v2\/posts\/29478\/revisions\/29480"}],"wp:featuredmedia":[{"embeddable":true,"href":"https:\/\/cajamar.sp.gov.br\/noticias\/wp-json\/wp\/v2\/media\/29479"}],"wp:attachment":[{"href":"https:\/\/cajamar.sp.gov.br\/noticias\/wp-json\/wp\/v2\/media?parent=29478"}],"wp:term":[{"taxonomy":"category","embeddable":true,"href":"https:\/\/cajamar.sp.gov.br\/noticias\/wp-json\/wp\/v2\/categories?post=29478"},{"taxonomy":"post_tag","embeddable":true,"href":"https:\/\/cajamar.sp.gov.br\/noticias\/wp-json\/wp\/v2\/tags?post=29478"},{"taxonomy":"posicao","embeddable":true,"href":"https:\/\/cajamar.sp.gov.br\/noticias\/wp-json\/wp\/v2\/posicao?post=29478"}],"curies":[{"name":"wp","href":"https:\/\/api.w.org\/{rel}","templated":true}]}}