{"id":29523,"date":"2022-08-22T12:58:50","date_gmt":"2022-08-22T15:58:50","guid":{"rendered":"https:\/\/cajamar.sp.gov.br\/noticias\/?p=29523"},"modified":"2022-08-22T14:12:14","modified_gmt":"2022-08-22T17:12:14","slug":"cajamar-tera-desfile-civico-no-dia-7-de-setembro","status":"publish","type":"post","link":"https:\/\/cajamar.sp.gov.br\/noticias\/2022\/08\/22\/cajamar-tera-desfile-civico-no-dia-7-de-setembro\/","title":{"rendered":"Cajamar ter\u00e1 desfile c\u00edvico no dia 7 de setembro"},"content":{"rendered":"\n<figure class=\"wp-block-image size-full\"><a href=\"https:\/\/cajamar.sp.gov.br\/noticias\/wp-content\/uploads\/sites\/2\/2022\/08\/prefeitura-site-materia-1000x700px-1.png\"><img fetchpriority=\"high\" decoding=\"async\" width=\"1000\" height=\"700\" src=\"https:\/\/cajamar.sp.gov.br\/noticias\/wp-content\/uploads\/sites\/2\/2022\/08\/prefeitura-site-materia-1000x700px-1.png\" alt=\"\" class=\"wp-image-29524\" srcset=\"https:\/\/cajamar.sp.gov.br\/noticias\/wp-content\/uploads\/sites\/2\/2022\/08\/prefeitura-site-materia-1000x700px-1.png 1000w, https:\/\/cajamar.sp.gov.br\/noticias\/wp-content\/uploads\/sites\/2\/2022\/08\/prefeitura-site-materia-1000x700px-1-768x538.png 768w\" sizes=\"(max-width: 1000px) 100vw, 1000px\" \/><\/a><\/figure>\n\n\n\n<p>A Prefeitura de Cajamar convida a popula\u00e7\u00e3o para participar das apresenta\u00e7\u00f5es em comemora\u00e7\u00e3o \u00e0 Independ\u00eancia do Brasil, com Desfile C\u00edvico a ser realizado a partir das 10h, na Avenida Professor Walter Ribas de Andrade em Cajamar-Centro.<\/p>\n\n\n\n<p>A cerim\u00f4nia est\u00e1 sendo organizada pela Secretaria de Comunica\u00e7\u00e3o e Gest\u00e3o de Eventos, com o apoio das secretarias municipais, incluindo a Secretaria de Sa\u00fade, Secretaria de Mobilidade e Desenvolvimento Urbano, Secretaria de Educa\u00e7\u00e3o e Secretaria Municipal de Esportes, Lazer e Cultura e Secretaria de Desenvolvimento Social.<\/p>\n\n\n\n<p>De acordo com o Secret\u00e1rio de Comunica\u00e7\u00e3o e Gest\u00e3o de Eventos, Kau\u00e3n Berto, o retorno do desfile c\u00edvico est\u00e1 sendo preparado com muito empenho, ap\u00f3s dois anos suspenso, em raz\u00e3o da pandemia. &#8220;Nosso intuito \u00e9 levar a alegria do 7 de Setembro de volta \u00e0 avenida, com muita aprendizagem para a popula\u00e7\u00e3o cajamarense. Este evento sempre proporciona um resgate importante da hist\u00f3ria do nosso pa\u00eds e enfatiza valores fundamentais para a sociedade como a \u00e9tica, cidadania e patriotismo\u201d, destacou.<\/p>\n\n\n\n<p>O evento contar\u00e1 com aproximadamente 30 entidades do munic\u00edpio que ir\u00e3o participar do desfile, como a Pol\u00edcia Militar, Corpo de Bombeiros, Guarda Civil Municipal, Defesa Civil, Bombeiros Volunt\u00e1rios, Projeto Bravo Jovens, Juventude C\u00edvica de Cajamar (Guarda Mirim), Instituto \u00c1guias do Milenium, APAE de Cajamar e alunos de escolas municipais, estaduais e particulares.<\/p>\n\n\n\n<p>Re\u00fana sua fam\u00edlia e amigos e participe desta cerim\u00f4nia especial!<\/p>\n\n\n\n<p>Evento<\/p>\n\n\n\n<p>Desfile C\u00edvico 7 de Setembro<br>Dia: 7 de setembro de 2022 (quarta-feira)<br>Hor\u00e1rio da concentra\u00e7\u00e3o dos participantes: 9h<br>In\u00edcio do Desfile: 10h<br>Av. Professor Walter Ribas de Andrade, 1284 &#8211; Vila Nova\/Cajamar<\/p>\n","protected":false},"excerpt":{"rendered":"<p>O evento contar\u00e1 com a participa\u00e7\u00e3o de diversas entidades e alunos de escolas particulares e municipais <\/p>\n","protected":false},"author":7,"featured_media":29524,"comment_status":"closed","ping_status":"0","sticky":true,"template":"","format":"standard","meta":{"footnotes":""},"categories":[26],"tags":[1628,1629,1116],"posicao":[28],"class_list":["post-29523","post","type-post","status-publish","format-standard","has-post-thumbnail","hentry","category-eventos","tag-7-de-setembro","tag-desfile","tag-evento","posicao-destaque"],"_links":{"self":[{"href":"https:\/\/cajamar.sp.gov.br\/noticias\/wp-json\/wp\/v2\/posts\/29523","targetHints":{"allow":["GET"]}}],"collection":[{"href":"https:\/\/cajamar.sp.gov.br\/noticias\/wp-json\/wp\/v2\/posts"}],"about":[{"href":"https:\/\/cajamar.sp.gov.br\/noticias\/wp-json\/wp\/v2\/types\/post"}],"author":[{"embeddable":true,"href":"https:\/\/cajamar.sp.gov.br\/noticias\/wp-json\/wp\/v2\/users\/7"}],"replies":[{"embeddable":true,"href":"https:\/\/cajamar.sp.gov.br\/noticias\/wp-json\/wp\/v2\/comments?post=29523"}],"version-history":[{"count":2,"href":"https:\/\/cajamar.sp.gov.br\/noticias\/wp-json\/wp\/v2\/posts\/29523\/revisions"}],"predecessor-version":[{"id":29526,"href":"https:\/\/cajamar.sp.gov.br\/noticias\/wp-json\/wp\/v2\/posts\/29523\/revisions\/29526"}],"wp:featuredmedia":[{"embeddable":true,"href":"https:\/\/cajamar.sp.gov.br\/noticias\/wp-json\/wp\/v2\/media\/29524"}],"wp:attachment":[{"href":"https:\/\/cajamar.sp.gov.br\/noticias\/wp-json\/wp\/v2\/media?parent=29523"}],"wp:term":[{"taxonomy":"category","embeddable":true,"href":"https:\/\/cajamar.sp.gov.br\/noticias\/wp-json\/wp\/v2\/categories?post=29523"},{"taxonomy":"post_tag","embeddable":true,"href":"https:\/\/cajamar.sp.gov.br\/noticias\/wp-json\/wp\/v2\/tags?post=29523"},{"taxonomy":"posicao","embeddable":true,"href":"https:\/\/cajamar.sp.gov.br\/noticias\/wp-json\/wp\/v2\/posicao?post=29523"}],"curies":[{"name":"wp","href":"https:\/\/api.w.org\/{rel}","templated":true}]}}