{"id":29643,"date":"2022-09-01T09:05:00","date_gmt":"2022-09-01T12:05:00","guid":{"rendered":"https:\/\/cajamar.sp.gov.br\/noticias\/?p=29643"},"modified":"2022-09-01T09:06:05","modified_gmt":"2022-09-01T12:06:05","slug":"prefeitura-de-cajamar-promove-campanha-setembro-amarelo","status":"publish","type":"post","link":"https:\/\/cajamar.sp.gov.br\/noticias\/2022\/09\/01\/prefeitura-de-cajamar-promove-campanha-setembro-amarelo\/","title":{"rendered":"Prefeitura de Cajamar promove Campanha Setembro Amarelo"},"content":{"rendered":"\n<figure class=\"wp-block-image size-full\"><a href=\"https:\/\/cajamar.sp.gov.br\/noticias\/wp-content\/uploads\/sites\/2\/2022\/09\/site-setembro-amarelo.jpg\"><img fetchpriority=\"high\" decoding=\"async\" width=\"1000\" height=\"700\" src=\"https:\/\/cajamar.sp.gov.br\/noticias\/wp-content\/uploads\/sites\/2\/2022\/09\/site-setembro-amarelo.jpg\" alt=\"\" class=\"wp-image-29644\" srcset=\"https:\/\/cajamar.sp.gov.br\/noticias\/wp-content\/uploads\/sites\/2\/2022\/09\/site-setembro-amarelo.jpg 1000w, https:\/\/cajamar.sp.gov.br\/noticias\/wp-content\/uploads\/sites\/2\/2022\/09\/site-setembro-amarelo-768x538.jpg 768w\" sizes=\"(max-width: 1000px) 100vw, 1000px\" \/><\/a><figcaption>\u00a9\ufe0f Prefeitura de Cajamar<\/figcaption><\/figure>\n\n\n\n<p>A campanha do <strong>Setembro Amarelo<\/strong> tem por objetivo conscientizar a popula\u00e7\u00e3o sobre o suic\u00eddio, bem como evitar ocorr\u00eancias. A <strong>campanha<\/strong> teve in\u00edcio nesta <strong>quinta-feira<\/strong>, <strong>dia 1\u00ba<\/strong>, durante todo o m\u00eas ser\u00e1 realizado um movimento de conscientiza\u00e7\u00e3o como forma de incentivo para as pessoas cuidarem de sua sa\u00fade mental, promovendo a valoriza\u00e7\u00e3o da vida e a redu\u00e7\u00e3o das taxas de suic\u00eddios.<\/p>\n\n\n\n<p>As atividades ser\u00e3o promovidas pelas <strong>Secretarias de Sa\u00fade<\/strong>, <strong>Educa\u00e7\u00e3o<\/strong>, <strong>Comunica\u00e7\u00e3o<\/strong>, <strong>Esportes<\/strong>, <strong>Desenvolvimento Social<\/strong>, <strong>Conselheiros Municipais<\/strong>, e as equipes de <strong>Aten\u00e7\u00e3o B\u00e1sica<\/strong> e <strong>Aten\u00e7\u00e3o Especializada<\/strong>. Dentre as a\u00e7\u00f5es que acontecer\u00e3o no m\u00eas de setembro, est\u00e3o: rodas de conversas e a\u00e7\u00f5es em escolas e UBS, assim como capacita\u00e7\u00e3o para servidores e palestra aberta ao p\u00fablico, com intuito de informar, esclarecer e conscientizar a sociedade civil a respeito da preven\u00e7\u00e3o do suic\u00eddio.<\/p>\n\n\n\n<p>A iniciativa, que se estende por todo o m\u00eas de Setembro, tem como data principal o dia <strong>10\/9 &#8211; Dia Mundial de Preven\u00e7\u00e3o ao Suic\u00eddio<\/strong>. As mortes por suic\u00eddio podem e devem ser evitadas. Por isso, devemos transmitir corretamente e de forma respons\u00e1vel as informa\u00e7\u00f5es para a sociedade. E dessa forma poderemos contribuir com a diminui\u00e7\u00e3o dos n\u00fameros dessas ocorr\u00eancias.<\/p>\n","protected":false},"excerpt":{"rendered":"<p>Movimento de conscientiza\u00e7\u00e3o visa promover cuidados com a sa\u00fade mental, reduzir as taxas de suic\u00eddios e apresentar formas de preven\u00e7\u00e3o<\/p>\n","protected":false},"author":7,"featured_media":29644,"comment_status":"closed","ping_status":"0","sticky":true,"template":"","format":"standard","meta":{"footnotes":""},"categories":[2],"tags":[1651,1652,1649,1434,1647,105,933,1653,952,1650],"posicao":[28],"class_list":["post-29643","post","type-post","status-publish","format-standard","has-post-thumbnail","hentry","category-saude","tag-atencao-basica","tag-atencao-especializada","tag-campanha-contra-o-suicidio","tag-palestras","tag-psicologo","tag-saude","tag-saude-mental","tag-setembro","tag-setembro-amarelo","tag-suicidio","posicao-destaque"],"_links":{"self":[{"href":"https:\/\/cajamar.sp.gov.br\/noticias\/wp-json\/wp\/v2\/posts\/29643","targetHints":{"allow":["GET"]}}],"collection":[{"href":"https:\/\/cajamar.sp.gov.br\/noticias\/wp-json\/wp\/v2\/posts"}],"about":[{"href":"https:\/\/cajamar.sp.gov.br\/noticias\/wp-json\/wp\/v2\/types\/post"}],"author":[{"embeddable":true,"href":"https:\/\/cajamar.sp.gov.br\/noticias\/wp-json\/wp\/v2\/users\/7"}],"replies":[{"embeddable":true,"href":"https:\/\/cajamar.sp.gov.br\/noticias\/wp-json\/wp\/v2\/comments?post=29643"}],"version-history":[{"count":1,"href":"https:\/\/cajamar.sp.gov.br\/noticias\/wp-json\/wp\/v2\/posts\/29643\/revisions"}],"predecessor-version":[{"id":29650,"href":"https:\/\/cajamar.sp.gov.br\/noticias\/wp-json\/wp\/v2\/posts\/29643\/revisions\/29650"}],"wp:featuredmedia":[{"embeddable":true,"href":"https:\/\/cajamar.sp.gov.br\/noticias\/wp-json\/wp\/v2\/media\/29644"}],"wp:attachment":[{"href":"https:\/\/cajamar.sp.gov.br\/noticias\/wp-json\/wp\/v2\/media?parent=29643"}],"wp:term":[{"taxonomy":"category","embeddable":true,"href":"https:\/\/cajamar.sp.gov.br\/noticias\/wp-json\/wp\/v2\/categories?post=29643"},{"taxonomy":"post_tag","embeddable":true,"href":"https:\/\/cajamar.sp.gov.br\/noticias\/wp-json\/wp\/v2\/tags?post=29643"},{"taxonomy":"posicao","embeddable":true,"href":"https:\/\/cajamar.sp.gov.br\/noticias\/wp-json\/wp\/v2\/posicao?post=29643"}],"curies":[{"name":"wp","href":"https:\/\/api.w.org\/{rel}","templated":true}]}}