{"id":29695,"date":"2022-09-06T12:40:35","date_gmt":"2022-09-06T15:40:35","guid":{"rendered":"https:\/\/cajamar.sp.gov.br\/noticias\/?p=29695"},"modified":"2022-09-06T12:40:35","modified_gmt":"2022-09-06T15:40:35","slug":"camara-municipal-sedia-palestra-sobre-prevencao-ao-suicidio","status":"publish","type":"post","link":"https:\/\/cajamar.sp.gov.br\/noticias\/2022\/09\/06\/camara-municipal-sedia-palestra-sobre-prevencao-ao-suicidio\/","title":{"rendered":"C\u00e2mara Municipal sedia palestra sobre preven\u00e7\u00e3o ao suic\u00eddio"},"content":{"rendered":"\n<figure class=\"wp-block-image size-full\"><a href=\"https:\/\/cajamar.sp.gov.br\/noticias\/wp-content\/uploads\/sites\/2\/2022\/09\/image-10.png\"><img fetchpriority=\"high\" decoding=\"async\" width=\"1200\" height=\"627\" src=\"https:\/\/cajamar.sp.gov.br\/noticias\/wp-content\/uploads\/sites\/2\/2022\/09\/image-10.png\" alt=\"\" class=\"wp-image-29696\" srcset=\"https:\/\/cajamar.sp.gov.br\/noticias\/wp-content\/uploads\/sites\/2\/2022\/09\/image-10.png 1200w, https:\/\/cajamar.sp.gov.br\/noticias\/wp-content\/uploads\/sites\/2\/2022\/09\/image-10-768x401.png 768w\" sizes=\"(max-width: 1200px) 100vw, 1200px\" \/><\/a><figcaption>\u00a9\ufe0f Prefeitura de Cajamar<\/figcaption><\/figure>\n\n\n\n<p>O Departamento de Aten\u00e7\u00e3o Especializada da Secretaria Municipal de Sa\u00fade de Cajamar vai realizar, no pr\u00f3ximo dia 9 de setembro \u00e0s 9h, na C\u00e2mara Municipal, uma palestra aberta ao p\u00fablico com o tema &#8220;Conscientiza\u00e7\u00e3o e Preven\u00e7\u00e3o ao Suic\u00eddio&#8221;.<\/p>\n\n\n\n<p>Ministrada pela psic\u00f3loga Joely Bento, a palestra faz parte do cronograma de a\u00e7\u00f5es da Campanha Setembro Amarelo, movimento de conscientiza\u00e7\u00e3o que visa promover cuidados com a sa\u00fade mental, reduzir as taxas de suic\u00eddio e apresentar formas de preven\u00e7\u00e3o.<\/p>\n\n\n\n<p>Em Cajamar, durante todo o m\u00eas ser\u00e3o promovidas a\u00e7\u00f5es como rodas de conversas e atividades em escolas e UBS, assim como capacita\u00e7\u00e3o para servidores e palestra aberta ao p\u00fablico com intuito de informar, esclarecer e conscientizar a sociedade civil a respeito da preven\u00e7\u00e3o do suic\u00eddio.<\/p>\n\n\n\n<p>Na palestra, o p\u00fablico poder\u00e1 conhecer dados a respeito do problema a fim de quebrar mitos e tabus referentes ao suic\u00eddio. A palestrante ainda apresentar\u00e1 orienta\u00e7\u00f5es sobre como identificar atitudes suicidas, a fim de conscientizar sobre a import\u00e2ncia em buscar o apoio de pessoas pr\u00f3ximas, e, principalmente, procurar ajuda profissional para iniciar um tratamento adequado.<\/p>\n\n\n\n<p><strong>SERVI\u00c7O:<br>Palestra &#8220;Conscientiza\u00e7\u00e3o e Preven\u00e7\u00e3o ao Suic\u00eddio&#8221;<br>Ministrada pela psic\u00f3loga Joely Bento<br>Dia 9\/9\/2022 \u00e0s 9h<br>Local: C\u00e2mara Municipal de Cajamar<br>Av. Prof. Walter Ribas de Andrade n\u00b0 555, Cajamar Centro.<\/strong><\/p>\n","protected":false},"excerpt":{"rendered":"<p>Aberta ao p\u00fablico, a\u00e7\u00e3o faz parte das atividades da Campanha Setembro Amarelo, que visa promover cuidados com a sa\u00fade mental e prevenir o suic\u00eddio<\/p>\n","protected":false},"author":7,"featured_media":29696,"comment_status":"closed","ping_status":"0","sticky":true,"template":"","format":"standard","meta":{"footnotes":""},"categories":[2],"tags":[1652,853,933,952,1650],"posicao":[28],"class_list":["post-29695","post","type-post","status-publish","format-standard","has-post-thumbnail","hentry","category-saude","tag-atencao-especializada","tag-palestra","tag-saude-mental","tag-setembro-amarelo","tag-suicidio","posicao-destaque"],"_links":{"self":[{"href":"https:\/\/cajamar.sp.gov.br\/noticias\/wp-json\/wp\/v2\/posts\/29695","targetHints":{"allow":["GET"]}}],"collection":[{"href":"https:\/\/cajamar.sp.gov.br\/noticias\/wp-json\/wp\/v2\/posts"}],"about":[{"href":"https:\/\/cajamar.sp.gov.br\/noticias\/wp-json\/wp\/v2\/types\/post"}],"author":[{"embeddable":true,"href":"https:\/\/cajamar.sp.gov.br\/noticias\/wp-json\/wp\/v2\/users\/7"}],"replies":[{"embeddable":true,"href":"https:\/\/cajamar.sp.gov.br\/noticias\/wp-json\/wp\/v2\/comments?post=29695"}],"version-history":[{"count":1,"href":"https:\/\/cajamar.sp.gov.br\/noticias\/wp-json\/wp\/v2\/posts\/29695\/revisions"}],"predecessor-version":[{"id":29697,"href":"https:\/\/cajamar.sp.gov.br\/noticias\/wp-json\/wp\/v2\/posts\/29695\/revisions\/29697"}],"wp:featuredmedia":[{"embeddable":true,"href":"https:\/\/cajamar.sp.gov.br\/noticias\/wp-json\/wp\/v2\/media\/29696"}],"wp:attachment":[{"href":"https:\/\/cajamar.sp.gov.br\/noticias\/wp-json\/wp\/v2\/media?parent=29695"}],"wp:term":[{"taxonomy":"category","embeddable":true,"href":"https:\/\/cajamar.sp.gov.br\/noticias\/wp-json\/wp\/v2\/categories?post=29695"},{"taxonomy":"post_tag","embeddable":true,"href":"https:\/\/cajamar.sp.gov.br\/noticias\/wp-json\/wp\/v2\/tags?post=29695"},{"taxonomy":"posicao","embeddable":true,"href":"https:\/\/cajamar.sp.gov.br\/noticias\/wp-json\/wp\/v2\/posicao?post=29695"}],"curies":[{"name":"wp","href":"https:\/\/api.w.org\/{rel}","templated":true}]}}