{"id":29826,"date":"2022-09-18T20:08:48","date_gmt":"2022-09-18T23:08:48","guid":{"rendered":"https:\/\/cajamar.sp.gov.br\/noticias\/?p=29826"},"modified":"2022-09-18T20:08:48","modified_gmt":"2022-09-18T23:08:48","slug":"cajamar-tera-tres-dias-de-festa-nordestina-com-muitos-shows","status":"publish","type":"post","link":"https:\/\/cajamar.sp.gov.br\/noticias\/2022\/09\/18\/cajamar-tera-tres-dias-de-festa-nordestina-com-muitos-shows\/","title":{"rendered":"Cajamar ter\u00e1 tr\u00eas dias de Festa Nordestina com muitos shows"},"content":{"rendered":"\n<figure class=\"wp-block-image size-full\"><img fetchpriority=\"high\" decoding=\"async\" width=\"1000\" height=\"700\" src=\"https:\/\/cajamar.sp.gov.br\/noticias\/wp-content\/uploads\/sites\/2\/2022\/09\/site-todos-os-artistas_2.png\" alt=\"\" class=\"wp-image-29827\" srcset=\"https:\/\/cajamar.sp.gov.br\/noticias\/wp-content\/uploads\/sites\/2\/2022\/09\/site-todos-os-artistas_2.png 1000w, https:\/\/cajamar.sp.gov.br\/noticias\/wp-content\/uploads\/sites\/2\/2022\/09\/site-todos-os-artistas_2-768x538.png 768w\" sizes=\"(max-width: 1000px) 100vw, 1000px\" \/><figcaption>CAJAMAR TER\u00c1 TR\u00caS DIAS DE FESTA NORDESTINA COM MUITOS SHOWS<\/figcaption><\/figure>\n\n\n\n<p>\ud83d\udd06 Est\u00e1 chegando o dia da grande Festa Nordestina de Cajamar! Ser\u00e3o tr\u00eas dias repletos de atra\u00e7\u00f5es e muita divers\u00e3o para a popula\u00e7\u00e3o cajamarense! \ud83c\udf89<\/p>\n\n\n\n<p>\ud83e\udd20 Essa festa arretada acontecer\u00e1 nos dias 07, 08 e 09 de outubro com apresenta\u00e7\u00f5es de artistas locais \ud83c\udfb6, barracas de alimentos \ud83e\udd58, bebidas \ud83e\udd64, e tamb\u00e9m comidas t\u00edpicas com as del\u00edcias do Nordeste \ud83d\ude0b<\/p>\n\n\n\n<p>\ud83c\udf35 E para ficar ainda mais animado, teremos grandes shows com artistas renomados \ud83d\udd7a. Confira a programa\u00e7\u00e3o completa, avise sua fam\u00edlia e amigos e venha se divertir neste evento pra l\u00e1 de especial! \ud83c\udf89<\/p>\n\n\n\n<p>PROGRAMA\u00c7\u00c3O DA FESTA NORDESTINA \u2935\ufe0f<\/p>\n\n\n\n<p>\u25aa\ufe0f 07\/10 (sexta), a partir das 18h \u2013 Tayrone \/ L\u00e9o Santana<br>\u25aa\ufe0f 08\/10 (s\u00e1bado), a partir das 15h &#8211; Ac\u00e1cio \/ Magn\u00edficos \/ Unha Pintada<br>\u25aa\ufe0f 09\/10 (domingo), a partir das 15h &#8211; Pablo \/ Tierry<\/p>\n\n\n\n<p>\ud83d\udccd Centro de Eventos \u2018Boi\u00f3dromo\u2019<br>\ud83d\udce6 Entrada: 1kg de alimento n\u00e3o perec\u00edvel (exceto sal e a\u00e7\u00facar)<\/p>\n","protected":false},"excerpt":{"rendered":"<p>Entrada: 1kg de alimento n\u00e3o perec\u00edvel (exceto sal e a\u00e7\u00facar)<\/p>\n","protected":false},"author":7,"featured_media":29827,"comment_status":"closed","ping_status":"0","sticky":true,"template":"","format":"standard","meta":{"footnotes":""},"categories":[26],"tags":[960,1675,1377,1656,1642,1674],"posicao":[28],"class_list":["post-29826","post","type-post","status-publish","format-standard","has-post-thumbnail","hentry","category-eventos","tag-boiodromo","tag-comida-tipica","tag-festa","tag-festa-nordestina","tag-nordeste","tag-nordestina","posicao-destaque"],"_links":{"self":[{"href":"https:\/\/cajamar.sp.gov.br\/noticias\/wp-json\/wp\/v2\/posts\/29826","targetHints":{"allow":["GET"]}}],"collection":[{"href":"https:\/\/cajamar.sp.gov.br\/noticias\/wp-json\/wp\/v2\/posts"}],"about":[{"href":"https:\/\/cajamar.sp.gov.br\/noticias\/wp-json\/wp\/v2\/types\/post"}],"author":[{"embeddable":true,"href":"https:\/\/cajamar.sp.gov.br\/noticias\/wp-json\/wp\/v2\/users\/7"}],"replies":[{"embeddable":true,"href":"https:\/\/cajamar.sp.gov.br\/noticias\/wp-json\/wp\/v2\/comments?post=29826"}],"version-history":[{"count":1,"href":"https:\/\/cajamar.sp.gov.br\/noticias\/wp-json\/wp\/v2\/posts\/29826\/revisions"}],"predecessor-version":[{"id":29828,"href":"https:\/\/cajamar.sp.gov.br\/noticias\/wp-json\/wp\/v2\/posts\/29826\/revisions\/29828"}],"wp:featuredmedia":[{"embeddable":true,"href":"https:\/\/cajamar.sp.gov.br\/noticias\/wp-json\/wp\/v2\/media\/29827"}],"wp:attachment":[{"href":"https:\/\/cajamar.sp.gov.br\/noticias\/wp-json\/wp\/v2\/media?parent=29826"}],"wp:term":[{"taxonomy":"category","embeddable":true,"href":"https:\/\/cajamar.sp.gov.br\/noticias\/wp-json\/wp\/v2\/categories?post=29826"},{"taxonomy":"post_tag","embeddable":true,"href":"https:\/\/cajamar.sp.gov.br\/noticias\/wp-json\/wp\/v2\/tags?post=29826"},{"taxonomy":"posicao","embeddable":true,"href":"https:\/\/cajamar.sp.gov.br\/noticias\/wp-json\/wp\/v2\/posicao?post=29826"}],"curies":[{"name":"wp","href":"https:\/\/api.w.org\/{rel}","templated":true}]}}