{"id":29924,"date":"2022-09-29T17:44:02","date_gmt":"2022-09-29T20:44:02","guid":{"rendered":"https:\/\/cajamar.sp.gov.br\/noticias\/?p=29924"},"modified":"2022-09-29T17:44:02","modified_gmt":"2022-09-29T20:44:02","slug":"liberada-a-vacinacao-contra-covid-19-para-criancas-de-3-e-4-anos-sem-comorbidades","status":"publish","type":"post","link":"https:\/\/cajamar.sp.gov.br\/noticias\/2022\/09\/29\/liberada-a-vacinacao-contra-covid-19-para-criancas-de-3-e-4-anos-sem-comorbidades\/","title":{"rendered":"Liberada a vacina\u00e7\u00e3o contra Covid-19 para crian\u00e7as de 3 e 4 anos sem comorbidades"},"content":{"rendered":"\n<figure class=\"wp-block-image size-large\"><img fetchpriority=\"high\" decoding=\"async\" width=\"1280\" height=\"853\" src=\"https:\/\/cajamar.sp.gov.br\/noticias\/wp-content\/uploads\/sites\/2\/2022\/09\/image-32-1280x853.png\" alt=\"\" class=\"wp-image-29925\" srcset=\"https:\/\/cajamar.sp.gov.br\/noticias\/wp-content\/uploads\/sites\/2\/2022\/09\/image-32-1280x853.png 1280w, https:\/\/cajamar.sp.gov.br\/noticias\/wp-content\/uploads\/sites\/2\/2022\/09\/image-32-768x512.png 768w, https:\/\/cajamar.sp.gov.br\/noticias\/wp-content\/uploads\/sites\/2\/2022\/09\/image-32-1536x1024.png 1536w, https:\/\/cajamar.sp.gov.br\/noticias\/wp-content\/uploads\/sites\/2\/2022\/09\/image-32.png 2048w\" sizes=\"(max-width: 1280px) 100vw, 1280px\" \/><\/figure>\n\n\n\n<p>A partir desta sexta-feira (30), a Secretaria da Sa\u00fade de Cajamar ir\u00e1 iniciar a vacina\u00e7\u00e3o contra a COVID-19 para crian\u00e7as de 3 a 4 anos 11 meses e 29 dias, sem comorbidades. A vacina utilizada nas crian\u00e7as de 3 e 4 anos \u00e9 a CoronaVac, conforme recomenda\u00e7\u00e3o do Minist\u00e9rio da Sa\u00fade, em duas doses, com intervalo de 28 dias.<\/p>\n\n\n\n<p>Para ser vacinado, \u00e9 necess\u00e1rio apresentar documento com foto ou certid\u00e3o de nascimento, cart\u00e3o do SUS e caderneta de vacinas. Confira as unidades de sa\u00fade que est\u00e3o com as vacinas contra COVID-19 dispon\u00edveis para esta faixa et\u00e1ria:<\/p>\n\n\n\n<p><strong>Atendimento de segunda a sexta, das 07h \u00e0s 16h:<\/strong><\/p>\n\n\n\n<p>\u2022 <strong>USF VER. JOAQUIM ALVES DE CASTRO (Cajamar Centro)<\/strong><br>Av. Prof. Walter Ribas de Andrade n\u00ba 544<\/p>\n\n\n\n<p><strong>Atendimento de segunda a sexta, das 08h \u00e0s 17h:<\/strong><\/p>\n\n\n\n<p>\u2022 <strong>UBS DRA. ISABEL GRATIERI (Polvilho)<\/strong><br>Rua Timburi n\u00ba 121 \u2013 Polvilho<\/p>\n\n\n\n<p>\u2022 <strong>UBS ENF. CARLOS MOREIRA DA SILVA (Jordan\u00e9sia)<\/strong><br>Av. Ant\u00f4nio C\u00e2ndido Machado n\u00ba 1769<\/p>\n","protected":false},"excerpt":{"rendered":"<p>Confira a unidade de sa\u00fade mais pr\u00f3xima e leve seu filho para ser imunizado contra o coronav\u00edrus<\/p>\n","protected":false},"author":7,"featured_media":29925,"comment_status":"closed","ping_status":"0","sticky":true,"template":"","format":"standard","meta":{"footnotes":""},"categories":[34,86],"tags":[1684,1685,1631,1632,70,105,246],"posicao":[28],"class_list":["post-29924","post","type-post","status-publish","format-standard","has-post-thumbnail","hentry","category-coronavirus","category-vacinaja-cajamar","tag-03-anos","tag-04-anos","tag-3-anos","tag-4-anos","tag-coronavirus","tag-saude","tag-vacina","posicao-destaque"],"_links":{"self":[{"href":"https:\/\/cajamar.sp.gov.br\/noticias\/wp-json\/wp\/v2\/posts\/29924","targetHints":{"allow":["GET"]}}],"collection":[{"href":"https:\/\/cajamar.sp.gov.br\/noticias\/wp-json\/wp\/v2\/posts"}],"about":[{"href":"https:\/\/cajamar.sp.gov.br\/noticias\/wp-json\/wp\/v2\/types\/post"}],"author":[{"embeddable":true,"href":"https:\/\/cajamar.sp.gov.br\/noticias\/wp-json\/wp\/v2\/users\/7"}],"replies":[{"embeddable":true,"href":"https:\/\/cajamar.sp.gov.br\/noticias\/wp-json\/wp\/v2\/comments?post=29924"}],"version-history":[{"count":1,"href":"https:\/\/cajamar.sp.gov.br\/noticias\/wp-json\/wp\/v2\/posts\/29924\/revisions"}],"predecessor-version":[{"id":29926,"href":"https:\/\/cajamar.sp.gov.br\/noticias\/wp-json\/wp\/v2\/posts\/29924\/revisions\/29926"}],"wp:featuredmedia":[{"embeddable":true,"href":"https:\/\/cajamar.sp.gov.br\/noticias\/wp-json\/wp\/v2\/media\/29925"}],"wp:attachment":[{"href":"https:\/\/cajamar.sp.gov.br\/noticias\/wp-json\/wp\/v2\/media?parent=29924"}],"wp:term":[{"taxonomy":"category","embeddable":true,"href":"https:\/\/cajamar.sp.gov.br\/noticias\/wp-json\/wp\/v2\/categories?post=29924"},{"taxonomy":"post_tag","embeddable":true,"href":"https:\/\/cajamar.sp.gov.br\/noticias\/wp-json\/wp\/v2\/tags?post=29924"},{"taxonomy":"posicao","embeddable":true,"href":"https:\/\/cajamar.sp.gov.br\/noticias\/wp-json\/wp\/v2\/posicao?post=29924"}],"curies":[{"name":"wp","href":"https:\/\/api.w.org\/{rel}","templated":true}]}}