{"id":29927,"date":"2022-09-30T11:05:38","date_gmt":"2022-09-30T14:05:38","guid":{"rendered":"https:\/\/cajamar.sp.gov.br\/noticias\/?p=29927"},"modified":"2022-09-30T11:05:38","modified_gmt":"2022-09-30T14:05:38","slug":"saude-amplia-cobertura-de-atencao-primaria-no-municipio","status":"publish","type":"post","link":"https:\/\/cajamar.sp.gov.br\/noticias\/2022\/09\/30\/saude-amplia-cobertura-de-atencao-primaria-no-municipio\/","title":{"rendered":"Sa\u00fade amplia cobertura de Aten\u00e7\u00e3o Prim\u00e1ria no munic\u00edpio"},"content":{"rendered":"\n<figure class=\"wp-block-image size-full\"><a href=\"https:\/\/cajamar.sp.gov.br\/noticias\/wp-content\/uploads\/sites\/2\/2022\/09\/image-33.png\"><img fetchpriority=\"high\" decoding=\"async\" width=\"1200\" height=\"627\" src=\"https:\/\/cajamar.sp.gov.br\/noticias\/wp-content\/uploads\/sites\/2\/2022\/09\/image-33.png\" alt=\"\" class=\"wp-image-29928\" srcset=\"https:\/\/cajamar.sp.gov.br\/noticias\/wp-content\/uploads\/sites\/2\/2022\/09\/image-33.png 1200w, https:\/\/cajamar.sp.gov.br\/noticias\/wp-content\/uploads\/sites\/2\/2022\/09\/image-33-768x401.png 768w\" sizes=\"(max-width: 1200px) 100vw, 1200px\" \/><\/a><\/figure>\n\n\n\n<p>A Secretaria Municipal de Sa\u00fade ampliou a cobertura de Aten\u00e7\u00e3o Prim\u00e1ria e instituiu mais uma unidade de Estrat\u00e9gia de Sa\u00fade da Fam\u00edlia no munic\u00edpio. A nova equipe ter\u00e1 como sede a UBS Enfermeira Leontina Martins Fran\u00e7a (Parque S\u00e3o Roberto), para atender moradores da regi\u00e3o.<\/p>\n\n\n\n<p>A Estrat\u00e9gia de Sa\u00fade da Fam\u00edlia tem como intuito estabelecer v\u00ednculo com a popula\u00e7\u00e3o, possibilitando o compromisso e a co-responsabilidade dos profissionais com os usu\u00e1rios e a comunidade. O objetivo principal \u00e9 ampliar as fronteiras de atua\u00e7\u00e3o, proporcionando um acompanhamento mais direto referente aos servi\u00e7os de sa\u00fade para a popula\u00e7\u00e3o.<\/p>\n\n\n\n<p>Al\u00e9m disso, tem como estrat\u00e9gia de trabalho: conhecer a realidade das fam\u00edlias pelas quais \u00e9 respons\u00e1vel, por meio de cadastramento e diagn\u00f3stico de suas caracter\u00edsticas sociais, demogr\u00e1ficas e epidemiol\u00f3gicas; identificar os principais problemas de sa\u00fade e situa\u00e7\u00f5es de risco \u00e0s quais a popula\u00e7\u00e3o que ela atende est\u00e1 exposta; e prestar assist\u00eancia integral, organizando o fluxo de encaminhamento para os demais n\u00edveis de atendimento, quando se fizer necess\u00e1rio.<\/p>\n\n\n\n<p>O novo servi\u00e7o que est\u00e1 em fase de cadastramento da popula\u00e7\u00e3o e reconhecimento do territ\u00f3rio. Durante as pr\u00f3ximas semanas, as Agentes Comunit\u00e1rias de Sa\u00fade visitar\u00e3o os moradores do bairro Parque S\u00e3o Roberto para realizar os cadastros individuais e familiares. Esses profissionais estar\u00e3o devidamente uniformizados com colete azul e crach\u00e1 de identifica\u00e7\u00e3o profissional.<\/p>\n\n\n\n<p>\u00c9 muito importante que os moradores os recebam e forne\u00e7am as informa\u00e7\u00f5es necess\u00e1rias, quanto aos dados pessoais e informa\u00e7\u00f5es de sa\u00fade, para que a equipe de sa\u00fade possa definir as melhores estrat\u00e9gias de cuidados a serem dispensados aos pacientes. Os documentos solicitados s\u00e3o: Cart\u00e3o do SUS, RG, CPF, al\u00e9m de informa\u00e7\u00f5es de sa\u00fade e meios para contato.<\/p>\n\n\n\n<p>Receba bem a sua Agente Comunit\u00e1ria de Sa\u00fade, ela ser\u00e1 uma importante parceira nos cuidados \u00e0 sua sa\u00fade.<\/p>\n","protected":false},"excerpt":{"rendered":"<p>A nova equipe ter\u00e1 como sede a Unidade de Sa\u00fade localizada no Parque S\u00e3o Roberto, para atender moradores da regi\u00e3o<\/p>\n","protected":false},"author":34,"featured_media":29928,"comment_status":"closed","ping_status":"0","sticky":true,"template":"","format":"standard","meta":{"footnotes":""},"categories":[2],"tags":[352,105,757],"posicao":[28],"class_list":["post-29927","post","type-post","status-publish","format-standard","has-post-thumbnail","hentry","category-saude","tag-atencao-primaria","tag-saude","tag-ubs","posicao-destaque"],"_links":{"self":[{"href":"https:\/\/cajamar.sp.gov.br\/noticias\/wp-json\/wp\/v2\/posts\/29927","targetHints":{"allow":["GET"]}}],"collection":[{"href":"https:\/\/cajamar.sp.gov.br\/noticias\/wp-json\/wp\/v2\/posts"}],"about":[{"href":"https:\/\/cajamar.sp.gov.br\/noticias\/wp-json\/wp\/v2\/types\/post"}],"author":[{"embeddable":true,"href":"https:\/\/cajamar.sp.gov.br\/noticias\/wp-json\/wp\/v2\/users\/34"}],"replies":[{"embeddable":true,"href":"https:\/\/cajamar.sp.gov.br\/noticias\/wp-json\/wp\/v2\/comments?post=29927"}],"version-history":[{"count":1,"href":"https:\/\/cajamar.sp.gov.br\/noticias\/wp-json\/wp\/v2\/posts\/29927\/revisions"}],"predecessor-version":[{"id":29929,"href":"https:\/\/cajamar.sp.gov.br\/noticias\/wp-json\/wp\/v2\/posts\/29927\/revisions\/29929"}],"wp:featuredmedia":[{"embeddable":true,"href":"https:\/\/cajamar.sp.gov.br\/noticias\/wp-json\/wp\/v2\/media\/29928"}],"wp:attachment":[{"href":"https:\/\/cajamar.sp.gov.br\/noticias\/wp-json\/wp\/v2\/media?parent=29927"}],"wp:term":[{"taxonomy":"category","embeddable":true,"href":"https:\/\/cajamar.sp.gov.br\/noticias\/wp-json\/wp\/v2\/categories?post=29927"},{"taxonomy":"post_tag","embeddable":true,"href":"https:\/\/cajamar.sp.gov.br\/noticias\/wp-json\/wp\/v2\/tags?post=29927"},{"taxonomy":"posicao","embeddable":true,"href":"https:\/\/cajamar.sp.gov.br\/noticias\/wp-json\/wp\/v2\/posicao?post=29927"}],"curies":[{"name":"wp","href":"https:\/\/api.w.org\/{rel}","templated":true}]}}