{"id":30294,"date":"2022-10-21T12:36:38","date_gmt":"2022-10-21T15:36:38","guid":{"rendered":"https:\/\/cajamar.sp.gov.br\/noticias\/?p=30294"},"modified":"2022-10-21T12:36:38","modified_gmt":"2022-10-21T15:36:38","slug":"profissionais-da-educacao-agentes-comunitarios-de-saude-e-tecnicos-de-enfermagem-recebem-treinamento-sobre-acuidade-visual","status":"publish","type":"post","link":"https:\/\/cajamar.sp.gov.br\/noticias\/2022\/10\/21\/profissionais-da-educacao-agentes-comunitarios-de-saude-e-tecnicos-de-enfermagem-recebem-treinamento-sobre-acuidade-visual\/","title":{"rendered":"Profissionais da Educa\u00e7\u00e3o, agentes comunit\u00e1rios de sa\u00fade e t\u00e9cnicos de enfermagem recebem treinamento sobre acuidade visual"},"content":{"rendered":"\n<figure class=\"wp-block-image size-full\"><a href=\"https:\/\/cajamar.sp.gov.br\/noticias\/wp-content\/uploads\/sites\/2\/2022\/10\/image00028.jpg\"><img fetchpriority=\"high\" decoding=\"async\" width=\"1200\" height=\"900\" src=\"https:\/\/cajamar.sp.gov.br\/noticias\/wp-content\/uploads\/sites\/2\/2022\/10\/image00028.jpg\" alt=\"\" class=\"wp-image-30295\" srcset=\"https:\/\/cajamar.sp.gov.br\/noticias\/wp-content\/uploads\/sites\/2\/2022\/10\/image00028.jpg 1200w, https:\/\/cajamar.sp.gov.br\/noticias\/wp-content\/uploads\/sites\/2\/2022\/10\/image00028-300x225.jpg 300w, https:\/\/cajamar.sp.gov.br\/noticias\/wp-content\/uploads\/sites\/2\/2022\/10\/image00028-768x576.jpg 768w\" sizes=\"(max-width: 1200px) 100vw, 1200px\" \/><\/a><\/figure>\n\n\n\n<p>Para dar continuidade ao \u201cPrograma Sa\u00fade na Escola\u201d (PSE), a Secretaria Municipal de Sa\u00fade, atrav\u00e9s do Departamento de Aten\u00e7\u00e3o Prim\u00e1ria \u00e0 Sa\u00fade (APS), realizou nesta semana um treinamento de capacita\u00e7\u00e3o da acuidade visual, voltado aos agentes comunit\u00e1rios de sa\u00fade, t\u00e9cnicos de enfermagem da Secretaria Municipal de Sa\u00fade e professores e assessores pedag\u00f3gicos da Secretaria Municipal de Educa\u00e7\u00e3o.<\/p>\n\n\n\n<p>A capacita\u00e7\u00e3o teve como objetivo identificar problemas na acuidade visual dos alunos da Rede Municipal de Ensino e servir\u00e1 como triagem para poss\u00edveis encaminhamentos \u00e0 especialidade de oftalmologia.<\/p>\n\n\n\n<p>O respons\u00e1vel pelo treinamento da Capacita\u00e7\u00e3o de Acuidade Visual foi o M\u00e9dico Oftalmologista Dr. Fl\u00e1vio Hirai, que destacou a import\u00e2ncia desse projeto com alunos do munic\u00edpio e a retomada do Projeto Ver e Viver!<\/p>\n\n\n\n<p>O Departamento de Aten\u00e7\u00e3o Prim\u00e1ria ser\u00e1 respons\u00e1vel pelo agendamento das consultas com o oftalmologista, que indicar\u00e1 a necessidade de lentes corretivas.<\/p>\n\n\n\n<figure class=\"wp-block-gallery has-nested-images columns-default is-cropped wp-block-gallery-1 is-layout-flex wp-block-gallery-is-layout-flex\">\n<figure class=\"wp-block-image size-large\"><a href=\"https:\/\/cajamar.sp.gov.br\/noticias\/wp-content\/uploads\/sites\/2\/2022\/10\/image00006.jpg\"><img decoding=\"async\" width=\"1200\" height=\"900\" data-id=\"30297\" src=\"https:\/\/cajamar.sp.gov.br\/noticias\/wp-content\/uploads\/sites\/2\/2022\/10\/image00006.jpg\" alt=\"\" class=\"wp-image-30297\" srcset=\"https:\/\/cajamar.sp.gov.br\/noticias\/wp-content\/uploads\/sites\/2\/2022\/10\/image00006.jpg 1200w, https:\/\/cajamar.sp.gov.br\/noticias\/wp-content\/uploads\/sites\/2\/2022\/10\/image00006-300x225.jpg 300w, https:\/\/cajamar.sp.gov.br\/noticias\/wp-content\/uploads\/sites\/2\/2022\/10\/image00006-768x576.jpg 768w\" sizes=\"(max-width: 1200px) 100vw, 1200px\" \/><\/a><\/figure>\n\n\n\n<figure class=\"wp-block-image size-large\"><a href=\"https:\/\/cajamar.sp.gov.br\/noticias\/wp-content\/uploads\/sites\/2\/2022\/10\/image00016.jpg\"><img decoding=\"async\" width=\"1200\" height=\"900\" data-id=\"30296\" src=\"https:\/\/cajamar.sp.gov.br\/noticias\/wp-content\/uploads\/sites\/2\/2022\/10\/image00016.jpg\" alt=\"\" class=\"wp-image-30296\" srcset=\"https:\/\/cajamar.sp.gov.br\/noticias\/wp-content\/uploads\/sites\/2\/2022\/10\/image00016.jpg 1200w, https:\/\/cajamar.sp.gov.br\/noticias\/wp-content\/uploads\/sites\/2\/2022\/10\/image00016-300x225.jpg 300w, https:\/\/cajamar.sp.gov.br\/noticias\/wp-content\/uploads\/sites\/2\/2022\/10\/image00016-768x576.jpg 768w\" sizes=\"(max-width: 1200px) 100vw, 1200px\" \/><\/a><\/figure>\n\n\n\n<figure class=\"wp-block-image size-large\"><a href=\"https:\/\/cajamar.sp.gov.br\/noticias\/wp-content\/uploads\/sites\/2\/2022\/10\/image00021.jpg\"><img loading=\"lazy\" decoding=\"async\" width=\"1200\" height=\"900\" data-id=\"30298\" src=\"https:\/\/cajamar.sp.gov.br\/noticias\/wp-content\/uploads\/sites\/2\/2022\/10\/image00021.jpg\" alt=\"\" class=\"wp-image-30298\" srcset=\"https:\/\/cajamar.sp.gov.br\/noticias\/wp-content\/uploads\/sites\/2\/2022\/10\/image00021.jpg 1200w, https:\/\/cajamar.sp.gov.br\/noticias\/wp-content\/uploads\/sites\/2\/2022\/10\/image00021-300x225.jpg 300w, https:\/\/cajamar.sp.gov.br\/noticias\/wp-content\/uploads\/sites\/2\/2022\/10\/image00021-768x576.jpg 768w\" sizes=\"(max-width: 1200px) 100vw, 1200px\" \/><\/a><\/figure>\n\n\n\n<figure class=\"wp-block-image size-large\"><a href=\"https:\/\/cajamar.sp.gov.br\/noticias\/wp-content\/uploads\/sites\/2\/2022\/10\/image00025.jpg\"><img loading=\"lazy\" decoding=\"async\" width=\"1200\" height=\"900\" data-id=\"30301\" src=\"https:\/\/cajamar.sp.gov.br\/noticias\/wp-content\/uploads\/sites\/2\/2022\/10\/image00025.jpg\" alt=\"\" class=\"wp-image-30301\" srcset=\"https:\/\/cajamar.sp.gov.br\/noticias\/wp-content\/uploads\/sites\/2\/2022\/10\/image00025.jpg 1200w, https:\/\/cajamar.sp.gov.br\/noticias\/wp-content\/uploads\/sites\/2\/2022\/10\/image00025-300x225.jpg 300w, https:\/\/cajamar.sp.gov.br\/noticias\/wp-content\/uploads\/sites\/2\/2022\/10\/image00025-768x576.jpg 768w\" sizes=\"(max-width: 1200px) 100vw, 1200px\" \/><\/a><\/figure>\n\n\n\n<figure class=\"wp-block-image size-large\"><a href=\"https:\/\/cajamar.sp.gov.br\/noticias\/wp-content\/uploads\/sites\/2\/2022\/10\/image00028-1.jpg\"><img loading=\"lazy\" decoding=\"async\" width=\"1200\" height=\"900\" data-id=\"30299\" src=\"https:\/\/cajamar.sp.gov.br\/noticias\/wp-content\/uploads\/sites\/2\/2022\/10\/image00028-1.jpg\" alt=\"\" class=\"wp-image-30299\" srcset=\"https:\/\/cajamar.sp.gov.br\/noticias\/wp-content\/uploads\/sites\/2\/2022\/10\/image00028-1.jpg 1200w, https:\/\/cajamar.sp.gov.br\/noticias\/wp-content\/uploads\/sites\/2\/2022\/10\/image00028-1-300x225.jpg 300w, https:\/\/cajamar.sp.gov.br\/noticias\/wp-content\/uploads\/sites\/2\/2022\/10\/image00028-1-768x576.jpg 768w\" sizes=\"(max-width: 1200px) 100vw, 1200px\" \/><\/a><\/figure>\n\n\n\n<figure class=\"wp-block-image size-large\"><a href=\"https:\/\/cajamar.sp.gov.br\/noticias\/wp-content\/uploads\/sites\/2\/2022\/10\/image00031.jpg\"><img loading=\"lazy\" decoding=\"async\" width=\"1200\" height=\"900\" data-id=\"30300\" src=\"https:\/\/cajamar.sp.gov.br\/noticias\/wp-content\/uploads\/sites\/2\/2022\/10\/image00031.jpg\" alt=\"\" class=\"wp-image-30300\" srcset=\"https:\/\/cajamar.sp.gov.br\/noticias\/wp-content\/uploads\/sites\/2\/2022\/10\/image00031.jpg 1200w, https:\/\/cajamar.sp.gov.br\/noticias\/wp-content\/uploads\/sites\/2\/2022\/10\/image00031-300x225.jpg 300w, https:\/\/cajamar.sp.gov.br\/noticias\/wp-content\/uploads\/sites\/2\/2022\/10\/image00031-768x576.jpg 768w\" sizes=\"(max-width: 1200px) 100vw, 1200px\" \/><\/a><\/figure>\n<\/figure>\n","protected":false},"excerpt":{"rendered":"<p>A capacita\u00e7\u00e3o teve como objetivo identificar problemas na acuidade visual dos alunos da Rede Municipal de Ensino e servir\u00e1 como triagem para poss\u00edveis encaminhamentos \u00e0 especialidade de oftalmologia<\/p>\n","protected":false},"author":34,"featured_media":30295,"comment_status":"closed","ping_status":"0","sticky":true,"template":"","format":"standard","meta":{"footnotes":""},"categories":[2],"tags":[1709,1397],"posicao":[28],"class_list":["post-30294","post","type-post","status-publish","format-standard","has-post-thumbnail","hentry","category-saude","tag-acuidade-visual","tag-saude-na-escola","posicao-destaque"],"_links":{"self":[{"href":"https:\/\/cajamar.sp.gov.br\/noticias\/wp-json\/wp\/v2\/posts\/30294","targetHints":{"allow":["GET"]}}],"collection":[{"href":"https:\/\/cajamar.sp.gov.br\/noticias\/wp-json\/wp\/v2\/posts"}],"about":[{"href":"https:\/\/cajamar.sp.gov.br\/noticias\/wp-json\/wp\/v2\/types\/post"}],"author":[{"embeddable":true,"href":"https:\/\/cajamar.sp.gov.br\/noticias\/wp-json\/wp\/v2\/users\/34"}],"replies":[{"embeddable":true,"href":"https:\/\/cajamar.sp.gov.br\/noticias\/wp-json\/wp\/v2\/comments?post=30294"}],"version-history":[{"count":1,"href":"https:\/\/cajamar.sp.gov.br\/noticias\/wp-json\/wp\/v2\/posts\/30294\/revisions"}],"predecessor-version":[{"id":30302,"href":"https:\/\/cajamar.sp.gov.br\/noticias\/wp-json\/wp\/v2\/posts\/30294\/revisions\/30302"}],"wp:featuredmedia":[{"embeddable":true,"href":"https:\/\/cajamar.sp.gov.br\/noticias\/wp-json\/wp\/v2\/media\/30295"}],"wp:attachment":[{"href":"https:\/\/cajamar.sp.gov.br\/noticias\/wp-json\/wp\/v2\/media?parent=30294"}],"wp:term":[{"taxonomy":"category","embeddable":true,"href":"https:\/\/cajamar.sp.gov.br\/noticias\/wp-json\/wp\/v2\/categories?post=30294"},{"taxonomy":"post_tag","embeddable":true,"href":"https:\/\/cajamar.sp.gov.br\/noticias\/wp-json\/wp\/v2\/tags?post=30294"},{"taxonomy":"posicao","embeddable":true,"href":"https:\/\/cajamar.sp.gov.br\/noticias\/wp-json\/wp\/v2\/posicao?post=30294"}],"curies":[{"name":"wp","href":"https:\/\/api.w.org\/{rel}","templated":true}]}}