{"id":30428,"date":"2022-10-27T17:19:53","date_gmt":"2022-10-27T20:19:53","guid":{"rendered":"https:\/\/cajamar.sp.gov.br\/noticias\/?p=30428"},"modified":"2022-10-27T17:19:53","modified_gmt":"2022-10-27T20:19:53","slug":"participe-do-2o-premio-destaque-empreendedora-cajamarense","status":"publish","type":"post","link":"https:\/\/cajamar.sp.gov.br\/noticias\/2022\/10\/27\/participe-do-2o-premio-destaque-empreendedora-cajamarense\/","title":{"rendered":"Participe do 2\u00ba pr\u00eamio \u201cDestaque Empreendedora Cajamarense\u201d"},"content":{"rendered":"\n<figure class=\"wp-block-image size-full\"><img fetchpriority=\"high\" decoding=\"async\" width=\"1000\" height=\"700\" src=\"https:\/\/cajamar.sp.gov.br\/noticias\/wp-content\/uploads\/sites\/2\/2022\/10\/image-9.png\" alt=\"\" class=\"wp-image-30429\" srcset=\"https:\/\/cajamar.sp.gov.br\/noticias\/wp-content\/uploads\/sites\/2\/2022\/10\/image-9.png 1000w, https:\/\/cajamar.sp.gov.br\/noticias\/wp-content\/uploads\/sites\/2\/2022\/10\/image-9-768x538.png 768w\" sizes=\"(max-width: 1000px) 100vw, 1000px\" \/><\/figure>\n\n\n\n<p>A Secretaria de Desenvolvimento Econ\u00f4mico e Empreendedorismo tem o prazer de convidar as mulheres de Cajamar para participar da segunda edi\u00e7\u00e3o do concurso \u201cDestaque Empreendedora Cajamarense\u201d. A premia\u00e7\u00e3o, criada em 2021, tem o objetivo de reconhecer e compartilhar anualmente com toda a popula\u00e7\u00e3o exemplos bem-sucedidos de empreendedorismo feminino em nossa cidade.<\/p>\n\n\n\n<p>A iniciativa faz parte das comemora\u00e7\u00f5es do Dia Municipal do Empreendedorismo Feminino e Valoriza\u00e7\u00e3o do Trabalho da Mulher, celebrado no dia 19 de novembro. A banca avaliadora do concurso \u00e9 composta por membros de diversas secretarias da Prefeitura, sendo presidida pelo secret\u00e1rio de Desenvolvimento Econ\u00f4mico e Empreendedorismo, Mario Jorge da Silveira Junqueira.<\/p>\n\n\n\n<p>O grupo ser\u00e1 incumbido de avaliar o enquadramento e representatividade das candidatas nas quatro categorias a seguir:<\/p>\n\n\n\n<p>\u25cf Empreendedora Vision\u00e1ria (conhecida pela criatividade e inventividade de suas ideias e a\u00e7\u00f5es);<br>\u25cf Empreendedora Supera\u00e7\u00e3o (aquela que diante de uma situa\u00e7\u00e3o cr\u00edtica ou adversa, mobiliza recursos para super\u00e1-la);<br>\u25cf Empreendedora Inovadora (empreendedora que obt\u00e9m resultados, utilizando de forma diferenciada, conceitos existentes e funcionais);<br>\u25cf Jovem Empreendedora (apesar da pouca idade e experi\u00eancia profissional, possui agu\u00e7ado esp\u00edrito empreendedor).<\/p>\n\n\n\n<p>A categoria Empreendedora Popular, por sua vez, ter\u00e1 a vencedora decidida por vota\u00e7\u00e3o online. Voltada \u00e0s mulheres que possuem iniciativa de empreender \u2014 tendo ou n\u00e3o neg\u00f3cio pr\u00f3prio \u2014, seu perfil de dedica\u00e7\u00e3o \u00e9 reconhecido pela comunidade ao seu redor, o que ser\u00e1 fundamental para a defini\u00e7\u00e3o da escolhida.<\/p>\n\n\n\n<p>As inscri\u00e7\u00f5es estar\u00e3o abertas at\u00e9 o dia 21 de novembro, e para participar, \u00e9 necess\u00e1rio que a candidata resida e tenha o CNPJ inscrito em Cajamar. Para as postulantes ao pr\u00eamio de Empreendedora Popular, as inscri\u00e7\u00f5es ser\u00e3o recebidas apenas at\u00e9 o dia 11\/11, e \u00e9 exigida que empreenda ou trabalhe em empresa do munic\u00edpio, sem a obrigatoriedade do CNPJ.<\/p>\n\n\n\n<p>As vencedoras ser\u00e3o conhecidas em cerim\u00f4nia de premia\u00e7\u00e3o a ser realizada no dia 26 de novembro.<\/p>\n\n\n\n<p>Para inscri\u00e7\u00f5es e consulta ao regulamento completo, acesse o link: <a href=\"https:\/\/bit.ly\/3MPplcU\">https:\/\/bit.ly\/3MPplcU<\/a><\/p>\n","protected":false},"excerpt":{"rendered":"<p>Ser\u00e3o escolhidas vencedoras em cinco categorias; as inscri\u00e7\u00f5es j\u00e1 est\u00e3o abertas<\/p>\n","protected":false},"author":34,"featured_media":30429,"comment_status":"closed","ping_status":"0","sticky":true,"template":"","format":"standard","meta":{"footnotes":""},"categories":[42],"tags":[1718,1720,1719],"posicao":[28],"class_list":["post-30428","post","type-post","status-publish","format-standard","has-post-thumbnail","hentry","category-emprego-e-relaccoes-de-trabalho","tag-empreendedora","tag-mulheres-de-cajamar","tag-trabalho-da-mulher","posicao-destaque"],"_links":{"self":[{"href":"https:\/\/cajamar.sp.gov.br\/noticias\/wp-json\/wp\/v2\/posts\/30428","targetHints":{"allow":["GET"]}}],"collection":[{"href":"https:\/\/cajamar.sp.gov.br\/noticias\/wp-json\/wp\/v2\/posts"}],"about":[{"href":"https:\/\/cajamar.sp.gov.br\/noticias\/wp-json\/wp\/v2\/types\/post"}],"author":[{"embeddable":true,"href":"https:\/\/cajamar.sp.gov.br\/noticias\/wp-json\/wp\/v2\/users\/34"}],"replies":[{"embeddable":true,"href":"https:\/\/cajamar.sp.gov.br\/noticias\/wp-json\/wp\/v2\/comments?post=30428"}],"version-history":[{"count":1,"href":"https:\/\/cajamar.sp.gov.br\/noticias\/wp-json\/wp\/v2\/posts\/30428\/revisions"}],"predecessor-version":[{"id":30430,"href":"https:\/\/cajamar.sp.gov.br\/noticias\/wp-json\/wp\/v2\/posts\/30428\/revisions\/30430"}],"wp:featuredmedia":[{"embeddable":true,"href":"https:\/\/cajamar.sp.gov.br\/noticias\/wp-json\/wp\/v2\/media\/30429"}],"wp:attachment":[{"href":"https:\/\/cajamar.sp.gov.br\/noticias\/wp-json\/wp\/v2\/media?parent=30428"}],"wp:term":[{"taxonomy":"category","embeddable":true,"href":"https:\/\/cajamar.sp.gov.br\/noticias\/wp-json\/wp\/v2\/categories?post=30428"},{"taxonomy":"post_tag","embeddable":true,"href":"https:\/\/cajamar.sp.gov.br\/noticias\/wp-json\/wp\/v2\/tags?post=30428"},{"taxonomy":"posicao","embeddable":true,"href":"https:\/\/cajamar.sp.gov.br\/noticias\/wp-json\/wp\/v2\/posicao?post=30428"}],"curies":[{"name":"wp","href":"https:\/\/api.w.org\/{rel}","templated":true}]}}