{"id":30689,"date":"2022-11-20T17:09:26","date_gmt":"2022-11-20T20:09:26","guid":{"rendered":"https:\/\/cajamar.sp.gov.br\/noticias\/?p=30689"},"modified":"2022-11-20T17:09:26","modified_gmt":"2022-11-20T20:09:26","slug":"cajamar-inicia-vacinacao-bebes-de-6-meses-com-comorbidades-contra-covid-19","status":"publish","type":"post","link":"https:\/\/cajamar.sp.gov.br\/noticias\/2022\/11\/20\/cajamar-inicia-vacinacao-bebes-de-6-meses-com-comorbidades-contra-covid-19\/","title":{"rendered":"Cajamar inicia vacina\u00e7\u00e3o beb\u00eas de 6 meses com comorbidades contra covid-19"},"content":{"rendered":"\n<figure class=\"wp-block-image size-large\"><img fetchpriority=\"high\" decoding=\"async\" width=\"1280\" height=\"853\" src=\"https:\/\/cajamar.sp.gov.br\/noticias\/wp-content\/uploads\/sites\/2\/2022\/11\/image-24-1280x853.png\" alt=\"\" class=\"wp-image-30690\" srcset=\"https:\/\/cajamar.sp.gov.br\/noticias\/wp-content\/uploads\/sites\/2\/2022\/11\/image-24-1280x853.png 1280w, https:\/\/cajamar.sp.gov.br\/noticias\/wp-content\/uploads\/sites\/2\/2022\/11\/image-24-768x512.png 768w, https:\/\/cajamar.sp.gov.br\/noticias\/wp-content\/uploads\/sites\/2\/2022\/11\/image-24-1536x1024.png 1536w, https:\/\/cajamar.sp.gov.br\/noticias\/wp-content\/uploads\/sites\/2\/2022\/11\/image-24.png 2048w\" sizes=\"(max-width: 1280px) 100vw, 1280px\" \/><\/figure>\n\n\n\n<p>A partir desta segunda-feira (21), a Secretaria da Sa\u00fade de Cajamar ir\u00e1 realizar a vacina\u00e7\u00e3o contra a COVID-19 para crian\u00e7as de 6 meses a 1 ano, 11 meses e 29 dias. Neste primeiro momento, o p\u00fablico-alvo s\u00e3o as crian\u00e7as com comorbidades, portadores de defici\u00eancias permanentes e ind\u00edgenas ou quilombolas, desta faixa et\u00e1ria.<\/p>\n\n\n\n<p>Ser\u00e1 aplicada a chamada Pfizer Baby (tampa de cor vinho), que \u00e9 a \u00fanica vacina autorizada atualmente pela Ag\u00eancia Nacional de Vigil\u00e2ncia Sanit\u00e1ria (Anvisa) para a o p\u00fablico infantil com essa idade.<\/p>\n\n\n\n<p>Para o beb\u00ea ser vacinado \u00e9 necess\u00e1rio fazer o agendamento pr\u00e9vio em uma das UBSs que tem sala de vacinas, apresentando certid\u00e3o de nascimento, cart\u00e3o do SUS e caderneta de vacina\u00e7\u00e3o.<\/p>\n\n\n\n<p>Confira as unidades de sa\u00fade que est\u00e3o com as vacinas Covid Baby dispon\u00edveis:<\/p>\n\n\n\n<p>Atendimento das 08h \u00e0s 17h:<\/p>\n\n\n\n<p>\u2022 UBS DRA. ISABEL GRATIERI (Polvilho)<br>Rua Timburi n\u00ba 121 \u2013 Polvilho<\/p>\n\n\n\n<p>\u2022 UBS ENF. CARLOS MOREIRA DA SILVA (Jordan\u00e9sia)<br>Av. Ant\u00f4nio C\u00e2ndido Machado, 1769<\/p>\n","protected":false},"excerpt":{"rendered":"<p>Neste primeiro momento, o p\u00fablico-alvo s\u00e3o beb\u00eas de 6 meses a 1 ano, 11 meses e 29 dias com algum tipo de comorbidade (imunossuprimidos e com defici\u00eancia permanente)<\/p>\n","protected":false},"author":34,"featured_media":30690,"comment_status":"closed","ping_status":"0","sticky":true,"template":"","format":"standard","meta":{"footnotes":""},"categories":[2],"tags":[1749,510,109,162],"posicao":[28],"class_list":["post-30689","post","type-post","status-publish","format-standard","has-post-thumbnail","hentry","category-saude","tag-bebes","tag-comorbidades","tag-covid-19","tag-vacinacao","posicao-destaque"],"_links":{"self":[{"href":"https:\/\/cajamar.sp.gov.br\/noticias\/wp-json\/wp\/v2\/posts\/30689","targetHints":{"allow":["GET"]}}],"collection":[{"href":"https:\/\/cajamar.sp.gov.br\/noticias\/wp-json\/wp\/v2\/posts"}],"about":[{"href":"https:\/\/cajamar.sp.gov.br\/noticias\/wp-json\/wp\/v2\/types\/post"}],"author":[{"embeddable":true,"href":"https:\/\/cajamar.sp.gov.br\/noticias\/wp-json\/wp\/v2\/users\/34"}],"replies":[{"embeddable":true,"href":"https:\/\/cajamar.sp.gov.br\/noticias\/wp-json\/wp\/v2\/comments?post=30689"}],"version-history":[{"count":1,"href":"https:\/\/cajamar.sp.gov.br\/noticias\/wp-json\/wp\/v2\/posts\/30689\/revisions"}],"predecessor-version":[{"id":30691,"href":"https:\/\/cajamar.sp.gov.br\/noticias\/wp-json\/wp\/v2\/posts\/30689\/revisions\/30691"}],"wp:featuredmedia":[{"embeddable":true,"href":"https:\/\/cajamar.sp.gov.br\/noticias\/wp-json\/wp\/v2\/media\/30690"}],"wp:attachment":[{"href":"https:\/\/cajamar.sp.gov.br\/noticias\/wp-json\/wp\/v2\/media?parent=30689"}],"wp:term":[{"taxonomy":"category","embeddable":true,"href":"https:\/\/cajamar.sp.gov.br\/noticias\/wp-json\/wp\/v2\/categories?post=30689"},{"taxonomy":"post_tag","embeddable":true,"href":"https:\/\/cajamar.sp.gov.br\/noticias\/wp-json\/wp\/v2\/tags?post=30689"},{"taxonomy":"posicao","embeddable":true,"href":"https:\/\/cajamar.sp.gov.br\/noticias\/wp-json\/wp\/v2\/posicao?post=30689"}],"curies":[{"name":"wp","href":"https:\/\/api.w.org\/{rel}","templated":true}]}}