{"id":30769,"date":"2022-12-02T11:14:12","date_gmt":"2022-12-02T14:14:12","guid":{"rendered":"https:\/\/cajamar.sp.gov.br\/noticias\/?p=30769"},"modified":"2022-12-02T11:14:12","modified_gmt":"2022-12-02T14:14:12","slug":"conselho-municipal-dos-direitos-da-crianca-e-do-adolescente-realiza-sua-10a-conferencia-em-cajamar","status":"publish","type":"post","link":"https:\/\/cajamar.sp.gov.br\/noticias\/2022\/12\/02\/conselho-municipal-dos-direitos-da-crianca-e-do-adolescente-realiza-sua-10a-conferencia-em-cajamar\/","title":{"rendered":"Conselho Municipal dos Direitos da Crian\u00e7a e do Adolescente realiza sua 10\u00aa confer\u00eancia em Cajamar"},"content":{"rendered":"\n<figure class=\"wp-block-image size-full\"><a href=\"https:\/\/cajamar.sp.gov.br\/noticias\/wp-content\/uploads\/sites\/2\/2022\/12\/1.jpg\"><img fetchpriority=\"high\" decoding=\"async\" width=\"1200\" height=\"900\" src=\"https:\/\/cajamar.sp.gov.br\/noticias\/wp-content\/uploads\/sites\/2\/2022\/12\/1.jpg\" alt=\"\" class=\"wp-image-30770\" srcset=\"https:\/\/cajamar.sp.gov.br\/noticias\/wp-content\/uploads\/sites\/2\/2022\/12\/1.jpg 1200w, https:\/\/cajamar.sp.gov.br\/noticias\/wp-content\/uploads\/sites\/2\/2022\/12\/1-300x225.jpg 300w, https:\/\/cajamar.sp.gov.br\/noticias\/wp-content\/uploads\/sites\/2\/2022\/12\/1-768x576.jpg 768w\" sizes=\"(max-width: 1200px) 100vw, 1200px\" \/><\/a><\/figure>\n\n\n\n<p>Aconteceu no dia 25 de novembro de 2022 a 10\u00aa Confer\u00eancia Municipal dos Direitos da Crian\u00e7a e do Adolescente de Cajamar com o tema: \u201cA situa\u00e7\u00e3o dos direitos humanos de crian\u00e7as e adolescentes em tempos de pandemia de COVID-19: Viola\u00e7\u00f5es e vulnerabilidades, a\u00e7\u00f5es necess\u00e1rias para a repara\u00e7\u00e3o e garantia de pol\u00edticas de prote\u00e7\u00e3o integral, com respeito \u00e0 diversidade\u201d.<\/p>\n\n\n\n<p>A Confer\u00eancia contou com um p\u00fablico de aproximadamente 250 (duzentas e cinquenta) pessoas, sendo a maioria formada por crian\u00e7as e adolescentes de entidades sociais e da rede municipal de ensino, que realizaram diversas apresenta\u00e7\u00f5es durante o evento.<\/p>\n\n\n\n<p>Participaram da Confer\u00eancia a Presidente do Conselho Municipal dos Direitos da Crian\u00e7a e do Adolescente \u2013 CMDCA, Rita de C\u00e1ssia Alves Augusto, o Secret\u00e1rio Municipal de Desenvolvimento Social, Niedson Silva de Souza Filho e o Secret\u00e1rio Municipal de Educa\u00e7\u00e3o, R\u00e9gis de Souza.<\/p>\n\n\n\n<p>O objetivo da Confer\u00eancia foi promover ampla mobiliza\u00e7\u00e3o social, para constru\u00e7\u00e3o de propostas de a\u00e7\u00f5es e de pol\u00edticas p\u00fablicas que garantam os direitos de crian\u00e7as e adolescentes no contexto pand\u00eamico e p\u00f3s-pand\u00eamico.<\/p>\n\n\n\n<p>O Secret\u00e1rio Municipal de Desenvolvimento Social, Niedson Silva de Souza Filho, ressaltou que a Confer\u00eancia representa um importante espa\u00e7o democr\u00e1tico e deliberativo, onde s\u00e3o discutidas propostas para melhorias dos servi\u00e7os e implementa\u00e7\u00e3o das pol\u00edticas p\u00fablicas.<\/p>\n\n\n\n<p>A Presidente do Conselho Municipal dos Direitos da Crian\u00e7a e do Adolescente \u2013 CMDCA, Rita de C\u00e1ssia Alves Augusto, enfatizou que este momento da Confer\u00eancia \u00e9 uma grande oportunidade para se avaliar os servi\u00e7os em funcionamento no Munic\u00edpio e propor a\u00e7\u00f5es que garantam prote\u00e7\u00e3o integral e defesa de direitos de crian\u00e7as e adolescentes.<\/p>\n\n\n\n<p>Na Confer\u00eancia, foram eleitos delegados 05 (cinco) crian\u00e7as e 05 (cinco) adolescentes, que representar\u00e3o Cajamar na Confer\u00eancia Estadual, prevista para acontecer no primeiro semestre de 2023, e na Confer\u00eancia Nacional, prevista para novembro de 2023.<\/p>\n\n\n\n<figure class=\"wp-block-gallery has-nested-images columns-default is-cropped wp-block-gallery-1 is-layout-flex wp-block-gallery-is-layout-flex\">\n<figure class=\"wp-block-image size-large\"><a href=\"https:\/\/cajamar.sp.gov.br\/noticias\/wp-content\/uploads\/sites\/2\/2022\/12\/1-1.jpg\"><img decoding=\"async\" width=\"1200\" height=\"900\" data-id=\"30771\" src=\"https:\/\/cajamar.sp.gov.br\/noticias\/wp-content\/uploads\/sites\/2\/2022\/12\/1-1.jpg\" alt=\"\" class=\"wp-image-30771\" srcset=\"https:\/\/cajamar.sp.gov.br\/noticias\/wp-content\/uploads\/sites\/2\/2022\/12\/1-1.jpg 1200w, https:\/\/cajamar.sp.gov.br\/noticias\/wp-content\/uploads\/sites\/2\/2022\/12\/1-1-300x225.jpg 300w, https:\/\/cajamar.sp.gov.br\/noticias\/wp-content\/uploads\/sites\/2\/2022\/12\/1-1-768x576.jpg 768w\" sizes=\"(max-width: 1200px) 100vw, 1200px\" \/><\/a><\/figure>\n\n\n\n<figure class=\"wp-block-image size-large\"><a href=\"https:\/\/cajamar.sp.gov.br\/noticias\/wp-content\/uploads\/sites\/2\/2022\/12\/2.jpg\"><img decoding=\"async\" width=\"1200\" height=\"900\" data-id=\"30775\" src=\"https:\/\/cajamar.sp.gov.br\/noticias\/wp-content\/uploads\/sites\/2\/2022\/12\/2.jpg\" alt=\"\" class=\"wp-image-30775\" srcset=\"https:\/\/cajamar.sp.gov.br\/noticias\/wp-content\/uploads\/sites\/2\/2022\/12\/2.jpg 1200w, https:\/\/cajamar.sp.gov.br\/noticias\/wp-content\/uploads\/sites\/2\/2022\/12\/2-300x225.jpg 300w, https:\/\/cajamar.sp.gov.br\/noticias\/wp-content\/uploads\/sites\/2\/2022\/12\/2-768x576.jpg 768w\" sizes=\"(max-width: 1200px) 100vw, 1200px\" \/><\/a><\/figure>\n\n\n\n<figure class=\"wp-block-image size-large\"><a href=\"https:\/\/cajamar.sp.gov.br\/noticias\/wp-content\/uploads\/sites\/2\/2022\/12\/3.jpg\"><img loading=\"lazy\" decoding=\"async\" width=\"1200\" height=\"900\" data-id=\"30774\" src=\"https:\/\/cajamar.sp.gov.br\/noticias\/wp-content\/uploads\/sites\/2\/2022\/12\/3.jpg\" alt=\"\" class=\"wp-image-30774\" srcset=\"https:\/\/cajamar.sp.gov.br\/noticias\/wp-content\/uploads\/sites\/2\/2022\/12\/3.jpg 1200w, https:\/\/cajamar.sp.gov.br\/noticias\/wp-content\/uploads\/sites\/2\/2022\/12\/3-300x225.jpg 300w, https:\/\/cajamar.sp.gov.br\/noticias\/wp-content\/uploads\/sites\/2\/2022\/12\/3-768x576.jpg 768w\" sizes=\"(max-width: 1200px) 100vw, 1200px\" \/><\/a><\/figure>\n\n\n\n<figure class=\"wp-block-image size-large\"><a href=\"https:\/\/cajamar.sp.gov.br\/noticias\/wp-content\/uploads\/sites\/2\/2022\/12\/4.jpg\"><img loading=\"lazy\" decoding=\"async\" width=\"1200\" height=\"900\" data-id=\"30772\" src=\"https:\/\/cajamar.sp.gov.br\/noticias\/wp-content\/uploads\/sites\/2\/2022\/12\/4.jpg\" alt=\"\" class=\"wp-image-30772\" srcset=\"https:\/\/cajamar.sp.gov.br\/noticias\/wp-content\/uploads\/sites\/2\/2022\/12\/4.jpg 1200w, https:\/\/cajamar.sp.gov.br\/noticias\/wp-content\/uploads\/sites\/2\/2022\/12\/4-300x225.jpg 300w, https:\/\/cajamar.sp.gov.br\/noticias\/wp-content\/uploads\/sites\/2\/2022\/12\/4-768x576.jpg 768w\" sizes=\"(max-width: 1200px) 100vw, 1200px\" \/><\/a><\/figure>\n\n\n\n<figure class=\"wp-block-image size-large\"><a href=\"https:\/\/cajamar.sp.gov.br\/noticias\/wp-content\/uploads\/sites\/2\/2022\/12\/5.jpg\"><img loading=\"lazy\" decoding=\"async\" width=\"1200\" height=\"900\" data-id=\"30773\" src=\"https:\/\/cajamar.sp.gov.br\/noticias\/wp-content\/uploads\/sites\/2\/2022\/12\/5.jpg\" alt=\"\" class=\"wp-image-30773\" srcset=\"https:\/\/cajamar.sp.gov.br\/noticias\/wp-content\/uploads\/sites\/2\/2022\/12\/5.jpg 1200w, https:\/\/cajamar.sp.gov.br\/noticias\/wp-content\/uploads\/sites\/2\/2022\/12\/5-300x225.jpg 300w, https:\/\/cajamar.sp.gov.br\/noticias\/wp-content\/uploads\/sites\/2\/2022\/12\/5-768x576.jpg 768w\" sizes=\"(max-width: 1200px) 100vw, 1200px\" \/><\/a><\/figure>\n<\/figure>\n","protected":false},"excerpt":{"rendered":"<p>Encontro contou com a participa\u00e7\u00e3o de representantes dos servi\u00e7os do Munic\u00edpio, entidades sociais e alunos da rede de ensino<\/p>\n","protected":false},"author":34,"featured_media":30771,"comment_status":"closed","ping_status":"0","sticky":true,"template":"","format":"standard","meta":{"footnotes":""},"categories":[52],"tags":[1764,1765],"posicao":[28],"class_list":["post-30769","post","type-post","status-publish","format-standard","has-post-thumbnail","hentry","category-desenvolvimento-social","tag-cmdca","tag-direitos-humanos","posicao-destaque"],"_links":{"self":[{"href":"https:\/\/cajamar.sp.gov.br\/noticias\/wp-json\/wp\/v2\/posts\/30769","targetHints":{"allow":["GET"]}}],"collection":[{"href":"https:\/\/cajamar.sp.gov.br\/noticias\/wp-json\/wp\/v2\/posts"}],"about":[{"href":"https:\/\/cajamar.sp.gov.br\/noticias\/wp-json\/wp\/v2\/types\/post"}],"author":[{"embeddable":true,"href":"https:\/\/cajamar.sp.gov.br\/noticias\/wp-json\/wp\/v2\/users\/34"}],"replies":[{"embeddable":true,"href":"https:\/\/cajamar.sp.gov.br\/noticias\/wp-json\/wp\/v2\/comments?post=30769"}],"version-history":[{"count":1,"href":"https:\/\/cajamar.sp.gov.br\/noticias\/wp-json\/wp\/v2\/posts\/30769\/revisions"}],"predecessor-version":[{"id":30776,"href":"https:\/\/cajamar.sp.gov.br\/noticias\/wp-json\/wp\/v2\/posts\/30769\/revisions\/30776"}],"wp:featuredmedia":[{"embeddable":true,"href":"https:\/\/cajamar.sp.gov.br\/noticias\/wp-json\/wp\/v2\/media\/30771"}],"wp:attachment":[{"href":"https:\/\/cajamar.sp.gov.br\/noticias\/wp-json\/wp\/v2\/media?parent=30769"}],"wp:term":[{"taxonomy":"category","embeddable":true,"href":"https:\/\/cajamar.sp.gov.br\/noticias\/wp-json\/wp\/v2\/categories?post=30769"},{"taxonomy":"post_tag","embeddable":true,"href":"https:\/\/cajamar.sp.gov.br\/noticias\/wp-json\/wp\/v2\/tags?post=30769"},{"taxonomy":"posicao","embeddable":true,"href":"https:\/\/cajamar.sp.gov.br\/noticias\/wp-json\/wp\/v2\/posicao?post=30769"}],"curies":[{"name":"wp","href":"https:\/\/api.w.org\/{rel}","templated":true}]}}