{"id":30960,"date":"2023-01-04T07:47:25","date_gmt":"2023-01-04T10:47:25","guid":{"rendered":"https:\/\/cajamar.sp.gov.br\/noticias\/?p=30960"},"modified":"2023-01-04T07:47:25","modified_gmt":"2023-01-04T10:47:25","slug":"janeiro-branco-campanha-convoca-sociedade-para-debater-importancia-da-saude-mental-nas-relacoes-humanas","status":"publish","type":"post","link":"https:\/\/cajamar.sp.gov.br\/noticias\/2023\/01\/04\/janeiro-branco-campanha-convoca-sociedade-para-debater-importancia-da-saude-mental-nas-relacoes-humanas\/","title":{"rendered":"Janeiro Branco: campanha convoca sociedade para debater import\u00e2ncia da Sa\u00fade Mental nas rela\u00e7\u00f5es humanas"},"content":{"rendered":"\n<figure class=\"wp-block-image size-full\"><img fetchpriority=\"high\" decoding=\"async\" width=\"1200\" height=\"900\" src=\"https:\/\/cajamar.sp.gov.br\/noticias\/wp-content\/uploads\/sites\/2\/2023\/01\/image-1.png\" alt=\"\" class=\"wp-image-30961\" srcset=\"https:\/\/cajamar.sp.gov.br\/noticias\/wp-content\/uploads\/sites\/2\/2023\/01\/image-1.png 1200w, https:\/\/cajamar.sp.gov.br\/noticias\/wp-content\/uploads\/sites\/2\/2023\/01\/image-1-300x225.png 300w, https:\/\/cajamar.sp.gov.br\/noticias\/wp-content\/uploads\/sites\/2\/2023\/01\/image-1-768x576.png 768w\" sizes=\"(max-width: 1200px) 100vw, 1200px\" \/><\/figure>\n\n\n\n<p>Janeiro \u00e9 o m\u00eas das revis\u00f5es pessoais e do (re)planejamento de vida. \u00c9 no come\u00e7o de cada Ano Novo que as pessoas se sentem inspiradas a refletir sobre o passado, o presente e o futuro das suas vidas e das suas rela\u00e7\u00f5es. E \u00e9 neste per\u00edodo de reavalia\u00e7\u00e3o que, desde 2014, acontece a Campanha Janeiro Branco, iniciativa social criada pelo psic\u00f3logo e palestrante mineiro Leonardo Abrah\u00e3o.<\/p>\n\n\n\n<p>Em 2023, o movimento completa 10 edi\u00e7\u00f5es com o objetivo de construir uma cultura da Sa\u00fade Mental na humanidade, trabalhando pela psicoeduca\u00e7\u00e3o dos indiv\u00edduos e pela cria\u00e7\u00e3o de pol\u00edticas p\u00fablicas dedicadas \u00e0s necessidades psicossociais da Sa\u00fade Mental.<\/p>\n\n\n\n<p>Segundo dados da Organiza\u00e7\u00e3o Mundial da Sa\u00fade publicados em 2022, quase um bilh\u00e3o de pessoas, incluindo 14% dos adolescentes do mundo, vivem com algum transtorno mental, situa\u00e7\u00e3o agravada pela pandemia da Covid-19 e por antigos tabus, preconceitos e desconhecimentos a respeito dos m\u00faltiplos universos da Sa\u00fade Mental.<\/p>\n\n\n\n<p>Para intensificar as a\u00e7\u00f5es da Campanha Janeiro Branco, a Secretaria de Sa\u00fade de Cajamar ir\u00e1 promover diversas atividades para a popula\u00e7\u00e3o, como rodas de conversas nas unidades de sa\u00fade, a\u00e7\u00f5es no parque Cajamar Feliz, palestras sobre o tema e oficinas terap\u00eauticas. Assim que tivermos um cronograma definido iremos divulgar.<\/p>\n\n\n\n<p>Quem quiser saber mais sobre o Janeiro Branco, ou aderir ao movimento, pode acessar o site oficial da Campanha (<a href=\"http:\/\/www.janeirobranco.com.br\">www.janeirobranco.com.br<\/a>).<\/p>\n","protected":false},"excerpt":{"rendered":"<p>Com o tema \u201cA vida pede equil\u00edbrio!&#8221;, a 10\u00aa edi\u00e7\u00e3o do movimento brasileiro pela Sa\u00fade Mental promove diversas a\u00e7\u00f5es no Brasil e no exterior<\/p>\n","protected":false},"author":23,"featured_media":30961,"comment_status":"closed","ping_status":"0","sticky":true,"template":"","format":"standard","meta":{"footnotes":""},"categories":[2],"tags":[1798,933],"posicao":[28],"class_list":["post-30960","post","type-post","status-publish","format-standard","has-post-thumbnail","hentry","category-saude","tag-janeiro-branco","tag-saude-mental","posicao-destaque"],"_links":{"self":[{"href":"https:\/\/cajamar.sp.gov.br\/noticias\/wp-json\/wp\/v2\/posts\/30960","targetHints":{"allow":["GET"]}}],"collection":[{"href":"https:\/\/cajamar.sp.gov.br\/noticias\/wp-json\/wp\/v2\/posts"}],"about":[{"href":"https:\/\/cajamar.sp.gov.br\/noticias\/wp-json\/wp\/v2\/types\/post"}],"author":[{"embeddable":true,"href":"https:\/\/cajamar.sp.gov.br\/noticias\/wp-json\/wp\/v2\/users\/23"}],"replies":[{"embeddable":true,"href":"https:\/\/cajamar.sp.gov.br\/noticias\/wp-json\/wp\/v2\/comments?post=30960"}],"version-history":[{"count":1,"href":"https:\/\/cajamar.sp.gov.br\/noticias\/wp-json\/wp\/v2\/posts\/30960\/revisions"}],"predecessor-version":[{"id":30962,"href":"https:\/\/cajamar.sp.gov.br\/noticias\/wp-json\/wp\/v2\/posts\/30960\/revisions\/30962"}],"wp:featuredmedia":[{"embeddable":true,"href":"https:\/\/cajamar.sp.gov.br\/noticias\/wp-json\/wp\/v2\/media\/30961"}],"wp:attachment":[{"href":"https:\/\/cajamar.sp.gov.br\/noticias\/wp-json\/wp\/v2\/media?parent=30960"}],"wp:term":[{"taxonomy":"category","embeddable":true,"href":"https:\/\/cajamar.sp.gov.br\/noticias\/wp-json\/wp\/v2\/categories?post=30960"},{"taxonomy":"post_tag","embeddable":true,"href":"https:\/\/cajamar.sp.gov.br\/noticias\/wp-json\/wp\/v2\/tags?post=30960"},{"taxonomy":"posicao","embeddable":true,"href":"https:\/\/cajamar.sp.gov.br\/noticias\/wp-json\/wp\/v2\/posicao?post=30960"}],"curies":[{"name":"wp","href":"https:\/\/api.w.org\/{rel}","templated":true}]}}