{"id":31066,"date":"2023-01-23T15:56:56","date_gmt":"2023-01-23T18:56:56","guid":{"rendered":"https:\/\/cajamar.sp.gov.br\/noticias\/?p=31066"},"modified":"2023-01-23T15:56:56","modified_gmt":"2023-01-23T18:56:56","slug":"cafe-com-conversa-fundo-social-promove-palestra-sobre-saude-mental","status":"publish","type":"post","link":"https:\/\/cajamar.sp.gov.br\/noticias\/2023\/01\/23\/cafe-com-conversa-fundo-social-promove-palestra-sobre-saude-mental\/","title":{"rendered":"Caf\u00e9 com conversa: Fundo Social promove palestra sobre sa\u00fade mental"},"content":{"rendered":"\n<figure class=\"wp-block-image size-full\"><a href=\"https:\/\/cajamar.sp.gov.br\/noticias\/wp-content\/uploads\/sites\/2\/2023\/01\/image-19.png\"><img fetchpriority=\"high\" decoding=\"async\" width=\"1280\" height=\"920\" src=\"https:\/\/cajamar.sp.gov.br\/noticias\/wp-content\/uploads\/sites\/2\/2023\/01\/image-19.png\" alt=\"\" class=\"wp-image-31067\" srcset=\"https:\/\/cajamar.sp.gov.br\/noticias\/wp-content\/uploads\/sites\/2\/2023\/01\/image-19.png 1280w, https:\/\/cajamar.sp.gov.br\/noticias\/wp-content\/uploads\/sites\/2\/2023\/01\/image-19-768x552.png 768w\" sizes=\"(max-width: 1280px) 100vw, 1280px\" \/><\/a><\/figure>\n\n\n\n<p>No pr\u00f3ximo dia 30 de janeiro (segunda-feira), a partir das 16h, o Fundo Social de Solidariedade ir\u00e1 promover uma tarde de \u2018Caf\u00e9 com Conversa\u2019 na Casa de Acolhimento da Mulher de Cajamar, localizada na Rua Osvaldo de Lorenzi n\u00ba 273 \u2013 Jordan\u00e9sia.<\/p>\n\n\n\n<p>O encontro \u00e9 recomendado para maiores de 18 anos e contar\u00e1 com a participa\u00e7\u00e3o de duas palestrantes: Leila Junqueira e Adriana Satu, que ir\u00e3o abordar o tema \u201cA import\u00e2ncia da sa\u00fade mental em nossas vidas\u201d. Tamb\u00e9m haver\u00e1 a participa\u00e7\u00e3o de profissionais da Secretaria de Sa\u00fade.<\/p>\n\n\n\n<p>O evento faz parte das a\u00e7\u00f5es da campanha Janeiro Branco, que tem como objetivo promover a conscientiza\u00e7\u00e3o sobre a import\u00e2ncia da preven\u00e7\u00e3o ao adoecimento emocional, algo que gera impactos preocupantes em nossa sociedade.<\/p>\n\n\n\n<p>Inscreva-se pelo telefone: (11) 4446-0032<\/p>\n","protected":false},"excerpt":{"rendered":"<p>O encontro ser\u00e1 realizado na Casa de Acolhimento da Mulher de Cajamar, com o tema &#8220;A import\u00e2ncia da sa\u00fade mental em nossas vidas\u201d<\/p>\n","protected":false},"author":34,"featured_media":31067,"comment_status":"closed","ping_status":"0","sticky":true,"template":"","format":"standard","meta":{"footnotes":""},"categories":[16],"tags":[117,1798],"posicao":[28],"class_list":["post-31066","post","type-post","status-publish","format-standard","has-post-thumbnail","hentry","category-fundo-social-cajamar","tag-fundo-social","tag-janeiro-branco","posicao-destaque"],"_links":{"self":[{"href":"https:\/\/cajamar.sp.gov.br\/noticias\/wp-json\/wp\/v2\/posts\/31066","targetHints":{"allow":["GET"]}}],"collection":[{"href":"https:\/\/cajamar.sp.gov.br\/noticias\/wp-json\/wp\/v2\/posts"}],"about":[{"href":"https:\/\/cajamar.sp.gov.br\/noticias\/wp-json\/wp\/v2\/types\/post"}],"author":[{"embeddable":true,"href":"https:\/\/cajamar.sp.gov.br\/noticias\/wp-json\/wp\/v2\/users\/34"}],"replies":[{"embeddable":true,"href":"https:\/\/cajamar.sp.gov.br\/noticias\/wp-json\/wp\/v2\/comments?post=31066"}],"version-history":[{"count":1,"href":"https:\/\/cajamar.sp.gov.br\/noticias\/wp-json\/wp\/v2\/posts\/31066\/revisions"}],"predecessor-version":[{"id":31068,"href":"https:\/\/cajamar.sp.gov.br\/noticias\/wp-json\/wp\/v2\/posts\/31066\/revisions\/31068"}],"wp:featuredmedia":[{"embeddable":true,"href":"https:\/\/cajamar.sp.gov.br\/noticias\/wp-json\/wp\/v2\/media\/31067"}],"wp:attachment":[{"href":"https:\/\/cajamar.sp.gov.br\/noticias\/wp-json\/wp\/v2\/media?parent=31066"}],"wp:term":[{"taxonomy":"category","embeddable":true,"href":"https:\/\/cajamar.sp.gov.br\/noticias\/wp-json\/wp\/v2\/categories?post=31066"},{"taxonomy":"post_tag","embeddable":true,"href":"https:\/\/cajamar.sp.gov.br\/noticias\/wp-json\/wp\/v2\/tags?post=31066"},{"taxonomy":"posicao","embeddable":true,"href":"https:\/\/cajamar.sp.gov.br\/noticias\/wp-json\/wp\/v2\/posicao?post=31066"}],"curies":[{"name":"wp","href":"https:\/\/api.w.org\/{rel}","templated":true}]}}