{"id":31091,"date":"2023-01-24T15:28:18","date_gmt":"2023-01-24T18:28:18","guid":{"rendered":"https:\/\/cajamar.sp.gov.br\/noticias\/?p=31091"},"modified":"2023-01-24T15:28:18","modified_gmt":"2023-01-24T18:28:18","slug":"capacitacao-sebrae-seja-um-empreendedor-com-atitudes-certeiras","status":"publish","type":"post","link":"https:\/\/cajamar.sp.gov.br\/noticias\/2023\/01\/24\/capacitacao-sebrae-seja-um-empreendedor-com-atitudes-certeiras\/","title":{"rendered":"Capacita\u00e7\u00e3o Sebrae: Seja um empreendedor com atitudes certeiras"},"content":{"rendered":"\n<figure class=\"wp-block-image size-full\"><a href=\"https:\/\/cajamar.sp.gov.br\/noticias\/wp-content\/uploads\/sites\/2\/2023\/01\/image-21.png\"><img fetchpriority=\"high\" decoding=\"async\" width=\"1200\" height=\"900\" src=\"https:\/\/cajamar.sp.gov.br\/noticias\/wp-content\/uploads\/sites\/2\/2023\/01\/image-21.png\" alt=\"\" class=\"wp-image-31092\" srcset=\"https:\/\/cajamar.sp.gov.br\/noticias\/wp-content\/uploads\/sites\/2\/2023\/01\/image-21.png 1200w, https:\/\/cajamar.sp.gov.br\/noticias\/wp-content\/uploads\/sites\/2\/2023\/01\/image-21-300x225.png 300w, https:\/\/cajamar.sp.gov.br\/noticias\/wp-content\/uploads\/sites\/2\/2023\/01\/image-21-768x576.png 768w\" sizes=\"(max-width: 1200px) 100vw, 1200px\" \/><\/a><\/figure>\n\n\n\n<p>O Fundo Social de Solidariedade, em parceria com o Sebrae de Cajamar, ir\u00e1 realizar mais um dia de capacita\u00e7\u00e3o profissional para os empreendedores cajamarenses com o tema \u201cSeja um Empreendedor com Atitudes Certeiras\u201d.<\/p>\n\n\n\n<p>O curso \u00e9 voltado para empreendedores e pessoas que desejam iniciar um novo neg\u00f3cio, com dicas e orienta\u00e7\u00f5es sobre as caracter\u00edsticas empreendedoras e como elas impactam diretamente no sucesso do neg\u00f3cio.<\/p>\n\n\n\n<p>O evento acontecer\u00e1 no dia 30 de janeiro em dois hor\u00e1rios: das 08h \u00e0s 12h e das 13h \u00e0s 17h, na sede do Fundo Social, localizada na Av. Arnaldo Rojek, 403. As inscri\u00e7\u00f5es j\u00e1 est\u00e3o abertas e podem ser realizadas de forma gratuita.<\/p>\n\n\n\n<p>Os interessados devem realizar cadastro e se inscrever atrav\u00e9s do link <a href=\"https:\/\/bit.ly\/3Jap5pk\">https:\/\/bit.ly\/3Jap5pk<\/a><\/p>\n","protected":false},"excerpt":{"rendered":"<p>Avalie suas compet\u00eancias empreendedoras e descubra quais voc\u00ea deve desenvolver para ter sucesso no seu neg\u00f3cio<\/p>\n","protected":false},"author":34,"featured_media":31092,"comment_status":"closed","ping_status":"0","sticky":true,"template":"","format":"standard","meta":{"footnotes":""},"categories":[16],"tags":[983,201],"posicao":[28],"class_list":["post-31091","post","type-post","status-publish","format-standard","has-post-thumbnail","hentry","category-fundo-social-cajamar","tag-empreendedor","tag-sebrae","posicao-destaque"],"_links":{"self":[{"href":"https:\/\/cajamar.sp.gov.br\/noticias\/wp-json\/wp\/v2\/posts\/31091","targetHints":{"allow":["GET"]}}],"collection":[{"href":"https:\/\/cajamar.sp.gov.br\/noticias\/wp-json\/wp\/v2\/posts"}],"about":[{"href":"https:\/\/cajamar.sp.gov.br\/noticias\/wp-json\/wp\/v2\/types\/post"}],"author":[{"embeddable":true,"href":"https:\/\/cajamar.sp.gov.br\/noticias\/wp-json\/wp\/v2\/users\/34"}],"replies":[{"embeddable":true,"href":"https:\/\/cajamar.sp.gov.br\/noticias\/wp-json\/wp\/v2\/comments?post=31091"}],"version-history":[{"count":1,"href":"https:\/\/cajamar.sp.gov.br\/noticias\/wp-json\/wp\/v2\/posts\/31091\/revisions"}],"predecessor-version":[{"id":31093,"href":"https:\/\/cajamar.sp.gov.br\/noticias\/wp-json\/wp\/v2\/posts\/31091\/revisions\/31093"}],"wp:featuredmedia":[{"embeddable":true,"href":"https:\/\/cajamar.sp.gov.br\/noticias\/wp-json\/wp\/v2\/media\/31092"}],"wp:attachment":[{"href":"https:\/\/cajamar.sp.gov.br\/noticias\/wp-json\/wp\/v2\/media?parent=31091"}],"wp:term":[{"taxonomy":"category","embeddable":true,"href":"https:\/\/cajamar.sp.gov.br\/noticias\/wp-json\/wp\/v2\/categories?post=31091"},{"taxonomy":"post_tag","embeddable":true,"href":"https:\/\/cajamar.sp.gov.br\/noticias\/wp-json\/wp\/v2\/tags?post=31091"},{"taxonomy":"posicao","embeddable":true,"href":"https:\/\/cajamar.sp.gov.br\/noticias\/wp-json\/wp\/v2\/posicao?post=31091"}],"curies":[{"name":"wp","href":"https:\/\/api.w.org\/{rel}","templated":true}]}}