{"id":31125,"date":"2023-01-27T23:10:05","date_gmt":"2023-01-28T02:10:05","guid":{"rendered":"https:\/\/cajamar.sp.gov.br\/noticias\/?p=31125"},"modified":"2023-01-27T23:10:05","modified_gmt":"2023-01-28T02:10:05","slug":"caps-infantil-realiza-piquenique-no-parque-cajamar-feliz","status":"publish","type":"post","link":"https:\/\/cajamar.sp.gov.br\/noticias\/2023\/01\/27\/caps-infantil-realiza-piquenique-no-parque-cajamar-feliz\/","title":{"rendered":"CAPS Infantil realiza piquenique no Parque Cajamar Feliz"},"content":{"rendered":"\n<figure class=\"wp-block-image size-full\"><a href=\"https:\/\/cajamar.sp.gov.br\/noticias\/wp-content\/uploads\/sites\/2\/2023\/01\/image-24.png\"><img fetchpriority=\"high\" decoding=\"async\" width=\"1200\" height=\"900\" src=\"https:\/\/cajamar.sp.gov.br\/noticias\/wp-content\/uploads\/sites\/2\/2023\/01\/image-24.png\" alt=\"\" class=\"wp-image-31126\" srcset=\"https:\/\/cajamar.sp.gov.br\/noticias\/wp-content\/uploads\/sites\/2\/2023\/01\/image-24.png 1200w, https:\/\/cajamar.sp.gov.br\/noticias\/wp-content\/uploads\/sites\/2\/2023\/01\/image-24-300x225.png 300w, https:\/\/cajamar.sp.gov.br\/noticias\/wp-content\/uploads\/sites\/2\/2023\/01\/image-24-768x576.png 768w\" sizes=\"(max-width: 1200px) 100vw, 1200px\" \/><\/a><\/figure>\n\n\n\n<p>Na manh\u00e3 da \u00faltima quinta-feira (26), um animado grupo formado por usu\u00e1rios do Centro de Aten\u00e7\u00e3o Psicossocial Infantojuvenil (CAPS i), os respons\u00e1veis das crian\u00e7as e os t\u00e9cnicos do equipamento visitaram o Parque Cajamar Feliz no Polvilho.<\/p>\n\n\n\n<p>A atividade, reuniu cerca de 30 pessoas e faz parte da campanha alusiva ao m\u00eas Janeiro Branco, que tem por objetivo conscientizar as pessoas sobre a import\u00e2ncia do cuidado com a sa\u00fade mental.<\/p>\n\n\n\n<p>Al\u00e9m do piquenique, os visitantes utilizaram os brinquedos do espa\u00e7o e participaram de atividades l\u00fadicas com muitas brincadeiras que fizeram a alegria de crian\u00e7as e familiares. Um momento de integra\u00e7\u00e3o familiar, que reuniu tamb\u00e9m profissionais da Rede de Aten\u00e7\u00e3o Psicossocial do Munic\u00edpio, entre eles: psic\u00f3logas, fonoaudi\u00f3logas, terapeutas ocupacionais, enfermeira especializada em sa\u00fade mental e os gestores.<\/p>\n\n\n\n<p>Segundo a secret\u00e1ria de Sa\u00fade, a m\u00e9dica pediatra, Dra. Patr\u00edcia Haddad, o objetivo da atividade proposta pelo CAPSi, foi de oferecer um dia de lazer e reinser\u00e7\u00e3o social dos usu\u00e1rios e fortalecimento dos v\u00ednculos familiares e comunit\u00e1rios. \u201cFoi um dia muito importante para as crian\u00e7as, al\u00e9m de que, o piquenique oferecido durante a a\u00e7\u00e3o teve como objetivo trabalhar a seletividade alimentar das crian\u00e7as, que \u00e9 uma dificuldade presente no espectro autista\u201d, afirmou a respons\u00e1vel da pasta.<\/p>\n\n\n\n<p>A atividade faz parte do tratamento terap\u00eautico dos usu\u00e1rios do CAPS Infantil. \u201cA socializa\u00e7\u00e3o e o contato com a natureza \u00e9 de suma import\u00e2ncia para as crian\u00e7as e influencia diretamente no processo do tratamento\u201d, destacou a psic\u00f3loga Rebeca Lima, gestora de programas da Aten\u00e7\u00e3o Especializada e Sa\u00fade Mental.<\/p>\n\n\n\n<figure class=\"wp-block-gallery has-nested-images columns-default is-cropped wp-block-gallery-1 is-layout-flex wp-block-gallery-is-layout-flex\">\n<figure class=\"wp-block-image size-large\"><img decoding=\"async\" width=\"1200\" height=\"900\" data-id=\"31132\" src=\"https:\/\/cajamar.sp.gov.br\/noticias\/wp-content\/uploads\/sites\/2\/2023\/01\/01-4.jpg\" alt=\"\" class=\"wp-image-31132\" srcset=\"https:\/\/cajamar.sp.gov.br\/noticias\/wp-content\/uploads\/sites\/2\/2023\/01\/01-4.jpg 1200w, https:\/\/cajamar.sp.gov.br\/noticias\/wp-content\/uploads\/sites\/2\/2023\/01\/01-4-300x225.jpg 300w, https:\/\/cajamar.sp.gov.br\/noticias\/wp-content\/uploads\/sites\/2\/2023\/01\/01-4-768x576.jpg 768w\" sizes=\"(max-width: 1200px) 100vw, 1200px\" \/><\/figure>\n\n\n\n<figure class=\"wp-block-image size-large\"><img decoding=\"async\" width=\"1200\" height=\"900\" data-id=\"31129\" src=\"https:\/\/cajamar.sp.gov.br\/noticias\/wp-content\/uploads\/sites\/2\/2023\/01\/02-5.jpg\" alt=\"\" class=\"wp-image-31129\" srcset=\"https:\/\/cajamar.sp.gov.br\/noticias\/wp-content\/uploads\/sites\/2\/2023\/01\/02-5.jpg 1200w, https:\/\/cajamar.sp.gov.br\/noticias\/wp-content\/uploads\/sites\/2\/2023\/01\/02-5-300x225.jpg 300w, https:\/\/cajamar.sp.gov.br\/noticias\/wp-content\/uploads\/sites\/2\/2023\/01\/02-5-768x576.jpg 768w\" sizes=\"(max-width: 1200px) 100vw, 1200px\" \/><\/figure>\n\n\n\n<figure class=\"wp-block-image size-large\"><img loading=\"lazy\" decoding=\"async\" width=\"1200\" height=\"900\" data-id=\"31131\" src=\"https:\/\/cajamar.sp.gov.br\/noticias\/wp-content\/uploads\/sites\/2\/2023\/01\/03-5.jpg\" alt=\"\" class=\"wp-image-31131\" srcset=\"https:\/\/cajamar.sp.gov.br\/noticias\/wp-content\/uploads\/sites\/2\/2023\/01\/03-5.jpg 1200w, https:\/\/cajamar.sp.gov.br\/noticias\/wp-content\/uploads\/sites\/2\/2023\/01\/03-5-300x225.jpg 300w, https:\/\/cajamar.sp.gov.br\/noticias\/wp-content\/uploads\/sites\/2\/2023\/01\/03-5-768x576.jpg 768w\" sizes=\"(max-width: 1200px) 100vw, 1200px\" \/><\/figure>\n\n\n\n<figure class=\"wp-block-image size-large\"><img loading=\"lazy\" decoding=\"async\" width=\"1200\" height=\"900\" data-id=\"31127\" src=\"https:\/\/cajamar.sp.gov.br\/noticias\/wp-content\/uploads\/sites\/2\/2023\/01\/04-5.jpg\" alt=\"\" class=\"wp-image-31127\" srcset=\"https:\/\/cajamar.sp.gov.br\/noticias\/wp-content\/uploads\/sites\/2\/2023\/01\/04-5.jpg 1200w, https:\/\/cajamar.sp.gov.br\/noticias\/wp-content\/uploads\/sites\/2\/2023\/01\/04-5-300x225.jpg 300w, https:\/\/cajamar.sp.gov.br\/noticias\/wp-content\/uploads\/sites\/2\/2023\/01\/04-5-768x576.jpg 768w\" sizes=\"(max-width: 1200px) 100vw, 1200px\" \/><\/figure>\n\n\n\n<figure class=\"wp-block-image size-large\"><img loading=\"lazy\" decoding=\"async\" width=\"1200\" height=\"900\" data-id=\"31128\" src=\"https:\/\/cajamar.sp.gov.br\/noticias\/wp-content\/uploads\/sites\/2\/2023\/01\/05-5.jpg\" alt=\"\" class=\"wp-image-31128\" srcset=\"https:\/\/cajamar.sp.gov.br\/noticias\/wp-content\/uploads\/sites\/2\/2023\/01\/05-5.jpg 1200w, https:\/\/cajamar.sp.gov.br\/noticias\/wp-content\/uploads\/sites\/2\/2023\/01\/05-5-300x225.jpg 300w, https:\/\/cajamar.sp.gov.br\/noticias\/wp-content\/uploads\/sites\/2\/2023\/01\/05-5-768x576.jpg 768w\" sizes=\"(max-width: 1200px) 100vw, 1200px\" \/><\/figure>\n\n\n\n<figure class=\"wp-block-image size-large\"><img loading=\"lazy\" decoding=\"async\" width=\"1200\" height=\"900\" data-id=\"31130\" src=\"https:\/\/cajamar.sp.gov.br\/noticias\/wp-content\/uploads\/sites\/2\/2023\/01\/06-4.jpg\" alt=\"\" class=\"wp-image-31130\" srcset=\"https:\/\/cajamar.sp.gov.br\/noticias\/wp-content\/uploads\/sites\/2\/2023\/01\/06-4.jpg 1200w, https:\/\/cajamar.sp.gov.br\/noticias\/wp-content\/uploads\/sites\/2\/2023\/01\/06-4-300x225.jpg 300w, https:\/\/cajamar.sp.gov.br\/noticias\/wp-content\/uploads\/sites\/2\/2023\/01\/06-4-768x576.jpg 768w\" sizes=\"(max-width: 1200px) 100vw, 1200px\" \/><\/figure>\n<\/figure>\n","protected":false},"excerpt":{"rendered":"<p>A a\u00e7\u00e3o reuniu cerca de 30 pessoas, entre t\u00e9cnicos do Centro de Aten\u00e7\u00e3o Psicossocial Infantojuvenil, usu\u00e1rios e seus familiares<\/p>\n","protected":false},"author":34,"featured_media":31126,"comment_status":"closed","ping_status":"0","sticky":true,"template":"","format":"standard","meta":{"footnotes":""},"categories":[2],"tags":[1825,1622],"posicao":[28],"class_list":["post-31125","post","type-post","status-publish","format-standard","has-post-thumbnail","hentry","category-saude","tag-caps","tag-social","posicao-destaque"],"_links":{"self":[{"href":"https:\/\/cajamar.sp.gov.br\/noticias\/wp-json\/wp\/v2\/posts\/31125","targetHints":{"allow":["GET"]}}],"collection":[{"href":"https:\/\/cajamar.sp.gov.br\/noticias\/wp-json\/wp\/v2\/posts"}],"about":[{"href":"https:\/\/cajamar.sp.gov.br\/noticias\/wp-json\/wp\/v2\/types\/post"}],"author":[{"embeddable":true,"href":"https:\/\/cajamar.sp.gov.br\/noticias\/wp-json\/wp\/v2\/users\/34"}],"replies":[{"embeddable":true,"href":"https:\/\/cajamar.sp.gov.br\/noticias\/wp-json\/wp\/v2\/comments?post=31125"}],"version-history":[{"count":1,"href":"https:\/\/cajamar.sp.gov.br\/noticias\/wp-json\/wp\/v2\/posts\/31125\/revisions"}],"predecessor-version":[{"id":31133,"href":"https:\/\/cajamar.sp.gov.br\/noticias\/wp-json\/wp\/v2\/posts\/31125\/revisions\/31133"}],"wp:featuredmedia":[{"embeddable":true,"href":"https:\/\/cajamar.sp.gov.br\/noticias\/wp-json\/wp\/v2\/media\/31126"}],"wp:attachment":[{"href":"https:\/\/cajamar.sp.gov.br\/noticias\/wp-json\/wp\/v2\/media?parent=31125"}],"wp:term":[{"taxonomy":"category","embeddable":true,"href":"https:\/\/cajamar.sp.gov.br\/noticias\/wp-json\/wp\/v2\/categories?post=31125"},{"taxonomy":"post_tag","embeddable":true,"href":"https:\/\/cajamar.sp.gov.br\/noticias\/wp-json\/wp\/v2\/tags?post=31125"},{"taxonomy":"posicao","embeddable":true,"href":"https:\/\/cajamar.sp.gov.br\/noticias\/wp-json\/wp\/v2\/posicao?post=31125"}],"curies":[{"name":"wp","href":"https:\/\/api.w.org\/{rel}","templated":true}]}}