{"id":31176,"date":"2023-02-01T20:16:18","date_gmt":"2023-02-01T23:16:18","guid":{"rendered":"https:\/\/cajamar.sp.gov.br\/noticias\/?p=31176"},"modified":"2023-02-08T14:50:43","modified_gmt":"2023-02-08T17:50:43","slug":"secretaria-municipal-de-saude-ira-realizar-pre-conferencia-da-saude-2023","status":"publish","type":"post","link":"https:\/\/cajamar.sp.gov.br\/noticias\/2023\/02\/01\/secretaria-municipal-de-saude-ira-realizar-pre-conferencia-da-saude-2023\/","title":{"rendered":"Secretaria Municipal de Sa\u00fade, ir\u00e1 realizar Pr\u00e9-Confer\u00eancia da Sa\u00fade 2023"},"content":{"rendered":"\n<figure class=\"wp-block-image size-full\"><img fetchpriority=\"high\" decoding=\"async\" width=\"1280\" height=\"920\" src=\"https:\/\/cajamar.sp.gov.br\/noticias\/wp-content\/uploads\/sites\/2\/2023\/02\/image.png\" alt=\"\" class=\"wp-image-31177\" srcset=\"https:\/\/cajamar.sp.gov.br\/noticias\/wp-content\/uploads\/sites\/2\/2023\/02\/image.png 1280w, https:\/\/cajamar.sp.gov.br\/noticias\/wp-content\/uploads\/sites\/2\/2023\/02\/image-768x552.png 768w\" sizes=\"(max-width: 1280px) 100vw, 1280px\" \/><\/figure>\n\n\n\n<p>No dia 25 de fevereiro, a Secretaria de Sa\u00fade ir\u00e1 realizar a Pr\u00e9-Confer\u00eancia da Sa\u00fade 2023. O encontro ser\u00e1 realizado em diversas unidades de sa\u00fade, onde ser\u00e3o replicados os temas das etapas municipais, tendo como tema principal \u201cAmanh\u00e3 vai ser outro dia\u201d.<\/p>\n\n\n\n<p>A pr\u00e9-confer\u00eancia acontecer\u00e1 no dia 25 de fevereiro entre 9h e 12h, nas seguintes unidades de sa\u00fade: USF Nad\u00edlia de Oliveira Santos (S\u00c3O BENEDITO, km 43); UBS Dra. Izabel Gratieri (POLVILHO); UBS Enf. Carlos Moreira da Silva ( JORDAN\u00c9SIA); USF Ver. Joaquim Alves de Castro (CAJAMAR CENTRO); UBS Enf. Leontina Martins de Fran\u00e7a ( PQ S\u00c3O ROBERTO); e USF Manoel In\u00e1cio da Silva ( PQ MARIA APARECIDA).<\/p>\n\n\n\n<p>Al\u00e9m do tema principal ser\u00e3o abordados os seguintes eixos:<\/p>\n\n\n\n<p>I \u2013 O Brasil que temos. O Brasil que queremos;<\/p>\n\n\n\n<p>II &#8211; O papel do controle social e dos movimentos sociais para salvar vidas;<\/p>\n\n\n\n<p>III \u2013 Garantir direitos e defender o SUS, a vida e a democracia;<\/p>\n\n\n\n<p>IV \u2013 Amanh\u00e3 vai ser outro dia para todas as pessoas.<\/p>\n\n\n\n<p>Essa etapa antecede a Confer\u00eancia da Sa\u00fade, que ser\u00e1 realizada pela Secretaria de Sa\u00fade de Cajamar, e ter\u00e1 como objetivo avaliar a situa\u00e7\u00e3o do Sistema \u00danico de sa\u00fade &#8211; SUS e propor diretrizes para fortalecimento da Sa\u00fade p\u00fablica no Brasil.<\/p>\n\n\n\n<p>PR\u00c9 CONFER\u00caNCIA DA SA\u00daDE 2023<\/p>\n\n\n\n<p>\ud83d\uddd3\ufe0f 25 de fevereiro<\/p>\n\n\n\n<p>\u23f0 Das 9h \u00e0s 12h<\/p>\n\n\n\n<p>\u2714\ufe0f USF Nad\u00edlia de Oliveira Santos (S\u00c3O BENEDITO, km 43)<\/p>\n\n\n\n<p>\ud83d\udccd Rua Bela Vista n\u00ba 1200<\/p>\n\n\n\n<p>\u2714\ufe0f UBS Dra. Izabel Gratieri (POLVILHO)<\/p>\n\n\n\n<p>\ud83d\udccd Rua Timburi n\u00ba 121<\/p>\n\n\n\n<p>\u2714\ufe0f UBS Enf. Carlos Moreira da Silva ( JORDAN\u00c9SIA)<\/p>\n\n\n\n<p>\ud83d\udccd Av. Dr. Jo\u00e3o Abdalla n\u00ba 850<\/p>\n\n\n\n<p>\u2714\ufe0f USF Ver. Joaquim Alves de Castro (CAJAMAR CENTRO)<\/p>\n\n\n\n<p>\ud83d\udccd Av. Prof. Walter Ribas de Andrade n\u00ba 544<\/p>\n\n\n\n<p>\u2714\ufe0f UBS Enf. Leontina Martins de Fran\u00e7a ( PQ S\u00c3O ROBERTO)<\/p>\n\n\n\n<p>\ud83d\udccd Av. Dr. Jos\u00e9 Lu\u00edz Leme Maciel n\u00ba 179<\/p>\n\n\n\n<p>\u2714\ufe0f USF Manoel In\u00e1cio da Silva ( PQ MARIA APARECIDA)<\/p>\n\n\n\n<p>\ud83d\udccd Av. das Juritis n\u00ba 385<\/p>\n","protected":false},"excerpt":{"rendered":"<p>A etapa antecede a Confer\u00eancia da Sa\u00fade, que tem como objetivo avaliar a situa\u00e7\u00e3o do Sistema \u00danico de Sa\u00fade &#8211; SUS e propor diretrizes para fortalecimento da Sa\u00fade p\u00fablica no Brasil.<\/p>\n","protected":false},"author":34,"featured_media":31177,"comment_status":"closed","ping_status":"closed","sticky":true,"template":"","format":"standard","meta":{"footnotes":""},"categories":[2],"tags":[],"posicao":[28],"class_list":["post-31176","post","type-post","status-publish","format-standard","has-post-thumbnail","hentry","category-saude","posicao-destaque"],"_links":{"self":[{"href":"https:\/\/cajamar.sp.gov.br\/noticias\/wp-json\/wp\/v2\/posts\/31176","targetHints":{"allow":["GET"]}}],"collection":[{"href":"https:\/\/cajamar.sp.gov.br\/noticias\/wp-json\/wp\/v2\/posts"}],"about":[{"href":"https:\/\/cajamar.sp.gov.br\/noticias\/wp-json\/wp\/v2\/types\/post"}],"author":[{"embeddable":true,"href":"https:\/\/cajamar.sp.gov.br\/noticias\/wp-json\/wp\/v2\/users\/34"}],"replies":[{"embeddable":true,"href":"https:\/\/cajamar.sp.gov.br\/noticias\/wp-json\/wp\/v2\/comments?post=31176"}],"version-history":[{"count":3,"href":"https:\/\/cajamar.sp.gov.br\/noticias\/wp-json\/wp\/v2\/posts\/31176\/revisions"}],"predecessor-version":[{"id":31245,"href":"https:\/\/cajamar.sp.gov.br\/noticias\/wp-json\/wp\/v2\/posts\/31176\/revisions\/31245"}],"wp:featuredmedia":[{"embeddable":true,"href":"https:\/\/cajamar.sp.gov.br\/noticias\/wp-json\/wp\/v2\/media\/31177"}],"wp:attachment":[{"href":"https:\/\/cajamar.sp.gov.br\/noticias\/wp-json\/wp\/v2\/media?parent=31176"}],"wp:term":[{"taxonomy":"category","embeddable":true,"href":"https:\/\/cajamar.sp.gov.br\/noticias\/wp-json\/wp\/v2\/categories?post=31176"},{"taxonomy":"post_tag","embeddable":true,"href":"https:\/\/cajamar.sp.gov.br\/noticias\/wp-json\/wp\/v2\/tags?post=31176"},{"taxonomy":"posicao","embeddable":true,"href":"https:\/\/cajamar.sp.gov.br\/noticias\/wp-json\/wp\/v2\/posicao?post=31176"}],"curies":[{"name":"wp","href":"https:\/\/api.w.org\/{rel}","templated":true}]}}