{"id":31230,"date":"2023-02-07T15:29:09","date_gmt":"2023-02-07T18:29:09","guid":{"rendered":"https:\/\/cajamar.sp.gov.br\/noticias\/?p=31230"},"modified":"2023-02-07T15:29:09","modified_gmt":"2023-02-07T18:29:09","slug":"jovem-cajamarense-cadastre-se-no-banco-de-talentos-da-secretaria-de-desenvolvimento-economico","status":"publish","type":"post","link":"https:\/\/cajamar.sp.gov.br\/noticias\/2023\/02\/07\/jovem-cajamarense-cadastre-se-no-banco-de-talentos-da-secretaria-de-desenvolvimento-economico\/","title":{"rendered":"Jovem cajamarense: cadastre-se no banco de talentos da Secretaria de Desenvolvimento Econ\u00f4mico!"},"content":{"rendered":"\n<figure class=\"wp-block-image size-full\"><a href=\"https:\/\/cajamar.sp.gov.br\/noticias\/wp-content\/uploads\/sites\/2\/2023\/02\/prancheta_3.png\"><img fetchpriority=\"high\" decoding=\"async\" width=\"1280\" height=\"920\" src=\"https:\/\/cajamar.sp.gov.br\/noticias\/wp-content\/uploads\/sites\/2\/2023\/02\/prancheta_3.png\" alt=\"\" class=\"wp-image-31231\" srcset=\"https:\/\/cajamar.sp.gov.br\/noticias\/wp-content\/uploads\/sites\/2\/2023\/02\/prancheta_3.png 1280w, https:\/\/cajamar.sp.gov.br\/noticias\/wp-content\/uploads\/sites\/2\/2023\/02\/prancheta_3-768x552.png 768w\" sizes=\"(max-width: 1280px) 100vw, 1280px\" \/><\/a><\/figure>\n\n\n\n<p>A Prefeitura de Cajamar, por meio da Secretaria de Desenvolvimento Econ\u00f4mico e Empreendedorismo e em parceria com as empresas do munic\u00edpio, convida os jovens a partir de 14 anos e que procuram inser\u00e7\u00e3o no mercado profissional a participarem de nossa campanha de cadastramento unificado.<\/p>\n\n\n\n<p>Essa a\u00e7\u00e3o tem como objetivo a reuni\u00e3o de informa\u00e7\u00f5es a respeito dos mun\u00edcipes cajamarenses interessados no primeiro emprego, em vagas de est\u00e1gio e no trabalho como jovem aprendiz. Essas informa\u00e7\u00f5es, al\u00e9m de serem fundamentais para o direcionamento adequado dos candidatos \u00e0s oportunidades de emprego dispon\u00edveis, fornecer\u00e3o um panorama das \u00e1reas com maior demanda de iniciativas de capacita\u00e7\u00e3o profissional, como o Aprendiz Empreendedor e cursos livres.<\/p>\n\n\n\n<p>A iniciativa, que engloba poder p\u00fablico, cidad\u00e3os e empresas locais, tem como objetivo a redu\u00e7\u00e3o da taxa de desemprego, a melhoria dos n\u00edveis de empregabilidade e eleva\u00e7\u00e3o da renda m\u00e9dias das fam\u00edlias de Cajamar.<\/p>\n\n\n\n<p>Para cadastro e demais informa\u00e7\u00f5es, acesse o link: <a href=\"https:\/\/forms.gle\/Lpj4h92beCbhZX929\">https:\/\/forms.gle\/Lpj4h92beCbhZX929<\/a><\/p>\n","protected":false},"excerpt":{"rendered":"<p>Os perfis ser\u00e3o direcionados para oportunidades de trabalho e qualifica\u00e7\u00e3o na cidade<\/p>\n","protected":false},"author":34,"featured_media":31231,"comment_status":"closed","ping_status":"0","sticky":true,"template":"","format":"standard","meta":{"footnotes":""},"categories":[42],"tags":[1841,69,1842],"posicao":[28],"class_list":["post-31230","post","type-post","status-publish","format-standard","has-post-thumbnail","hentry","category-emprego-e-relaccoes-de-trabalho","tag-1-emprego","tag-cajamar","tag-jovem","posicao-destaque"],"_links":{"self":[{"href":"https:\/\/cajamar.sp.gov.br\/noticias\/wp-json\/wp\/v2\/posts\/31230","targetHints":{"allow":["GET"]}}],"collection":[{"href":"https:\/\/cajamar.sp.gov.br\/noticias\/wp-json\/wp\/v2\/posts"}],"about":[{"href":"https:\/\/cajamar.sp.gov.br\/noticias\/wp-json\/wp\/v2\/types\/post"}],"author":[{"embeddable":true,"href":"https:\/\/cajamar.sp.gov.br\/noticias\/wp-json\/wp\/v2\/users\/34"}],"replies":[{"embeddable":true,"href":"https:\/\/cajamar.sp.gov.br\/noticias\/wp-json\/wp\/v2\/comments?post=31230"}],"version-history":[{"count":1,"href":"https:\/\/cajamar.sp.gov.br\/noticias\/wp-json\/wp\/v2\/posts\/31230\/revisions"}],"predecessor-version":[{"id":31232,"href":"https:\/\/cajamar.sp.gov.br\/noticias\/wp-json\/wp\/v2\/posts\/31230\/revisions\/31232"}],"wp:featuredmedia":[{"embeddable":true,"href":"https:\/\/cajamar.sp.gov.br\/noticias\/wp-json\/wp\/v2\/media\/31231"}],"wp:attachment":[{"href":"https:\/\/cajamar.sp.gov.br\/noticias\/wp-json\/wp\/v2\/media?parent=31230"}],"wp:term":[{"taxonomy":"category","embeddable":true,"href":"https:\/\/cajamar.sp.gov.br\/noticias\/wp-json\/wp\/v2\/categories?post=31230"},{"taxonomy":"post_tag","embeddable":true,"href":"https:\/\/cajamar.sp.gov.br\/noticias\/wp-json\/wp\/v2\/tags?post=31230"},{"taxonomy":"posicao","embeddable":true,"href":"https:\/\/cajamar.sp.gov.br\/noticias\/wp-json\/wp\/v2\/posicao?post=31230"}],"curies":[{"name":"wp","href":"https:\/\/api.w.org\/{rel}","templated":true}]}}