{"id":31246,"date":"2023-02-08T16:27:28","date_gmt":"2023-02-08T19:27:28","guid":{"rendered":"https:\/\/cajamar.sp.gov.br\/noticias\/?p=31246"},"modified":"2023-02-08T16:27:28","modified_gmt":"2023-02-08T19:27:28","slug":"credenciamento-para-festa-de-64-anos-de-cajamar","status":"publish","type":"post","link":"https:\/\/cajamar.sp.gov.br\/noticias\/2023\/02\/08\/credenciamento-para-festa-de-64-anos-de-cajamar\/","title":{"rendered":"<strong>Credenciamento para Festa de 64 anos de Cajamar<\/strong>"},"content":{"rendered":"\n<figure class=\"wp-block-image size-full\"><a href=\"https:\/\/cajamar.sp.gov.br\/noticias\/wp-content\/uploads\/sites\/2\/2023\/02\/image-5.png\"><img fetchpriority=\"high\" decoding=\"async\" width=\"1200\" height=\"627\" src=\"https:\/\/cajamar.sp.gov.br\/noticias\/wp-content\/uploads\/sites\/2\/2023\/02\/image-5.png\" alt=\"\" class=\"wp-image-31247\" srcset=\"https:\/\/cajamar.sp.gov.br\/noticias\/wp-content\/uploads\/sites\/2\/2023\/02\/image-5.png 1200w, https:\/\/cajamar.sp.gov.br\/noticias\/wp-content\/uploads\/sites\/2\/2023\/02\/image-5-768x401.png 768w\" sizes=\"(max-width: 1200px) 100vw, 1200px\" \/><\/a><\/figure>\n\n\n\n<p>A Prefeitura de Cajamar, atrav\u00e9s da Secretaria de Comunica\u00e7\u00e3o e Gest\u00e3o de Eventos, definiu as regras para credenciamento de ve\u00edculos de imprensa, para cobertura da FESTA DE 64 ANOS DE CAJAMAR, que acontecer\u00e1 nos dias 24, 25 e 26 de fevereiro, no Centro de Eventos Boi\u00f3dromo.<\/p>\n\n\n\n<p>O formul\u00e1rio j\u00e1 est\u00e1 dispon\u00edvel no site oficial da prefeitura. O credenciamento \u00e9 destinado \u00fanico e exclusivamente aos profissionais com comprovada atua\u00e7\u00e3o em ve\u00edculos de comunica\u00e7\u00e3o.<\/p>\n\n\n\n<p>O preenchimento do formul\u00e1rio n\u00e3o garante o credenciamento, pois o n\u00famero de credenciais \u00e9 limitado. As solicita\u00e7\u00f5es ser\u00e3o analisadas pela Secretaria de Comunica\u00e7\u00e3o e Gest\u00e3o de Eventos e os ve\u00edculos credenciados receber\u00e3o e-mail com a confirma\u00e7\u00e3o.<\/p>\n\n\n\n<p>As solicita\u00e7\u00f5es para credenciamento ser\u00e3o recebidas at\u00e9 o dia 17 de fevereiro, \u00e0s 15h. Os interessados devem preencher o formul\u00e1rio atrav\u00e9s do link: <a href=\"https:\/\/bit.ly\/3RQtmk4\">https:\/\/bit.ly\/3RQtmk4<\/a><\/p>\n","protected":false},"excerpt":{"rendered":"<p>Os interessados devem preencher este formul\u00e1rio at\u00e9 \u00e0s 15h do dia 17 de fevereiro, atrav\u00e9s do link: https:\/\/bit.ly\/3RQtmk4<\/p>\n","protected":false},"author":34,"featured_media":31247,"comment_status":"closed","ping_status":"0","sticky":true,"template":"","format":"standard","meta":{"footnotes":""},"categories":[16],"tags":[1843,1404,1534],"posicao":[28],"class_list":["post-31246","post","type-post","status-publish","format-standard","has-post-thumbnail","hentry","category-fundo-social-cajamar","tag-64-anos-de-cajamar","tag-boiodromo-2","tag-imprensa","posicao-destaque"],"_links":{"self":[{"href":"https:\/\/cajamar.sp.gov.br\/noticias\/wp-json\/wp\/v2\/posts\/31246","targetHints":{"allow":["GET"]}}],"collection":[{"href":"https:\/\/cajamar.sp.gov.br\/noticias\/wp-json\/wp\/v2\/posts"}],"about":[{"href":"https:\/\/cajamar.sp.gov.br\/noticias\/wp-json\/wp\/v2\/types\/post"}],"author":[{"embeddable":true,"href":"https:\/\/cajamar.sp.gov.br\/noticias\/wp-json\/wp\/v2\/users\/34"}],"replies":[{"embeddable":true,"href":"https:\/\/cajamar.sp.gov.br\/noticias\/wp-json\/wp\/v2\/comments?post=31246"}],"version-history":[{"count":1,"href":"https:\/\/cajamar.sp.gov.br\/noticias\/wp-json\/wp\/v2\/posts\/31246\/revisions"}],"predecessor-version":[{"id":31248,"href":"https:\/\/cajamar.sp.gov.br\/noticias\/wp-json\/wp\/v2\/posts\/31246\/revisions\/31248"}],"wp:featuredmedia":[{"embeddable":true,"href":"https:\/\/cajamar.sp.gov.br\/noticias\/wp-json\/wp\/v2\/media\/31247"}],"wp:attachment":[{"href":"https:\/\/cajamar.sp.gov.br\/noticias\/wp-json\/wp\/v2\/media?parent=31246"}],"wp:term":[{"taxonomy":"category","embeddable":true,"href":"https:\/\/cajamar.sp.gov.br\/noticias\/wp-json\/wp\/v2\/categories?post=31246"},{"taxonomy":"post_tag","embeddable":true,"href":"https:\/\/cajamar.sp.gov.br\/noticias\/wp-json\/wp\/v2\/tags?post=31246"},{"taxonomy":"posicao","embeddable":true,"href":"https:\/\/cajamar.sp.gov.br\/noticias\/wp-json\/wp\/v2\/posicao?post=31246"}],"curies":[{"name":"wp","href":"https:\/\/api.w.org\/{rel}","templated":true}]}}