{"id":31265,"date":"2023-02-09T16:42:34","date_gmt":"2023-02-09T19:42:34","guid":{"rendered":"https:\/\/cajamar.sp.gov.br\/noticias\/?p=31265"},"modified":"2023-02-09T16:47:07","modified_gmt":"2023-02-09T19:47:07","slug":"festa-de-64-de-cajamar-tera-shows-de-sorriso-maroto-nattanzinho-thiago-brava-banda-eva-e-wesley-safadao","status":"publish","type":"post","link":"https:\/\/cajamar.sp.gov.br\/noticias\/2023\/02\/09\/festa-de-64-de-cajamar-tera-shows-de-sorriso-maroto-nattanzinho-thiago-brava-banda-eva-e-wesley-safadao\/","title":{"rendered":"Festa de 64 de Cajamar ter\u00e1 shows de Sorriso Maroto, Nattanzinho, Thiago Brava, Banda Eva e Wesley Safad\u00e3o"},"content":{"rendered":"\n<figure class=\"wp-block-image size-large\"><img fetchpriority=\"high\" decoding=\"async\" width=\"1280\" height=\"670\" src=\"https:\/\/cajamar.sp.gov.br\/noticias\/wp-content\/uploads\/sites\/2\/2023\/02\/1600x838-1280x670.png\" alt=\"\" class=\"wp-image-31273\" srcset=\"https:\/\/cajamar.sp.gov.br\/noticias\/wp-content\/uploads\/sites\/2\/2023\/02\/1600x838-1280x670.png 1280w, https:\/\/cajamar.sp.gov.br\/noticias\/wp-content\/uploads\/sites\/2\/2023\/02\/1600x838-768x402.png 768w, https:\/\/cajamar.sp.gov.br\/noticias\/wp-content\/uploads\/sites\/2\/2023\/02\/1600x838-1536x804.png 1536w, https:\/\/cajamar.sp.gov.br\/noticias\/wp-content\/uploads\/sites\/2\/2023\/02\/1600x838.png 1600w\" sizes=\"(max-width: 1280px) 100vw, 1280px\" \/><\/figure>\n\n\n\n<p>Cajamar completa 64 anos no pr\u00f3ximo dia 18 de fevereiro e para comemorar essa data especial, a Prefeitura de Cajamar, atrav\u00e9s da Secretaria de Comunica\u00e7\u00e3o e Gest\u00e3o de Eventos, est\u00e1 preparando uma programa\u00e7\u00e3o diferenciada que acontecer\u00e1 ao longo do m\u00eas, com diversas entregas de servi\u00e7os e inaugura\u00e7\u00f5es, que faz parte das a\u00e7\u00f5es para melhoria da cidade.<\/p>\n\n\n\n<p>Dentre as entregas programadas est\u00e3o a inaugura\u00e7\u00e3o de tr\u00eas unidades do Col\u00e9gio do Futuro, para a amplia\u00e7\u00e3o de mais de 1.400 vagas; entrega de tr\u00eas salas de tecnologia; Inaugura\u00e7\u00e3o da Base da GCM no Portal; entrega de \u00f3culos para crian\u00e7as do projeto \u201cVer e Viver; entrega de t\u00edtulos de propriedade do Jd. Primavera; lan\u00e7amento do Programa Novo Lar, dentre outras novidades.<\/p>\n\n\n\n<p>Al\u00e9m dessas importantes entregas, nos dias 24, 25 e 26 de fevereiro ser\u00e1 realizada uma grande festa para comemorar os 64 anos da cidade, com Pra\u00e7a de Alimenta\u00e7\u00e3o comandada pelos comerciantes locais e shows com artistas de sucesso para celebrar a data.<\/p>\n\n\n\n<p>O primeiro dia ter\u00e1 a presen\u00e7a confirmada do grupo Sorriso Maroto e do cantor Nattanzinho. No s\u00e1bado (25), ter\u00e1 show da Banda Eva e do cantor Thiago Brava. No domingo (26) o encerramento das comemora\u00e7\u00f5es ficar\u00e1 por conta do cantor Wesley Safad\u00e3o, garantindo o sucesso deste evento especial em homenagem ao munic\u00edpio.<\/p>\n\n\n\n<p>A entrada para o show ser\u00e1 mediante a doa\u00e7\u00e3o de 1kg de alimento n\u00e3o perec\u00edvel, que ser\u00e3o encaminhados para as fam\u00edlias em situa\u00e7\u00e3o de vulnerabilidade social, atrav\u00e9s dos projetos do Fundo Social de Solidariedade. Confira a programa\u00e7\u00e3o, re\u00fana sua fam\u00edlia e amigos e venha comemorar o anivers\u00e1rio da cidade com muita divers\u00e3o!<\/p>\n\n\n\n<p><strong>PROGRAMA\u00c7\u00c3O \ud83c\udf82 CAJAMAR 64 ANOS<\/strong><\/p>\n\n\n\n<p>\ud83d\udd56 A partir das 18h<\/p>\n\n\n\n<ul class=\"wp-block-list\">\n<li>24\/02 (sexta-feira) \u2013 Sorriso Maroto \/ Nattanzinho<\/li>\n\n\n\n<li>25\/02 (s\u00e1bado) \u2013 Banda Eva \/ Thiago Brava<\/li>\n\n\n\n<li>26\/02 (domingo) \u2013 Wesley Safad\u00e3o<br>\ud83d\udccd Centro de Eventos \u2018Boi\u00f3dromo\u2019<br>\ud83d\udce6 Entrada: 1kg de alimento n\u00e3o perec\u00edvel<\/li>\n<\/ul>\n","protected":false},"excerpt":{"rendered":"<p>Ser\u00e3o tr\u00eas dias de festa, dias 24, 25 e 26 de fevereiro; a entrada ser\u00e1 1kg de alimento n\u00e3o perec\u00edvel<\/p>\n","protected":false},"author":7,"featured_media":31273,"comment_status":"closed","ping_status":"0","sticky":true,"template":"","format":"standard","meta":{"footnotes":""},"categories":[26,51],"tags":[448,69,1846],"posicao":[28],"class_list":["post-31265","post","type-post","status-publish","format-standard","has-post-thumbnail","hentry","category-eventos","category-comunicacao-e-gestao-de-eventos","tag-64-anos","tag-cajamar","tag-festa-64-anos","posicao-destaque"],"_links":{"self":[{"href":"https:\/\/cajamar.sp.gov.br\/noticias\/wp-json\/wp\/v2\/posts\/31265","targetHints":{"allow":["GET"]}}],"collection":[{"href":"https:\/\/cajamar.sp.gov.br\/noticias\/wp-json\/wp\/v2\/posts"}],"about":[{"href":"https:\/\/cajamar.sp.gov.br\/noticias\/wp-json\/wp\/v2\/types\/post"}],"author":[{"embeddable":true,"href":"https:\/\/cajamar.sp.gov.br\/noticias\/wp-json\/wp\/v2\/users\/7"}],"replies":[{"embeddable":true,"href":"https:\/\/cajamar.sp.gov.br\/noticias\/wp-json\/wp\/v2\/comments?post=31265"}],"version-history":[{"count":2,"href":"https:\/\/cajamar.sp.gov.br\/noticias\/wp-json\/wp\/v2\/posts\/31265\/revisions"}],"predecessor-version":[{"id":31280,"href":"https:\/\/cajamar.sp.gov.br\/noticias\/wp-json\/wp\/v2\/posts\/31265\/revisions\/31280"}],"wp:featuredmedia":[{"embeddable":true,"href":"https:\/\/cajamar.sp.gov.br\/noticias\/wp-json\/wp\/v2\/media\/31273"}],"wp:attachment":[{"href":"https:\/\/cajamar.sp.gov.br\/noticias\/wp-json\/wp\/v2\/media?parent=31265"}],"wp:term":[{"taxonomy":"category","embeddable":true,"href":"https:\/\/cajamar.sp.gov.br\/noticias\/wp-json\/wp\/v2\/categories?post=31265"},{"taxonomy":"post_tag","embeddable":true,"href":"https:\/\/cajamar.sp.gov.br\/noticias\/wp-json\/wp\/v2\/tags?post=31265"},{"taxonomy":"posicao","embeddable":true,"href":"https:\/\/cajamar.sp.gov.br\/noticias\/wp-json\/wp\/v2\/posicao?post=31265"}],"curies":[{"name":"wp","href":"https:\/\/api.w.org\/{rel}","templated":true}]}}