{"id":31274,"date":"2023-02-09T16:44:00","date_gmt":"2023-02-09T19:44:00","guid":{"rendered":"https:\/\/cajamar.sp.gov.br\/noticias\/?p=31274"},"modified":"2023-02-09T16:47:43","modified_gmt":"2023-02-09T19:47:43","slug":"sorriso-maroto-e-nattanzinho-comandam-o-primeiro-dia-da-festa-de-aniversario-de-cajamar","status":"publish","type":"post","link":"https:\/\/cajamar.sp.gov.br\/noticias\/2023\/02\/09\/sorriso-maroto-e-nattanzinho-comandam-o-primeiro-dia-da-festa-de-aniversario-de-cajamar\/","title":{"rendered":"Sorriso Maroto e Nattanzinho comandam o primeiro dia da Festa de anivers\u00e1rio de Cajamar"},"content":{"rendered":"\n<figure class=\"wp-block-image size-full\"><img fetchpriority=\"high\" decoding=\"async\" width=\"1200\" height=\"803\" src=\"https:\/\/cajamar.sp.gov.br\/noticias\/wp-content\/uploads\/sites\/2\/2023\/02\/1668451084_7cc6499ee396a8a6b679.jpg\" alt=\"\" class=\"wp-image-31269\" srcset=\"https:\/\/cajamar.sp.gov.br\/noticias\/wp-content\/uploads\/sites\/2\/2023\/02\/1668451084_7cc6499ee396a8a6b679.jpg 1200w, https:\/\/cajamar.sp.gov.br\/noticias\/wp-content\/uploads\/sites\/2\/2023\/02\/1668451084_7cc6499ee396a8a6b679-768x514.jpg 768w\" sizes=\"(max-width: 1200px) 100vw, 1200px\" \/><\/figure>\n\n\n\n<p>No dia 18 de fevereiro a cidade de Cajamar completa 64 anos de emancipa\u00e7\u00e3o pol\u00edtico-administrativa e para comemorar, a Prefeitura de Cajamar, atrav\u00e9s da Secretaria de Comunica\u00e7\u00e3o e Gest\u00e3o de Eventos, est\u00e1 preparando uma grande festa para a fam\u00edlia cajamarense.<\/p>\n\n\n\n<p>O evento ser\u00e1 realizado nos dias 24, 25 e 26 de fevereiro, no Centro de Eventos Boi\u00f3dromo, em Jordan\u00e9sia, e no primeiro dia teremos a apresenta\u00e7\u00e3o do grupo Sorriso Maroto e do cantor Nattanzinho para iniciar as comemora\u00e7\u00f5es.<\/p>\n\n\n\n<p>Durante os tr\u00eas dias a festa contar\u00e1 com Pra\u00e7a de Alimenta\u00e7\u00e3o e shows com artistas consagrados e, para participar das comemora\u00e7\u00f5es, \u00e9 s\u00f3 fazer a doa\u00e7\u00e3o de 1kg de alimento n\u00e3o perec\u00edvel.<\/p>\n\n\n\n<p>Voc\u00ea \u00e9 nosso convidado especial para a abertura dessa grande festa que promete celebrar os 64 anos de Cajamar em grande estilo, com muitos sucessos envolventes, conhecidos nacionalmente.<\/p>\n\n\n\n<p>Confira a programa\u00e7\u00e3o completa e se prepare para fazer parte dessa comemora\u00e7\u00e3o!<\/p>\n\n\n\n<p>PROGRAMA\u00c7\u00c3O \ud83c\udf82 CAJAMAR 64 ANOS<\/p>\n\n\n\n<p>\ud83d\udd56 A partir das 18h<\/p>\n\n\n\n<ul class=\"wp-block-list\">\n<li>24\/02 (sexta-feira) \u2013 Sorriso Maroto \/ Nattanzinho<\/li>\n\n\n\n<li>25\/02 (s\u00e1bado) \u2013 Banda Eva \/ Thiago Brava<\/li>\n\n\n\n<li>26\/02 (domingo) \u2013 Wesley Safad\u00e3o<br>\ud83d\udccd Centro de Eventos \u2018Boi\u00f3dromo\u2019<br>\ud83d\udce6 Entrada: 1kg de alimento n\u00e3o perec\u00edvel<\/li>\n<\/ul>\n","protected":false},"excerpt":{"rendered":"<p>A comemora\u00e7\u00e3o ser\u00e1 realizada nos dias 24, 25 e 26 de fevereiro e a entrada ser\u00e1 1kg de alimento n\u00e3o perec\u00edvel<\/p>\n","protected":false},"author":7,"featured_media":31269,"comment_status":"closed","ping_status":"0","sticky":true,"template":"","format":"standard","meta":{"footnotes":""},"categories":[26],"tags":[448,1840,69,1116],"posicao":[28],"class_list":["post-31274","post","type-post","status-publish","format-standard","has-post-thumbnail","hentry","category-eventos","tag-64-anos","tag-aniversario-de-cajamar","tag-cajamar","tag-evento","posicao-destaque"],"_links":{"self":[{"href":"https:\/\/cajamar.sp.gov.br\/noticias\/wp-json\/wp\/v2\/posts\/31274","targetHints":{"allow":["GET"]}}],"collection":[{"href":"https:\/\/cajamar.sp.gov.br\/noticias\/wp-json\/wp\/v2\/posts"}],"about":[{"href":"https:\/\/cajamar.sp.gov.br\/noticias\/wp-json\/wp\/v2\/types\/post"}],"author":[{"embeddable":true,"href":"https:\/\/cajamar.sp.gov.br\/noticias\/wp-json\/wp\/v2\/users\/7"}],"replies":[{"embeddable":true,"href":"https:\/\/cajamar.sp.gov.br\/noticias\/wp-json\/wp\/v2\/comments?post=31274"}],"version-history":[{"count":1,"href":"https:\/\/cajamar.sp.gov.br\/noticias\/wp-json\/wp\/v2\/posts\/31274\/revisions"}],"predecessor-version":[{"id":31277,"href":"https:\/\/cajamar.sp.gov.br\/noticias\/wp-json\/wp\/v2\/posts\/31274\/revisions\/31277"}],"wp:featuredmedia":[{"embeddable":true,"href":"https:\/\/cajamar.sp.gov.br\/noticias\/wp-json\/wp\/v2\/media\/31269"}],"wp:attachment":[{"href":"https:\/\/cajamar.sp.gov.br\/noticias\/wp-json\/wp\/v2\/media?parent=31274"}],"wp:term":[{"taxonomy":"category","embeddable":true,"href":"https:\/\/cajamar.sp.gov.br\/noticias\/wp-json\/wp\/v2\/categories?post=31274"},{"taxonomy":"post_tag","embeddable":true,"href":"https:\/\/cajamar.sp.gov.br\/noticias\/wp-json\/wp\/v2\/tags?post=31274"},{"taxonomy":"posicao","embeddable":true,"href":"https:\/\/cajamar.sp.gov.br\/noticias\/wp-json\/wp\/v2\/posicao?post=31274"}],"curies":[{"name":"wp","href":"https:\/\/api.w.org\/{rel}","templated":true}]}}