{"id":31377,"date":"2023-02-23T14:56:30","date_gmt":"2023-02-23T17:56:30","guid":{"rendered":"https:\/\/cajamar.sp.gov.br\/noticias\/?p=31377"},"modified":"2023-02-23T14:56:30","modified_gmt":"2023-02-23T17:56:30","slug":"8a-conferencia-municipal-de-saude-2023","status":"publish","type":"post","link":"https:\/\/cajamar.sp.gov.br\/noticias\/2023\/02\/23\/8a-conferencia-municipal-de-saude-2023\/","title":{"rendered":"8\u00aa Confer\u00eancia Municipal de Sa\u00fade 2023"},"content":{"rendered":"\n<figure class=\"wp-block-image size-full\"><img fetchpriority=\"high\" decoding=\"async\" width=\"1280\" height=\"920\" src=\"https:\/\/cajamar.sp.gov.br\/noticias\/wp-content\/uploads\/sites\/2\/2023\/02\/image-14.png\" alt=\"\" class=\"wp-image-31378\" srcset=\"https:\/\/cajamar.sp.gov.br\/noticias\/wp-content\/uploads\/sites\/2\/2023\/02\/image-14.png 1280w, https:\/\/cajamar.sp.gov.br\/noticias\/wp-content\/uploads\/sites\/2\/2023\/02\/image-14-768x552.png 768w\" sizes=\"(max-width: 1280px) 100vw, 1280px\" \/><\/figure>\n\n\n\n<p>No dia 03 de mar\u00e7o, a Secretaria de Sa\u00fade de Cajamar ir\u00e1 realizar a Confer\u00eancia Municipal de Sa\u00fade 2023. O encontro ser\u00e1 realizado na C\u00e2mara Municipal, tendo como tema principal \u201cAmanh\u00e3 vai ser outro dia\u201d e as diretrizes elaboradas na Pr\u00e9\u2013Confer\u00eancia de Sa\u00fade.<\/p>\n\n\n\n<p>A Confer\u00eancia tem a finalidade de avaliar a situa\u00e7\u00e3o de sa\u00fade da popula\u00e7\u00e3o, a estrutura das Redes de Servi\u00e7os e de Aten\u00e7\u00e3o \u00e0 Sa\u00fade, os processos de trabalho da Secretaria Municipal de Sa\u00fade e formular diretrizes para subsidiar a elabora\u00e7\u00e3o do Plano Municipal de Sa\u00fade.<\/p>\n\n\n\n<p>Al\u00e9m do tema principal, tamb\u00e9m ser\u00e3o abordados os seguintes eixos:<\/p>\n\n\n\n<p>I \u2013 O Brasil que temos. O Brasil que queremos;<br>II &#8211; O papel do controle social e dos movimentos sociais para salvar vidas;<br>III \u2013 Garantir direitos e defender o SUS, a vida e a democracia;<br>IV \u2013 Amanh\u00e3 vai ser outro dia para todas as pessoas.<\/p>\n\n\n\n<p>8\u00aa CONFER\u00caNCIA MUNICIPAL DE SA\u00daDE 2023<\/p>\n\n\n\n<p>\ud83d\uddd3\ufe0f 03 de mar\u00e7o<br>\u23f0 Das 8h \u00e0s 13h<br>\ud83c\udfe2 C\u00e2mara Municipal de Cajamar<br>\ud83d\udccd Av. Prof. Valter Ribas de Andrade, 555<\/p>\n","protected":false},"excerpt":{"rendered":"<p>O encontro ser\u00e1 realizado na C\u00e2mara Municipal de Cajamar, tendo como tema principal \u201cAmanh\u00e3 vai ser outro dia\u201d<\/p>\n","protected":false},"author":34,"featured_media":31378,"comment_status":"closed","ping_status":"0","sticky":true,"template":"","format":"standard","meta":{"footnotes":""},"categories":[2],"tags":[929,105],"posicao":[28],"class_list":["post-31377","post","type-post","status-publish","format-standard","has-post-thumbnail","hentry","category-saude","tag-conferencia","tag-saude","posicao-destaque"],"_links":{"self":[{"href":"https:\/\/cajamar.sp.gov.br\/noticias\/wp-json\/wp\/v2\/posts\/31377","targetHints":{"allow":["GET"]}}],"collection":[{"href":"https:\/\/cajamar.sp.gov.br\/noticias\/wp-json\/wp\/v2\/posts"}],"about":[{"href":"https:\/\/cajamar.sp.gov.br\/noticias\/wp-json\/wp\/v2\/types\/post"}],"author":[{"embeddable":true,"href":"https:\/\/cajamar.sp.gov.br\/noticias\/wp-json\/wp\/v2\/users\/34"}],"replies":[{"embeddable":true,"href":"https:\/\/cajamar.sp.gov.br\/noticias\/wp-json\/wp\/v2\/comments?post=31377"}],"version-history":[{"count":1,"href":"https:\/\/cajamar.sp.gov.br\/noticias\/wp-json\/wp\/v2\/posts\/31377\/revisions"}],"predecessor-version":[{"id":31379,"href":"https:\/\/cajamar.sp.gov.br\/noticias\/wp-json\/wp\/v2\/posts\/31377\/revisions\/31379"}],"wp:featuredmedia":[{"embeddable":true,"href":"https:\/\/cajamar.sp.gov.br\/noticias\/wp-json\/wp\/v2\/media\/31378"}],"wp:attachment":[{"href":"https:\/\/cajamar.sp.gov.br\/noticias\/wp-json\/wp\/v2\/media?parent=31377"}],"wp:term":[{"taxonomy":"category","embeddable":true,"href":"https:\/\/cajamar.sp.gov.br\/noticias\/wp-json\/wp\/v2\/categories?post=31377"},{"taxonomy":"post_tag","embeddable":true,"href":"https:\/\/cajamar.sp.gov.br\/noticias\/wp-json\/wp\/v2\/tags?post=31377"},{"taxonomy":"posicao","embeddable":true,"href":"https:\/\/cajamar.sp.gov.br\/noticias\/wp-json\/wp\/v2\/posicao?post=31377"}],"curies":[{"name":"wp","href":"https:\/\/api.w.org\/{rel}","templated":true}]}}