{"id":31388,"date":"2023-02-23T17:07:08","date_gmt":"2023-02-23T20:07:08","guid":{"rendered":"https:\/\/cajamar.sp.gov.br\/noticias\/?p=31388"},"modified":"2023-03-01T11:09:17","modified_gmt":"2023-03-01T14:09:17","slug":"saude-animal-realiza-cadastro-para-mutirao-de-castracao","status":"publish","type":"post","link":"https:\/\/cajamar.sp.gov.br\/noticias\/2023\/02\/23\/saude-animal-realiza-cadastro-para-mutirao-de-castracao\/","title":{"rendered":"Sa\u00fade Animal realiza cadastro para castra\u00e7\u00e3o nos bairros"},"content":{"rendered":"\n<figure class=\"wp-block-image size-full\"><a href=\"https:\/\/cajamar.sp.gov.br\/noticias\/wp-content\/uploads\/sites\/2\/2023\/02\/site-mutirao-cadastro-castracao.png\"><img fetchpriority=\"high\" decoding=\"async\" width=\"1280\" height=\"920\" src=\"https:\/\/cajamar.sp.gov.br\/noticias\/wp-content\/uploads\/sites\/2\/2023\/02\/site-mutirao-cadastro-castracao.png\" alt=\"\" class=\"wp-image-31389\" srcset=\"https:\/\/cajamar.sp.gov.br\/noticias\/wp-content\/uploads\/sites\/2\/2023\/02\/site-mutirao-cadastro-castracao.png 1280w, https:\/\/cajamar.sp.gov.br\/noticias\/wp-content\/uploads\/sites\/2\/2023\/02\/site-mutirao-cadastro-castracao-768x552.png 768w\" sizes=\"(max-width: 1280px) 100vw, 1280px\" \/><\/a><\/figure>\n\n\n\n<p>A Secretaria de Meio Ambiente e Prote\u00e7\u00e3o Animal ir\u00e1 realizar alguns dias de plant\u00e3o para que os mun\u00edcipes possam fazer o cadastro para a castra\u00e7\u00e3o de c\u00e3es e gatos. A iniciativa tem como intuito atender mun\u00edcipes de bairros mais afastados que necessitam deste servi\u00e7o.<\/p>\n\n\n\n<p>Os interessados dever\u00e3o comparecer na C\u00e2mara Municipal de Cajamar nos dias 23 de fevereiro e nos dias 02 e 09 de mar\u00e7o com os seguintes documentos:<\/p>\n\n\n\n<ul class=\"wp-block-list\">\n<li>Xerox RG e CPF<\/li>\n\n\n\n<li>Xerox comprovante de endere\u00e7o<\/li>\n\n\n\n<li>Xerox t\u00edtulo de eleitor de Cajamar<\/li>\n<\/ul>\n\n\n\n<p>Nestes dias ser\u00e3o realizados apenas os cadastros, e a castra\u00e7\u00e3o ser\u00e1 agendada posteriormente.<\/p>\n\n\n\n<p>&#8211; 23\/02 | 02 e 09 de mar\u00e7o<br>Das 9h \u00e0s 11h<br>C\u00e2mara Municipal de Cajamar<br>Av. Prof. Valter Ribas de Andrade, 555<\/p>\n","protected":false},"excerpt":{"rendered":"<p>Os interessados dever\u00e3o comparecer na C\u00e2mara Municipal de Cajamar nos dias 23 de fevereiro e nos dias 02 e 09 de mar\u00e7o para agendar<\/p>\n","protected":false},"author":34,"featured_media":31389,"comment_status":"closed","ping_status":"0","sticky":true,"template":"","format":"standard","meta":{"footnotes":""},"categories":[56],"tags":[],"posicao":[28],"class_list":["post-31388","post","type-post","status-publish","format-standard","has-post-thumbnail","hentry","category-secretaria-meio-ambiente","posicao-destaque"],"_links":{"self":[{"href":"https:\/\/cajamar.sp.gov.br\/noticias\/wp-json\/wp\/v2\/posts\/31388","targetHints":{"allow":["GET"]}}],"collection":[{"href":"https:\/\/cajamar.sp.gov.br\/noticias\/wp-json\/wp\/v2\/posts"}],"about":[{"href":"https:\/\/cajamar.sp.gov.br\/noticias\/wp-json\/wp\/v2\/types\/post"}],"author":[{"embeddable":true,"href":"https:\/\/cajamar.sp.gov.br\/noticias\/wp-json\/wp\/v2\/users\/34"}],"replies":[{"embeddable":true,"href":"https:\/\/cajamar.sp.gov.br\/noticias\/wp-json\/wp\/v2\/comments?post=31388"}],"version-history":[{"count":2,"href":"https:\/\/cajamar.sp.gov.br\/noticias\/wp-json\/wp\/v2\/posts\/31388\/revisions"}],"predecessor-version":[{"id":31468,"href":"https:\/\/cajamar.sp.gov.br\/noticias\/wp-json\/wp\/v2\/posts\/31388\/revisions\/31468"}],"wp:featuredmedia":[{"embeddable":true,"href":"https:\/\/cajamar.sp.gov.br\/noticias\/wp-json\/wp\/v2\/media\/31389"}],"wp:attachment":[{"href":"https:\/\/cajamar.sp.gov.br\/noticias\/wp-json\/wp\/v2\/media?parent=31388"}],"wp:term":[{"taxonomy":"category","embeddable":true,"href":"https:\/\/cajamar.sp.gov.br\/noticias\/wp-json\/wp\/v2\/categories?post=31388"},{"taxonomy":"post_tag","embeddable":true,"href":"https:\/\/cajamar.sp.gov.br\/noticias\/wp-json\/wp\/v2\/tags?post=31388"},{"taxonomy":"posicao","embeddable":true,"href":"https:\/\/cajamar.sp.gov.br\/noticias\/wp-json\/wp\/v2\/posicao?post=31388"}],"curies":[{"name":"wp","href":"https:\/\/api.w.org\/{rel}","templated":true}]}}