{"id":31435,"date":"2023-02-28T10:03:32","date_gmt":"2023-02-28T13:03:32","guid":{"rendered":"https:\/\/cajamar.sp.gov.br\/noticias\/?p=31435"},"modified":"2023-02-28T10:03:32","modified_gmt":"2023-02-28T13:03:32","slug":"fundo-social-promove-aulao-de-danca-em-homenagem-as-mulheres","status":"publish","type":"post","link":"https:\/\/cajamar.sp.gov.br\/noticias\/2023\/02\/28\/fundo-social-promove-aulao-de-danca-em-homenagem-as-mulheres\/","title":{"rendered":"Fundo Social promove aul\u00e3o de dan\u00e7a em homenagem \u00e0s mulheres"},"content":{"rendered":"\n<figure class=\"wp-block-image size-full\"><a href=\"https:\/\/cajamar.sp.gov.br\/noticias\/wp-content\/uploads\/sites\/2\/2023\/02\/image-19.png\"><img fetchpriority=\"high\" decoding=\"async\" width=\"1280\" height=\"920\" src=\"https:\/\/cajamar.sp.gov.br\/noticias\/wp-content\/uploads\/sites\/2\/2023\/02\/image-19.png\" alt=\"\" class=\"wp-image-31436\" srcset=\"https:\/\/cajamar.sp.gov.br\/noticias\/wp-content\/uploads\/sites\/2\/2023\/02\/image-19.png 1280w, https:\/\/cajamar.sp.gov.br\/noticias\/wp-content\/uploads\/sites\/2\/2023\/02\/image-19-768x552.png 768w\" sizes=\"(max-width: 1280px) 100vw, 1280px\" \/><\/a><\/figure>\n\n\n\n<p>Para comemorar o m\u00eas das mulheres, o Fundo Social de Solidariedade ir\u00e1 promover um aul\u00e3o de dan\u00e7a especial com a professora Lu Domingues, por meio do projeto Movimenta Cajamar. O evento ser\u00e1 realizado no dia 06 de mar\u00e7o, a partir das 19h, no Gin\u00e1sio do Polvilho.<\/p>\n\n\n\n<p>O encontro \u00e9 aberto para o p\u00fablico e a entrada ser\u00e1 um pacote de absorvente \u00edntimo feminino, que ser\u00e1 distribu\u00eddo para mulheres por meio das a\u00e7\u00f5es do Fundo Social. Menores de 18 anos devem estar acompanhados de um respons\u00e1vel.<\/p>\n\n\n\n<p>No dia do aul\u00e3o, os participantes devem optar por roupas leves e n\u00e3o esquecer a garrafinha de \u00e1gua. O Gin\u00e1sio do Polvilho \u00e9 localizado na rua Creuza Ferreira de Ara\u00fajo n\u00ba 120. Participe!<\/p>\n","protected":false},"excerpt":{"rendered":"<p>A a\u00e7\u00e3o ser\u00e1 realizada no dia 06 de mar\u00e7o, a partir das 19h. Venha comemorar o \u201cM\u00eas das mulheres\u201d em uma aula especial<\/p>\n","protected":false},"author":34,"featured_media":31436,"comment_status":"closed","ping_status":"0","sticky":true,"template":"","format":"standard","meta":{"footnotes":""},"categories":[16],"tags":[1067],"posicao":[28],"class_list":["post-31435","post","type-post","status-publish","format-standard","has-post-thumbnail","hentry","category-fundo-social-cajamar","tag-aulao-de-danca","posicao-destaque"],"_links":{"self":[{"href":"https:\/\/cajamar.sp.gov.br\/noticias\/wp-json\/wp\/v2\/posts\/31435","targetHints":{"allow":["GET"]}}],"collection":[{"href":"https:\/\/cajamar.sp.gov.br\/noticias\/wp-json\/wp\/v2\/posts"}],"about":[{"href":"https:\/\/cajamar.sp.gov.br\/noticias\/wp-json\/wp\/v2\/types\/post"}],"author":[{"embeddable":true,"href":"https:\/\/cajamar.sp.gov.br\/noticias\/wp-json\/wp\/v2\/users\/34"}],"replies":[{"embeddable":true,"href":"https:\/\/cajamar.sp.gov.br\/noticias\/wp-json\/wp\/v2\/comments?post=31435"}],"version-history":[{"count":1,"href":"https:\/\/cajamar.sp.gov.br\/noticias\/wp-json\/wp\/v2\/posts\/31435\/revisions"}],"predecessor-version":[{"id":31437,"href":"https:\/\/cajamar.sp.gov.br\/noticias\/wp-json\/wp\/v2\/posts\/31435\/revisions\/31437"}],"wp:featuredmedia":[{"embeddable":true,"href":"https:\/\/cajamar.sp.gov.br\/noticias\/wp-json\/wp\/v2\/media\/31436"}],"wp:attachment":[{"href":"https:\/\/cajamar.sp.gov.br\/noticias\/wp-json\/wp\/v2\/media?parent=31435"}],"wp:term":[{"taxonomy":"category","embeddable":true,"href":"https:\/\/cajamar.sp.gov.br\/noticias\/wp-json\/wp\/v2\/categories?post=31435"},{"taxonomy":"post_tag","embeddable":true,"href":"https:\/\/cajamar.sp.gov.br\/noticias\/wp-json\/wp\/v2\/tags?post=31435"},{"taxonomy":"posicao","embeddable":true,"href":"https:\/\/cajamar.sp.gov.br\/noticias\/wp-json\/wp\/v2\/posicao?post=31435"}],"curies":[{"name":"wp","href":"https:\/\/api.w.org\/{rel}","templated":true}]}}