{"id":31517,"date":"2023-03-06T17:38:08","date_gmt":"2023-03-06T20:38:08","guid":{"rendered":"https:\/\/cajamar.sp.gov.br\/noticias\/?p=31517"},"modified":"2023-03-06T17:38:08","modified_gmt":"2023-03-06T20:38:08","slug":"cajamar-realiza-a-8a-conferencia-municipal-de-saude","status":"publish","type":"post","link":"https:\/\/cajamar.sp.gov.br\/noticias\/2023\/03\/06\/cajamar-realiza-a-8a-conferencia-municipal-de-saude\/","title":{"rendered":"Cajamar realiza a 8\u00aa Confer\u00eancia Municipal de Sa\u00fade"},"content":{"rendered":"\n<figure class=\"wp-block-image size-full\"><a href=\"https:\/\/cajamar.sp.gov.br\/wp-content\/uploads\/2023\/03\/01.jpg\"><img decoding=\"async\" src=\"https:\/\/cajamar.sp.gov.br\/wp-content\/uploads\/2023\/03\/01.jpg\" alt=\"\" class=\"wp-image-2549\" \/><\/a><\/figure>\n\n\n\n<p>A Prefeitura de Cajamar, por meio da Secretaria Municipal de Sa\u00fade e o Conselho Municipal de Sa\u00fade, realizaram na \u00faltima sexta-feira (03), a 8\u00aa Confer\u00eancia Municipal de Sa\u00fade, que teve como tem\u00e1tica \u201cAmanh\u00e3 vai ser outro dia\u201d.<\/p>\n\n\n\n<p>O evento ocorreu na C\u00e2mara Municipal de Cajamar, tendo como objetivo, mobilizar, discutir, propor diretrizes e estabelecer di\u00e1logos com a sociedade acerca do direito \u00e0 sa\u00fade e em defesa do SUS, de acordo com as propostas previamente elaboradas nas pr\u00e9-confer\u00eancias realizadas em diversos pontos da cidade, no dia 25 de fevereiro.<\/p>\n\n\n\n<p>Foram selecionadas oito propostas dentro de quatro tem\u00e1ticas e elas ser\u00e3o levadas para a Confer\u00eancia Estadual, para novamente serem discutidas em \u00e2mbito estadual, e votadas com outras propostas dos demais munic\u00edpios, podendo ap\u00f3s a vota\u00e7\u00e3o, serem eleitas para serem debatidas no \u00e2mbito Federal. Caso a proposta seja aprovada em vota\u00e7\u00e3o, se tornar\u00e1 Pol\u00edtica P\u00fablica em Sa\u00fade, beneficiando a todos usu\u00e1rios do SUS.<\/p>\n\n\n\n<p>As Confer\u00eancias Municipais de Sa\u00fade s\u00e3o de extrema import\u00e2ncia para o bom funcionamento da gest\u00e3o municipal, uma vez que por meio dela \u00e9 poss\u00edvel avaliar a situa\u00e7\u00e3o de sa\u00fade do munic\u00edpio e propor diretrizes para a formula\u00e7\u00e3o das pol\u00edticas de sa\u00fade. As propostas foram elaboradas pelo Conselho Municipal de Sa\u00fade, que \u00e9 formado por profissionais de sa\u00fade, gestores p\u00fablicos e pela sociedade civil.<\/p>\n\n\n\n<p>Na confer\u00eancia tamb\u00e9m foi anunciado que a nossa cidade saiu do \u00faltimo lugar dentro das 35 cidades da regi\u00e3o metropolitana para o primeiro lugar no indicador da Estrat\u00e9gia de Sa\u00fade da Fam\u00edlia. No final do encontro, foram escolhidos os delegados que ir\u00e3o representar o munic\u00edpio na etapa macrorregional sendo seis usu\u00e1rios; tr\u00eas trabalhadores e tr\u00eas gestores da Sa\u00fade.<\/p>\n\n\n\n<figure class=\"wp-block-gallery has-nested-images columns-default is-cropped wp-block-gallery-1 is-layout-flex wp-block-gallery-is-layout-flex\">\n<figure class=\"wp-block-image size-large\"><img fetchpriority=\"high\" decoding=\"async\" width=\"1200\" height=\"800\" data-id=\"31518\" src=\"https:\/\/cajamar.sp.gov.br\/noticias\/wp-content\/uploads\/sites\/2\/2023\/03\/01-5.jpg\" alt=\"\" class=\"wp-image-31518\" srcset=\"https:\/\/cajamar.sp.gov.br\/noticias\/wp-content\/uploads\/sites\/2\/2023\/03\/01-5.jpg 1200w, https:\/\/cajamar.sp.gov.br\/noticias\/wp-content\/uploads\/sites\/2\/2023\/03\/01-5-768x512.jpg 768w\" sizes=\"(max-width: 1200px) 100vw, 1200px\" \/><\/figure>\n\n\n\n<figure class=\"wp-block-image size-large\"><img decoding=\"async\" width=\"1200\" height=\"800\" data-id=\"31521\" src=\"https:\/\/cajamar.sp.gov.br\/noticias\/wp-content\/uploads\/sites\/2\/2023\/03\/02-3.jpg\" alt=\"\" class=\"wp-image-31521\" srcset=\"https:\/\/cajamar.sp.gov.br\/noticias\/wp-content\/uploads\/sites\/2\/2023\/03\/02-3.jpg 1200w, https:\/\/cajamar.sp.gov.br\/noticias\/wp-content\/uploads\/sites\/2\/2023\/03\/02-3-768x512.jpg 768w\" sizes=\"(max-width: 1200px) 100vw, 1200px\" \/><\/figure>\n\n\n\n<figure class=\"wp-block-image size-large\"><img decoding=\"async\" width=\"1200\" height=\"800\" data-id=\"31522\" src=\"https:\/\/cajamar.sp.gov.br\/noticias\/wp-content\/uploads\/sites\/2\/2023\/03\/3.jpg\" alt=\"\" class=\"wp-image-31522\" srcset=\"https:\/\/cajamar.sp.gov.br\/noticias\/wp-content\/uploads\/sites\/2\/2023\/03\/3.jpg 1200w, https:\/\/cajamar.sp.gov.br\/noticias\/wp-content\/uploads\/sites\/2\/2023\/03\/3-768x512.jpg 768w\" sizes=\"(max-width: 1200px) 100vw, 1200px\" \/><\/figure>\n\n\n\n<figure class=\"wp-block-image size-large\"><img loading=\"lazy\" decoding=\"async\" width=\"1200\" height=\"800\" data-id=\"31524\" src=\"https:\/\/cajamar.sp.gov.br\/noticias\/wp-content\/uploads\/sites\/2\/2023\/03\/04-3.jpg\" alt=\"\" class=\"wp-image-31524\" srcset=\"https:\/\/cajamar.sp.gov.br\/noticias\/wp-content\/uploads\/sites\/2\/2023\/03\/04-3.jpg 1200w, https:\/\/cajamar.sp.gov.br\/noticias\/wp-content\/uploads\/sites\/2\/2023\/03\/04-3-768x512.jpg 768w\" sizes=\"(max-width: 1200px) 100vw, 1200px\" \/><\/figure>\n\n\n\n<figure class=\"wp-block-image size-large\"><img loading=\"lazy\" decoding=\"async\" width=\"1200\" height=\"800\" data-id=\"31523\" src=\"https:\/\/cajamar.sp.gov.br\/noticias\/wp-content\/uploads\/sites\/2\/2023\/03\/05-3.jpg\" alt=\"\" class=\"wp-image-31523\" srcset=\"https:\/\/cajamar.sp.gov.br\/noticias\/wp-content\/uploads\/sites\/2\/2023\/03\/05-3.jpg 1200w, https:\/\/cajamar.sp.gov.br\/noticias\/wp-content\/uploads\/sites\/2\/2023\/03\/05-3-768x512.jpg 768w\" sizes=\"(max-width: 1200px) 100vw, 1200px\" \/><\/figure>\n\n\n\n<figure class=\"wp-block-image size-large\"><img loading=\"lazy\" decoding=\"async\" width=\"1200\" height=\"800\" data-id=\"31519\" src=\"https:\/\/cajamar.sp.gov.br\/noticias\/wp-content\/uploads\/sites\/2\/2023\/03\/06-4.jpg\" alt=\"\" class=\"wp-image-31519\" srcset=\"https:\/\/cajamar.sp.gov.br\/noticias\/wp-content\/uploads\/sites\/2\/2023\/03\/06-4.jpg 1200w, https:\/\/cajamar.sp.gov.br\/noticias\/wp-content\/uploads\/sites\/2\/2023\/03\/06-4-768x512.jpg 768w\" sizes=\"(max-width: 1200px) 100vw, 1200px\" \/><\/figure>\n\n\n\n<figure class=\"wp-block-image size-large\"><img loading=\"lazy\" decoding=\"async\" width=\"1200\" height=\"800\" data-id=\"31520\" src=\"https:\/\/cajamar.sp.gov.br\/noticias\/wp-content\/uploads\/sites\/2\/2023\/03\/07-4.jpg\" alt=\"\" class=\"wp-image-31520\" srcset=\"https:\/\/cajamar.sp.gov.br\/noticias\/wp-content\/uploads\/sites\/2\/2023\/03\/07-4.jpg 1200w, https:\/\/cajamar.sp.gov.br\/noticias\/wp-content\/uploads\/sites\/2\/2023\/03\/07-4-768x512.jpg 768w\" sizes=\"(max-width: 1200px) 100vw, 1200px\" \/><\/figure>\n\n\n\n<figure class=\"wp-block-image size-large\"><img loading=\"lazy\" decoding=\"async\" width=\"1200\" height=\"800\" data-id=\"31525\" src=\"https:\/\/cajamar.sp.gov.br\/noticias\/wp-content\/uploads\/sites\/2\/2023\/03\/08-3.jpg\" alt=\"\" class=\"wp-image-31525\" srcset=\"https:\/\/cajamar.sp.gov.br\/noticias\/wp-content\/uploads\/sites\/2\/2023\/03\/08-3.jpg 1200w, https:\/\/cajamar.sp.gov.br\/noticias\/wp-content\/uploads\/sites\/2\/2023\/03\/08-3-768x512.jpg 768w\" sizes=\"(max-width: 1200px) 100vw, 1200px\" \/><\/figure>\n\n\n\n<figure class=\"wp-block-image size-large\"><img loading=\"lazy\" decoding=\"async\" width=\"1200\" height=\"800\" data-id=\"31526\" src=\"https:\/\/cajamar.sp.gov.br\/noticias\/wp-content\/uploads\/sites\/2\/2023\/03\/09-2.jpg\" alt=\"\" class=\"wp-image-31526\" srcset=\"https:\/\/cajamar.sp.gov.br\/noticias\/wp-content\/uploads\/sites\/2\/2023\/03\/09-2.jpg 1200w, https:\/\/cajamar.sp.gov.br\/noticias\/wp-content\/uploads\/sites\/2\/2023\/03\/09-2-768x512.jpg 768w\" sizes=\"(max-width: 1200px) 100vw, 1200px\" \/><\/figure>\n<\/figure>\n","protected":false},"excerpt":{"rendered":"<p>O encontro teve como objetivo mobilizar, discutir, propor diretrizes e estabelecer di\u00e1logos com a sociedade acerca do direito \u00e0 sa\u00fade e em defesa do SUS<\/p>\n","protected":false},"author":34,"featured_media":31518,"comment_status":"closed","ping_status":"0","sticky":true,"template":"","format":"standard","meta":{"footnotes":""},"categories":[2],"tags":[1870,1682],"posicao":[28],"class_list":["post-31517","post","type-post","status-publish","format-standard","has-post-thumbnail","hentry","category-saude","tag-conferencia-2","tag-saude-2","posicao-destaque"],"_links":{"self":[{"href":"https:\/\/cajamar.sp.gov.br\/noticias\/wp-json\/wp\/v2\/posts\/31517","targetHints":{"allow":["GET"]}}],"collection":[{"href":"https:\/\/cajamar.sp.gov.br\/noticias\/wp-json\/wp\/v2\/posts"}],"about":[{"href":"https:\/\/cajamar.sp.gov.br\/noticias\/wp-json\/wp\/v2\/types\/post"}],"author":[{"embeddable":true,"href":"https:\/\/cajamar.sp.gov.br\/noticias\/wp-json\/wp\/v2\/users\/34"}],"replies":[{"embeddable":true,"href":"https:\/\/cajamar.sp.gov.br\/noticias\/wp-json\/wp\/v2\/comments?post=31517"}],"version-history":[{"count":1,"href":"https:\/\/cajamar.sp.gov.br\/noticias\/wp-json\/wp\/v2\/posts\/31517\/revisions"}],"predecessor-version":[{"id":31527,"href":"https:\/\/cajamar.sp.gov.br\/noticias\/wp-json\/wp\/v2\/posts\/31517\/revisions\/31527"}],"wp:featuredmedia":[{"embeddable":true,"href":"https:\/\/cajamar.sp.gov.br\/noticias\/wp-json\/wp\/v2\/media\/31518"}],"wp:attachment":[{"href":"https:\/\/cajamar.sp.gov.br\/noticias\/wp-json\/wp\/v2\/media?parent=31517"}],"wp:term":[{"taxonomy":"category","embeddable":true,"href":"https:\/\/cajamar.sp.gov.br\/noticias\/wp-json\/wp\/v2\/categories?post=31517"},{"taxonomy":"post_tag","embeddable":true,"href":"https:\/\/cajamar.sp.gov.br\/noticias\/wp-json\/wp\/v2\/tags?post=31517"},{"taxonomy":"posicao","embeddable":true,"href":"https:\/\/cajamar.sp.gov.br\/noticias\/wp-json\/wp\/v2\/posicao?post=31517"}],"curies":[{"name":"wp","href":"https:\/\/api.w.org\/{rel}","templated":true}]}}