{"id":31645,"date":"2023-03-14T13:41:18","date_gmt":"2023-03-14T16:41:18","guid":{"rendered":"https:\/\/cajamar.sp.gov.br\/noticias\/?p=31645"},"modified":"2023-03-14T13:41:18","modified_gmt":"2023-03-14T16:41:18","slug":"cajamar-anuncia-cronograma-de-vacinacao-bivalente-contra-covid-19","status":"publish","type":"post","link":"https:\/\/cajamar.sp.gov.br\/noticias\/2023\/03\/14\/cajamar-anuncia-cronograma-de-vacinacao-bivalente-contra-covid-19\/","title":{"rendered":"Cajamar anuncia cronograma de vacina\u00e7\u00e3o bivalente contra covid-19"},"content":{"rendered":"\n<figure class=\"wp-block-image size-full\"><img fetchpriority=\"high\" decoding=\"async\" width=\"1200\" height=\"627\" src=\"https:\/\/cajamar.sp.gov.br\/noticias\/wp-content\/uploads\/sites\/2\/2023\/03\/image-16.png\" alt=\"\" class=\"wp-image-31646\" srcset=\"https:\/\/cajamar.sp.gov.br\/noticias\/wp-content\/uploads\/sites\/2\/2023\/03\/image-16.png 1200w, https:\/\/cajamar.sp.gov.br\/noticias\/wp-content\/uploads\/sites\/2\/2023\/03\/image-16-768x401.png 768w\" sizes=\"(max-width: 1200px) 100vw, 1200px\" \/><\/figure>\n\n\n\n<p>A Secretaria de Sa\u00fade de Cajamar est\u00e1 realizando a imuniza\u00e7\u00e3o contra a covid-19 com a vacina bivalente em ordem escalonada. A dose de refor\u00e7o est\u00e1 sendo aplicada inicialmente em grupos elencados como priorit\u00e1rios, devendo o avan\u00e7o entre as fases ocorrer mediante disponibilidade dos imunobiol\u00f3gicos.<\/p>\n\n\n\n<p>O cronograma dividido por etapas teve in\u00edcio no dia 27 de fevereiro, come\u00e7ando com pessoas com 70 anos ou mais; pessoas vivendo em institui\u00e7\u00f5es de longa perman\u00eancia (ILPI e RI) com 12 anos ou mais, abrigados e os trabalhadores dessas institui\u00e7\u00f5es; imunocomprometidos com 12 anos ou mais; comunidades ind\u00edgenas, ribeirinhas e quilombolas com 12 anos ou mais.<\/p>\n\n\n\n<p>A segunda fase iniciou no dia 06 de mar\u00e7o, para pessoas de 60 a 69 anos. Confira abaixo as pr\u00f3ximas datas e grupos priorit\u00e1rios e mantenha seu calend\u00e1rio vacinal em dia:<\/p>\n\n\n\n<ul class=\"wp-block-list\">\n<li>A partir de 20\/03: Gestantes e pu\u00e9rperas;<\/li>\n\n\n\n<li>A partir de 17\/04: Trabalhadores da sa\u00fade; pessoas com defici\u00eancia permanente com 12 anos ou mais; popula\u00e7\u00e3o privada de liberdade com 18 anos ou mais; adolescentes cumprindo medidas socioeducativas de 12 a 17 anos 11 meses e 29 dias; funcion\u00e1rios do sistema de priva\u00e7\u00e3o de liberdade.<\/li>\n<\/ul>\n\n\n\n<p>IMPORTANTE: \u00c9 necess\u00e1rio apresentar tamb\u00e9m documento com foto, cart\u00e3o do SUS e a carteirinha de vacina\u00e7\u00e3o para confirmar se as imuniza\u00e7\u00f5es est\u00e3o em dia.<\/p>\n\n\n\n<p>Confira as unidades de sa\u00fade que est\u00e3o com as Vacinas Bivalentes dispon\u00edveis:<\/p>\n\n\n\n<p>Atendimento de segunda \u00e0 sexta, das 8h \u00e0s 17h:<\/p>\n\n\n\n<p>&#8211; UBS Jordan\u00e9sia<br>Av. Dr. Ant\u00f4nio Jo\u00e3o Abdalla, 850 &#8211; Jordan\u00e9sia<\/p>\n\n\n\n<p>&#8211; UBS Parque S\u00e3o Roberto<br>Av. Dr. Jose Luiz Leme Maciel n\u00ba 179 \u2013 Parque S\u00e3o Roberto<\/p>\n\n\n\n<p>&#8211; UBS Polvilho<br>Rua Timburi, 121 \u2013 Polvilho<\/p>\n\n\n\n<p>Atendimento de segunda \u00e0 sexta, das 7h \u00e0s 16h:<\/p>\n\n\n\n<p>&#8211; ESF Cajamar Centro<br>Av. Prof. Walter Ribas de Andrade, 554 \u2013 Centro<\/p>\n\n\n\n<p>&#8211; ESF Edivaldo Massagardi<br>Rua Barueri, 198 &#8211; Guaturinho<\/p>\n\n\n\n<p>&#8211; ESF Manoel In\u00e1cio<br>Av. das Jurutis n\u00ba 385 \u2013 Parque Para\u00edso<\/p>\n\n\n\n<p>&#8211; ESF KM 43<br>Rua Bela Vista, 1200 \u2013 S\u00e3o Benedito\/Km 43<\/p>\n\n\n\n<p>&#8211; ESF Portal<br>Rua das Cravinas n\u00b0 198<\/p>\n\n\n\n<p>&#8211; ESF Belo Planalto<\/p>\n\n\n\n<p>Rua Nercilio Jos\u00e9 dos Santos n\u00ba 58 \u2013 Polvilho<\/p>\n\n\n\n<p>&#8211; ESF Ponunduva<br>Rua Joaquim Rodrigues Pontes n\u00ba 203 \u2013 Ponunduva<\/p>\n","protected":false},"excerpt":{"rendered":"<p>Confira as pr\u00f3ximas datas e grupos priorit\u00e1rios e mantenha seu calend\u00e1rio vacinal em dia<\/p>\n","protected":false},"author":34,"featured_media":31646,"comment_status":"closed","ping_status":"0","sticky":true,"template":"","format":"standard","meta":{"footnotes":""},"categories":[2],"tags":[1878,105,246],"posicao":[28],"class_list":["post-31645","post","type-post","status-publish","format-standard","has-post-thumbnail","hentry","category-saude","tag-bivalente","tag-saude","tag-vacina","posicao-destaque"],"_links":{"self":[{"href":"https:\/\/cajamar.sp.gov.br\/noticias\/wp-json\/wp\/v2\/posts\/31645","targetHints":{"allow":["GET"]}}],"collection":[{"href":"https:\/\/cajamar.sp.gov.br\/noticias\/wp-json\/wp\/v2\/posts"}],"about":[{"href":"https:\/\/cajamar.sp.gov.br\/noticias\/wp-json\/wp\/v2\/types\/post"}],"author":[{"embeddable":true,"href":"https:\/\/cajamar.sp.gov.br\/noticias\/wp-json\/wp\/v2\/users\/34"}],"replies":[{"embeddable":true,"href":"https:\/\/cajamar.sp.gov.br\/noticias\/wp-json\/wp\/v2\/comments?post=31645"}],"version-history":[{"count":1,"href":"https:\/\/cajamar.sp.gov.br\/noticias\/wp-json\/wp\/v2\/posts\/31645\/revisions"}],"predecessor-version":[{"id":31647,"href":"https:\/\/cajamar.sp.gov.br\/noticias\/wp-json\/wp\/v2\/posts\/31645\/revisions\/31647"}],"wp:featuredmedia":[{"embeddable":true,"href":"https:\/\/cajamar.sp.gov.br\/noticias\/wp-json\/wp\/v2\/media\/31646"}],"wp:attachment":[{"href":"https:\/\/cajamar.sp.gov.br\/noticias\/wp-json\/wp\/v2\/media?parent=31645"}],"wp:term":[{"taxonomy":"category","embeddable":true,"href":"https:\/\/cajamar.sp.gov.br\/noticias\/wp-json\/wp\/v2\/categories?post=31645"},{"taxonomy":"post_tag","embeddable":true,"href":"https:\/\/cajamar.sp.gov.br\/noticias\/wp-json\/wp\/v2\/tags?post=31645"},{"taxonomy":"posicao","embeddable":true,"href":"https:\/\/cajamar.sp.gov.br\/noticias\/wp-json\/wp\/v2\/posicao?post=31645"}],"curies":[{"name":"wp","href":"https:\/\/api.w.org\/{rel}","templated":true}]}}