{"id":31651,"date":"2023-03-14T15:38:50","date_gmt":"2023-03-14T18:38:50","guid":{"rendered":"https:\/\/cajamar.sp.gov.br\/noticias\/?p=31651"},"modified":"2023-03-14T16:42:49","modified_gmt":"2023-03-14T19:42:49","slug":"reuniao-discute-empreendedorismo-social-edesenvolvimento-de-recursos-humanos-em-cajamar","status":"publish","type":"post","link":"https:\/\/cajamar.sp.gov.br\/noticias\/2023\/03\/14\/reuniao-discute-empreendedorismo-social-edesenvolvimento-de-recursos-humanos-em-cajamar\/","title":{"rendered":"Reuni\u00e3o discute empreendedorismo social e desenvolvimento de recursos humanos em Cajamar"},"content":{"rendered":"\n<figure class=\"wp-block-image size-large\"><img fetchpriority=\"high\" decoding=\"async\" width=\"960\" height=\"960\" src=\"https:\/\/cajamar.sp.gov.br\/noticias\/wp-content\/uploads\/sites\/2\/2023\/03\/1-960x960.png\" alt=\"\" class=\"wp-image-31652\" srcset=\"https:\/\/cajamar.sp.gov.br\/noticias\/wp-content\/uploads\/sites\/2\/2023\/03\/1-960x960.png 960w, https:\/\/cajamar.sp.gov.br\/noticias\/wp-content\/uploads\/sites\/2\/2023\/03\/1-100x100.png 100w, https:\/\/cajamar.sp.gov.br\/noticias\/wp-content\/uploads\/sites\/2\/2023\/03\/1-768x768.png 768w, https:\/\/cajamar.sp.gov.br\/noticias\/wp-content\/uploads\/sites\/2\/2023\/03\/1.png 1080w\" sizes=\"(max-width: 960px) 100vw, 960px\" \/><\/figure>\n\n\n\n<p>No dia 02 de mar\u00e7o, a Secretaria de Desenvolvimento Econ\u00f4mico e Empreendedorismo recebeu em sua sede a CEO da empresa Bee Businezzz, Aline Santiago, e Valdir Gon\u00e7alves Baptista, diretor de<br>rela\u00e7\u00f5es empresariais do Cioeste e diretor geral da ABRH da Regi\u00e3o Metropolitana Oeste de S\u00e3o Paulo.<\/p>\n\n\n\n<p>Em uma conversa muito produtiva com o secret\u00e1rio da pasta, M\u00e1rio Jorge da Silveira Junqueira, foram debatidos projetos para fomento da empregabilidade e do empreendedorismo social em Cajamar, bem<br>como o desenvolvimento da \u00e1rea de recursos humanos junto \u00e0s empresas do munic\u00edpio.<\/p>\n","protected":false},"excerpt":{"rendered":"<p>Encontro ocorrido na Secretaria de Desenvolvimento Econ\u00f4mico contou com a presen\u00e7a do setor privado e de representante da ABRH e Cioeste<\/p>\n","protected":false},"author":34,"featured_media":31652,"comment_status":"closed","ping_status":"0","sticky":true,"template":"","format":"standard","meta":{"footnotes":""},"categories":[42],"tags":[1445,563],"posicao":[28],"class_list":["post-31651","post","type-post","status-publish","format-standard","has-post-thumbnail","hentry","category-emprego-e-relaccoes-de-trabalho","tag-ceo","tag-desenvolvimento-economico","posicao-destaque"],"_links":{"self":[{"href":"https:\/\/cajamar.sp.gov.br\/noticias\/wp-json\/wp\/v2\/posts\/31651","targetHints":{"allow":["GET"]}}],"collection":[{"href":"https:\/\/cajamar.sp.gov.br\/noticias\/wp-json\/wp\/v2\/posts"}],"about":[{"href":"https:\/\/cajamar.sp.gov.br\/noticias\/wp-json\/wp\/v2\/types\/post"}],"author":[{"embeddable":true,"href":"https:\/\/cajamar.sp.gov.br\/noticias\/wp-json\/wp\/v2\/users\/34"}],"replies":[{"embeddable":true,"href":"https:\/\/cajamar.sp.gov.br\/noticias\/wp-json\/wp\/v2\/comments?post=31651"}],"version-history":[{"count":2,"href":"https:\/\/cajamar.sp.gov.br\/noticias\/wp-json\/wp\/v2\/posts\/31651\/revisions"}],"predecessor-version":[{"id":31655,"href":"https:\/\/cajamar.sp.gov.br\/noticias\/wp-json\/wp\/v2\/posts\/31651\/revisions\/31655"}],"wp:featuredmedia":[{"embeddable":true,"href":"https:\/\/cajamar.sp.gov.br\/noticias\/wp-json\/wp\/v2\/media\/31652"}],"wp:attachment":[{"href":"https:\/\/cajamar.sp.gov.br\/noticias\/wp-json\/wp\/v2\/media?parent=31651"}],"wp:term":[{"taxonomy":"category","embeddable":true,"href":"https:\/\/cajamar.sp.gov.br\/noticias\/wp-json\/wp\/v2\/categories?post=31651"},{"taxonomy":"post_tag","embeddable":true,"href":"https:\/\/cajamar.sp.gov.br\/noticias\/wp-json\/wp\/v2\/tags?post=31651"},{"taxonomy":"posicao","embeddable":true,"href":"https:\/\/cajamar.sp.gov.br\/noticias\/wp-json\/wp\/v2\/posicao?post=31651"}],"curies":[{"name":"wp","href":"https:\/\/api.w.org\/{rel}","templated":true}]}}