{"id":31724,"date":"2023-03-21T20:34:54","date_gmt":"2023-03-21T23:34:54","guid":{"rendered":"https:\/\/cajamar.sp.gov.br\/noticias\/?p=31724"},"modified":"2023-03-21T20:34:54","modified_gmt":"2023-03-21T23:34:54","slug":"desenvolvimento-economico-promove-curso-de-marketing-digital-e-producao-de-video-com-celular","status":"publish","type":"post","link":"https:\/\/cajamar.sp.gov.br\/noticias\/2023\/03\/21\/desenvolvimento-economico-promove-curso-de-marketing-digital-e-producao-de-video-com-celular\/","title":{"rendered":"Desenvolvimento Econ\u00f4mico promove curso de Marketing Digital e Produ\u00e7\u00e3o de V\u00eddeo com Celular"},"content":{"rendered":"\n<figure class=\"wp-block-image size-full\"><img fetchpriority=\"high\" decoding=\"async\" width=\"1200\" height=\"900\" src=\"https:\/\/cajamar.sp.gov.br\/noticias\/wp-content\/uploads\/sites\/2\/2023\/03\/site-curso-marketing-e-producao-de-video.png\" alt=\"\" class=\"wp-image-31725\" srcset=\"https:\/\/cajamar.sp.gov.br\/noticias\/wp-content\/uploads\/sites\/2\/2023\/03\/site-curso-marketing-e-producao-de-video.png 1200w, https:\/\/cajamar.sp.gov.br\/noticias\/wp-content\/uploads\/sites\/2\/2023\/03\/site-curso-marketing-e-producao-de-video-300x225.png 300w, https:\/\/cajamar.sp.gov.br\/noticias\/wp-content\/uploads\/sites\/2\/2023\/03\/site-curso-marketing-e-producao-de-video-768x576.png 768w\" sizes=\"(max-width: 1200px) 100vw, 1200px\" \/><\/figure>\n\n\n\n<p>A Prefeitura de Cajamar, por meio da Secretaria de Desenvolvimento Econ\u00f4mico e Empreendedorismo, convoca os micro e pequeno empreendedores \u2014 bem como toda a popula\u00e7\u00e3o interessada \u2014 a participar do curso \u201cPr\u00e1ticas do Marketing Digital por meio da produ\u00e7\u00e3o de v\u00eddeos com celular\u201d.<\/p>\n\n\n\n<p>A capacita\u00e7\u00e3o tem como objetivo apresentar conceitos e pr\u00e1ticas do Marketing Digital aliados \u00e0 t\u00e9cnica de produ\u00e7\u00e3o de v\u00eddeos com a utiliza\u00e7\u00e3o de c\u00e2mera de celular e aplicativos de edi\u00e7\u00e3o, visando a promo\u00e7\u00e3o de empresas e produtos em diversos meios virtuais. O conte\u00fado ser\u00e1<br>ministrado atrav\u00e9s de v\u00eddeos gravados, aulas s\u00edncronas presenciais e digitais, de acordo com a seguinte grade:<\/p>\n\n\n\n<p>\u25cf Conceitos de Marketing Digital;<br>\u25cf Planejamento de M\u00eddia na pr\u00e1tica;<br>\u25cf Apresenta\u00e7\u00e3o da linguagem do Cinema-v\u00eddeo, com foco nas Redes Sociais;<br>\u25cf Apresenta\u00e7\u00e3o de v\u00eddeos similares aos do objetivo do curso;<br>\u25cf Caracter\u00edsticas e no\u00e7\u00f5es de argumento e roteiro;<br>\u25cf Aspectos relacionados \u00e0 filmagem;<br>\u25cf Estrutura e pr\u00e1tica de edi\u00e7\u00e3o de v\u00eddeo;<br>\u25cf Formas e caracter\u00edsticas da exibi\u00e7\u00e3o e publica\u00e7\u00e3o;<br>\u25cf M\u00e9tricas e gest\u00e3o de resultados.<\/p>\n\n\n\n<p>As inscri\u00e7\u00f5es estar\u00e3o abertas at\u00e9 o preenchimento total das vagas dispon\u00edveis. A aula inaugural est\u00e1 prevista para o dia 06\/04, \u00e0s 19h, no Centro Cultural do Polvilho (Rua Jean Anastace Kovelis, 1835 &#8211; Portal dos Ip\u00eas).<\/p>\n\n\n\n<p>O curso de Marketing Digital \u00e9 parte constituinte do programa municipal de desenvolvimento econ\u00f4mico. Este programa, que abrange mun\u00edcipes, empreendedores e empresas locais, tem como objetivo a redu\u00e7\u00e3o da taxa de desemprego e melhoria dos n\u00edveis de empregabilidade de<br>Cajamar.<\/p>\n\n\n\n<p>Para inscri\u00e7\u00f5es e demais informa\u00e7\u00f5es, acesse o link: <a href=\"https:\/\/bit.ly\/3JNa3FH\">https:\/\/bit.ly\/3JNa3FH<\/a><\/p>\n","protected":false},"excerpt":{"rendered":"<p>Atividade ter\u00e1 in\u00edcio no dia 06 de abril; as inscri\u00e7\u00f5es estar\u00e3o abertas<br \/>\nenquanto houver vagas dispon\u00edveis<\/p>\n","protected":false},"author":34,"featured_media":31725,"comment_status":"closed","ping_status":"0","sticky":true,"template":"","format":"standard","meta":{"footnotes":""},"categories":[42],"tags":[983,1729],"posicao":[28],"class_list":["post-31724","post","type-post","status-publish","format-standard","has-post-thumbnail","hentry","category-emprego-e-relaccoes-de-trabalho","tag-empreendedor","tag-marketing-digital","posicao-destaque"],"_links":{"self":[{"href":"https:\/\/cajamar.sp.gov.br\/noticias\/wp-json\/wp\/v2\/posts\/31724","targetHints":{"allow":["GET"]}}],"collection":[{"href":"https:\/\/cajamar.sp.gov.br\/noticias\/wp-json\/wp\/v2\/posts"}],"about":[{"href":"https:\/\/cajamar.sp.gov.br\/noticias\/wp-json\/wp\/v2\/types\/post"}],"author":[{"embeddable":true,"href":"https:\/\/cajamar.sp.gov.br\/noticias\/wp-json\/wp\/v2\/users\/34"}],"replies":[{"embeddable":true,"href":"https:\/\/cajamar.sp.gov.br\/noticias\/wp-json\/wp\/v2\/comments?post=31724"}],"version-history":[{"count":1,"href":"https:\/\/cajamar.sp.gov.br\/noticias\/wp-json\/wp\/v2\/posts\/31724\/revisions"}],"predecessor-version":[{"id":31726,"href":"https:\/\/cajamar.sp.gov.br\/noticias\/wp-json\/wp\/v2\/posts\/31724\/revisions\/31726"}],"wp:featuredmedia":[{"embeddable":true,"href":"https:\/\/cajamar.sp.gov.br\/noticias\/wp-json\/wp\/v2\/media\/31725"}],"wp:attachment":[{"href":"https:\/\/cajamar.sp.gov.br\/noticias\/wp-json\/wp\/v2\/media?parent=31724"}],"wp:term":[{"taxonomy":"category","embeddable":true,"href":"https:\/\/cajamar.sp.gov.br\/noticias\/wp-json\/wp\/v2\/categories?post=31724"},{"taxonomy":"post_tag","embeddable":true,"href":"https:\/\/cajamar.sp.gov.br\/noticias\/wp-json\/wp\/v2\/tags?post=31724"},{"taxonomy":"posicao","embeddable":true,"href":"https:\/\/cajamar.sp.gov.br\/noticias\/wp-json\/wp\/v2\/posicao?post=31724"}],"curies":[{"name":"wp","href":"https:\/\/api.w.org\/{rel}","templated":true}]}}