{"id":31822,"date":"2023-03-25T08:00:00","date_gmt":"2023-03-25T11:00:00","guid":{"rendered":"https:\/\/cajamar.sp.gov.br\/noticias\/?p=31822"},"modified":"2023-03-24T23:05:48","modified_gmt":"2023-03-25T02:05:48","slug":"secretarios-de-desenvolvimento-economico-e-educacao-levam-demandas-de-cajamar-a-nova-gestao-estadual","status":"publish","type":"post","link":"https:\/\/cajamar.sp.gov.br\/noticias\/2023\/03\/25\/secretarios-de-desenvolvimento-economico-e-educacao-levam-demandas-de-cajamar-a-nova-gestao-estadual\/","title":{"rendered":"Secret\u00e1rios de Desenvolvimento Econ\u00f4mico e Educa\u00e7\u00e3o levam demandas de Cajamar \u00e0 nova gest\u00e3o estadual"},"content":{"rendered":"\n<figure class=\"wp-block-image size-large\"><img fetchpriority=\"high\" decoding=\"async\" width=\"960\" height=\"960\" src=\"https:\/\/cajamar.sp.gov.br\/noticias\/wp-content\/uploads\/sites\/2\/2023\/03\/image-46-960x960.png\" alt=\"\" class=\"wp-image-31823\" srcset=\"https:\/\/cajamar.sp.gov.br\/noticias\/wp-content\/uploads\/sites\/2\/2023\/03\/image-46-960x960.png 960w, https:\/\/cajamar.sp.gov.br\/noticias\/wp-content\/uploads\/sites\/2\/2023\/03\/image-46-100x100.png 100w, https:\/\/cajamar.sp.gov.br\/noticias\/wp-content\/uploads\/sites\/2\/2023\/03\/image-46-768x768.png 768w, https:\/\/cajamar.sp.gov.br\/noticias\/wp-content\/uploads\/sites\/2\/2023\/03\/image-46.png 1000w\" sizes=\"(max-width: 960px) 100vw, 960px\" \/><\/figure>\n\n\n\n<p>Na \u00faltima semana, M\u00e1rio Jorge da Silveira Junqueira, secret\u00e1rio de Desenvolvimento Econ\u00f4mico e Empreendedorismo de Cajamar, e o Prof. Dr. R\u00e9gis Lu\u00edz Lima de Souza, secret\u00e1rio municipal de Educa\u00e7\u00e3o, compareceram na sede da Secretaria de Desenvolvimento Econ\u00f4mico do Estado para reuni\u00e3o com Juliana Cardoso, a mais nova secret\u00e1ria executiva da pasta<\/p>\n\n\n\n<p>O encontro, que tamb\u00e9m contou com a presen\u00e7a de Leandro Franco, coordenador das pol\u00edticas de ensino t\u00e9cnico, tecnol\u00f3gico e profissionalizante do estado, teve como pauta a apresenta\u00e7\u00e3o do trabalho realizado pela gest\u00e3o do prefeito Danilo Joan nas \u00e1reas de desenvolvimento econ\u00f4mico e educa\u00e7\u00e3o em Cajamar, bem como as demandas da popula\u00e7\u00e3o em rela\u00e7\u00e3o aos programas estaduais presentes na cidade e novas possibilidades de a\u00e7\u00f5es conjuntas entre estado e munic\u00edpio a serem desenvolvidas e colocadas em pr\u00e1tica.<\/p>\n","protected":false},"excerpt":{"rendered":"<p>Gestores foram recebidos no gabinete da Secretaria Executiva Estadual de Desenvolvimento Econ\u00f4mico no dia 16 de mar\u00e7o<\/p>\n","protected":false},"author":34,"featured_media":31823,"comment_status":"closed","ping_status":"0","sticky":true,"template":"","format":"standard","meta":{"footnotes":""},"categories":[42],"tags":[69,563,395,983],"posicao":[28],"class_list":["post-31822","post","type-post","status-publish","format-standard","has-post-thumbnail","hentry","category-emprego-e-relaccoes-de-trabalho","tag-cajamar","tag-desenvolvimento-economico","tag-educacao","tag-empreendedor","posicao-destaque"],"_links":{"self":[{"href":"https:\/\/cajamar.sp.gov.br\/noticias\/wp-json\/wp\/v2\/posts\/31822","targetHints":{"allow":["GET"]}}],"collection":[{"href":"https:\/\/cajamar.sp.gov.br\/noticias\/wp-json\/wp\/v2\/posts"}],"about":[{"href":"https:\/\/cajamar.sp.gov.br\/noticias\/wp-json\/wp\/v2\/types\/post"}],"author":[{"embeddable":true,"href":"https:\/\/cajamar.sp.gov.br\/noticias\/wp-json\/wp\/v2\/users\/34"}],"replies":[{"embeddable":true,"href":"https:\/\/cajamar.sp.gov.br\/noticias\/wp-json\/wp\/v2\/comments?post=31822"}],"version-history":[{"count":1,"href":"https:\/\/cajamar.sp.gov.br\/noticias\/wp-json\/wp\/v2\/posts\/31822\/revisions"}],"predecessor-version":[{"id":31824,"href":"https:\/\/cajamar.sp.gov.br\/noticias\/wp-json\/wp\/v2\/posts\/31822\/revisions\/31824"}],"wp:featuredmedia":[{"embeddable":true,"href":"https:\/\/cajamar.sp.gov.br\/noticias\/wp-json\/wp\/v2\/media\/31823"}],"wp:attachment":[{"href":"https:\/\/cajamar.sp.gov.br\/noticias\/wp-json\/wp\/v2\/media?parent=31822"}],"wp:term":[{"taxonomy":"category","embeddable":true,"href":"https:\/\/cajamar.sp.gov.br\/noticias\/wp-json\/wp\/v2\/categories?post=31822"},{"taxonomy":"post_tag","embeddable":true,"href":"https:\/\/cajamar.sp.gov.br\/noticias\/wp-json\/wp\/v2\/tags?post=31822"},{"taxonomy":"posicao","embeddable":true,"href":"https:\/\/cajamar.sp.gov.br\/noticias\/wp-json\/wp\/v2\/posicao?post=31822"}],"curies":[{"name":"wp","href":"https:\/\/api.w.org\/{rel}","templated":true}]}}