{"id":32177,"date":"2023-04-18T12:05:27","date_gmt":"2023-04-18T15:05:27","guid":{"rendered":"https:\/\/cajamar.sp.gov.br\/noticias\/?p=32177"},"modified":"2023-04-20T19:47:37","modified_gmt":"2023-04-20T22:47:37","slug":"cajamar-inaugura-mais-uma-sala-de-tecnologia-para-alunos-do-colegio-do-futuro","status":"publish","type":"post","link":"https:\/\/cajamar.sp.gov.br\/noticias\/2023\/04\/18\/cajamar-inaugura-mais-uma-sala-de-tecnologia-para-alunos-do-colegio-do-futuro\/","title":{"rendered":"Cajamar inaugura mais uma Sala de Tecnologia para alunos do Col\u00e9gio do Futuro"},"content":{"rendered":"\n<figure class=\"wp-block-image size-full\"><a href=\"https:\/\/cajamar.sp.gov.br\/noticias\/wp-content\/uploads\/sites\/2\/2023\/04\/01-14.jpg\"><img fetchpriority=\"high\" decoding=\"async\" width=\"1200\" height=\"800\" src=\"https:\/\/cajamar.sp.gov.br\/noticias\/wp-content\/uploads\/sites\/2\/2023\/04\/01-14.jpg\" alt=\"\" class=\"wp-image-32178\" srcset=\"https:\/\/cajamar.sp.gov.br\/noticias\/wp-content\/uploads\/sites\/2\/2023\/04\/01-14.jpg 1200w, https:\/\/cajamar.sp.gov.br\/noticias\/wp-content\/uploads\/sites\/2\/2023\/04\/01-14-768x512.jpg 768w\" sizes=\"(max-width: 1200px) 100vw, 1200px\" \/><\/a><\/figure>\n\n\n\n<p>Nesta segunda-feira (17), a Prefeitura de Cajamar, atrav\u00e9s da parceria entre a Secretaria da Educa\u00e7\u00e3o e a Secretaria de Moderniza\u00e7\u00e3o, Tecnologia e Inova\u00e7\u00e3o, realizou a inaugura\u00e7\u00e3o de mais uma Sala de TI para os alunos do Col\u00e9gio do Futuro, desta vez, a sala est\u00e1 localizada na EMEB Maria Elce, em Jordan\u00e9sia.<\/p>\n\n\n\n<p>As Salas de Tecnologia t\u00eam como objetivo modernizar o ensino municipal e incluir estudantes do Ensino Fundamental no mundo digital. A iniciativa visa proporcionar maior desenvolvimento aos alunos, estimulando o racioc\u00ednio l\u00f3gico, atrav\u00e9s da implanta\u00e7\u00e3o de equipamentos modernos que ir\u00e3o auxiliar os professores em rela\u00e7\u00e3o aos conte\u00fados digitais.<\/p>\n\n\n\n<p>Esta \u00e9 a sexta Sala de TI inaugurada no munic\u00edpio e aos poucos, todas as unidades do Col\u00e9gio do Futuro de Ensino Fundamental ir\u00e3o receber essa novidade. \u201cFico muito feliz em ver a alegria das crian\u00e7as entrando em uma sala com novos mobili\u00e1rios e equipamentos de \u00faltima gera\u00e7\u00e3o, como lousa digital com tecnologia touch-screen, e diversos recursos interativos que todos poder\u00e3o utilizar para adquirir conhecimentos com o melhor que a tecnologia digital tem a oferecer. Em breve, outras escolas ir\u00e3o receber esses mesmos equipamentos\u201d, revelou o secret\u00e1rio de Moderniza\u00e7\u00e3o, Tecnologia e Inova\u00e7\u00e3o, Kau\u00e3n Berto.<\/p>\n\n\n\n<p>De acordo com o Secret\u00e1rio de Educa\u00e7\u00e3o, Prof. Dr. R\u00e9gis Souza essa novidade \u00e9 fundamental para auxiliar no desenvolvimento dos alunos. \u201cA implanta\u00e7\u00e3o deste projeto representa nosso compromisso com a Educa\u00e7\u00e3o da Rede Municipal de Ensino de Cajamar. Trata-se de um grande avan\u00e7o tecnol\u00f3gico para as escolas. Estamos instalando equipamentos modernos para estimular a aprendizagem, trazendo para realidade dos nossos alunos, o que h\u00e1 de melhor em rela\u00e7\u00e3o \u00e0 tecnologia digital e educacional\u201d, destacou o secret\u00e1rio.<\/p>\n\n\n\n<figure class=\"wp-block-gallery has-nested-images columns-default is-cropped wp-block-gallery-1 is-layout-flex wp-block-gallery-is-layout-flex\">\n<figure class=\"wp-block-image size-large\"><a href=\"https:\/\/cajamar.sp.gov.br\/noticias\/wp-content\/uploads\/sites\/2\/2023\/04\/01-16.jpg\"><img decoding=\"async\" width=\"1200\" height=\"800\" data-id=\"32189\" src=\"https:\/\/cajamar.sp.gov.br\/noticias\/wp-content\/uploads\/sites\/2\/2023\/04\/01-16.jpg\" alt=\"\" class=\"wp-image-32189\" srcset=\"https:\/\/cajamar.sp.gov.br\/noticias\/wp-content\/uploads\/sites\/2\/2023\/04\/01-16.jpg 1200w, https:\/\/cajamar.sp.gov.br\/noticias\/wp-content\/uploads\/sites\/2\/2023\/04\/01-16-768x512.jpg 768w\" sizes=\"(max-width: 1200px) 100vw, 1200px\" \/><\/a><\/figure>\n\n\n\n<figure class=\"wp-block-image size-large\"><a href=\"https:\/\/cajamar.sp.gov.br\/noticias\/wp-content\/uploads\/sites\/2\/2023\/04\/02-6.jpg\"><img decoding=\"async\" width=\"1200\" height=\"800\" data-id=\"32190\" src=\"https:\/\/cajamar.sp.gov.br\/noticias\/wp-content\/uploads\/sites\/2\/2023\/04\/02-6.jpg\" alt=\"\" class=\"wp-image-32190\" srcset=\"https:\/\/cajamar.sp.gov.br\/noticias\/wp-content\/uploads\/sites\/2\/2023\/04\/02-6.jpg 1200w, https:\/\/cajamar.sp.gov.br\/noticias\/wp-content\/uploads\/sites\/2\/2023\/04\/02-6-768x512.jpg 768w\" sizes=\"(max-width: 1200px) 100vw, 1200px\" \/><\/a><\/figure>\n\n\n\n<figure class=\"wp-block-image size-large\"><a href=\"https:\/\/cajamar.sp.gov.br\/noticias\/wp-content\/uploads\/sites\/2\/2023\/04\/03-7.jpg\"><img loading=\"lazy\" decoding=\"async\" width=\"1200\" height=\"800\" data-id=\"32191\" src=\"https:\/\/cajamar.sp.gov.br\/noticias\/wp-content\/uploads\/sites\/2\/2023\/04\/03-7.jpg\" alt=\"\" class=\"wp-image-32191\" srcset=\"https:\/\/cajamar.sp.gov.br\/noticias\/wp-content\/uploads\/sites\/2\/2023\/04\/03-7.jpg 1200w, https:\/\/cajamar.sp.gov.br\/noticias\/wp-content\/uploads\/sites\/2\/2023\/04\/03-7-768x512.jpg 768w\" sizes=\"(max-width: 1200px) 100vw, 1200px\" \/><\/a><\/figure>\n\n\n\n<figure class=\"wp-block-image size-large\"><a href=\"https:\/\/cajamar.sp.gov.br\/noticias\/wp-content\/uploads\/sites\/2\/2023\/04\/04-5.jpg\"><img loading=\"lazy\" decoding=\"async\" width=\"1200\" height=\"800\" data-id=\"32184\" src=\"https:\/\/cajamar.sp.gov.br\/noticias\/wp-content\/uploads\/sites\/2\/2023\/04\/04-5.jpg\" alt=\"\" class=\"wp-image-32184\" srcset=\"https:\/\/cajamar.sp.gov.br\/noticias\/wp-content\/uploads\/sites\/2\/2023\/04\/04-5.jpg 1200w, https:\/\/cajamar.sp.gov.br\/noticias\/wp-content\/uploads\/sites\/2\/2023\/04\/04-5-768x512.jpg 768w\" sizes=\"(max-width: 1200px) 100vw, 1200px\" \/><\/a><\/figure>\n\n\n\n<figure class=\"wp-block-image size-large\"><a href=\"https:\/\/cajamar.sp.gov.br\/noticias\/wp-content\/uploads\/sites\/2\/2023\/04\/05-5.jpg\"><img loading=\"lazy\" decoding=\"async\" width=\"1200\" height=\"800\" data-id=\"32186\" src=\"https:\/\/cajamar.sp.gov.br\/noticias\/wp-content\/uploads\/sites\/2\/2023\/04\/05-5.jpg\" alt=\"\" class=\"wp-image-32186\" srcset=\"https:\/\/cajamar.sp.gov.br\/noticias\/wp-content\/uploads\/sites\/2\/2023\/04\/05-5.jpg 1200w, https:\/\/cajamar.sp.gov.br\/noticias\/wp-content\/uploads\/sites\/2\/2023\/04\/05-5-768x512.jpg 768w\" sizes=\"(max-width: 1200px) 100vw, 1200px\" \/><\/a><\/figure>\n\n\n\n<figure class=\"wp-block-image size-large\"><a href=\"https:\/\/cajamar.sp.gov.br\/noticias\/wp-content\/uploads\/sites\/2\/2023\/04\/06-5.jpg\"><img loading=\"lazy\" decoding=\"async\" width=\"1200\" height=\"800\" data-id=\"32187\" src=\"https:\/\/cajamar.sp.gov.br\/noticias\/wp-content\/uploads\/sites\/2\/2023\/04\/06-5.jpg\" alt=\"\" class=\"wp-image-32187\" srcset=\"https:\/\/cajamar.sp.gov.br\/noticias\/wp-content\/uploads\/sites\/2\/2023\/04\/06-5.jpg 1200w, https:\/\/cajamar.sp.gov.br\/noticias\/wp-content\/uploads\/sites\/2\/2023\/04\/06-5-768x512.jpg 768w\" sizes=\"(max-width: 1200px) 100vw, 1200px\" \/><\/a><\/figure>\n\n\n\n<figure class=\"wp-block-image size-large\"><a href=\"https:\/\/cajamar.sp.gov.br\/noticias\/wp-content\/uploads\/sites\/2\/2023\/04\/07-4.jpg\"><img loading=\"lazy\" decoding=\"async\" width=\"1200\" height=\"800\" data-id=\"32185\" src=\"https:\/\/cajamar.sp.gov.br\/noticias\/wp-content\/uploads\/sites\/2\/2023\/04\/07-4.jpg\" alt=\"\" class=\"wp-image-32185\" srcset=\"https:\/\/cajamar.sp.gov.br\/noticias\/wp-content\/uploads\/sites\/2\/2023\/04\/07-4.jpg 1200w, https:\/\/cajamar.sp.gov.br\/noticias\/wp-content\/uploads\/sites\/2\/2023\/04\/07-4-768x512.jpg 768w\" sizes=\"(max-width: 1200px) 100vw, 1200px\" \/><\/a><\/figure>\n\n\n\n<figure class=\"wp-block-image size-large\"><a href=\"https:\/\/cajamar.sp.gov.br\/noticias\/wp-content\/uploads\/sites\/2\/2023\/04\/08-4.jpg\"><img loading=\"lazy\" decoding=\"async\" width=\"1200\" height=\"800\" data-id=\"32182\" src=\"https:\/\/cajamar.sp.gov.br\/noticias\/wp-content\/uploads\/sites\/2\/2023\/04\/08-4.jpg\" alt=\"\" class=\"wp-image-32182\" srcset=\"https:\/\/cajamar.sp.gov.br\/noticias\/wp-content\/uploads\/sites\/2\/2023\/04\/08-4.jpg 1200w, https:\/\/cajamar.sp.gov.br\/noticias\/wp-content\/uploads\/sites\/2\/2023\/04\/08-4-768x512.jpg 768w\" sizes=\"(max-width: 1200px) 100vw, 1200px\" \/><\/a><\/figure>\n\n\n\n<figure class=\"wp-block-image size-large\"><a href=\"https:\/\/cajamar.sp.gov.br\/noticias\/wp-content\/uploads\/sites\/2\/2023\/04\/09-4.jpg\"><img loading=\"lazy\" decoding=\"async\" width=\"1200\" height=\"800\" data-id=\"32183\" src=\"https:\/\/cajamar.sp.gov.br\/noticias\/wp-content\/uploads\/sites\/2\/2023\/04\/09-4.jpg\" alt=\"\" class=\"wp-image-32183\" srcset=\"https:\/\/cajamar.sp.gov.br\/noticias\/wp-content\/uploads\/sites\/2\/2023\/04\/09-4.jpg 1200w, https:\/\/cajamar.sp.gov.br\/noticias\/wp-content\/uploads\/sites\/2\/2023\/04\/09-4-768x512.jpg 768w\" sizes=\"(max-width: 1200px) 100vw, 1200px\" \/><\/a><\/figure>\n\n\n\n<figure class=\"wp-block-image size-large\"><a href=\"https:\/\/cajamar.sp.gov.br\/noticias\/wp-content\/uploads\/sites\/2\/2023\/04\/10-6.jpg\"><img loading=\"lazy\" decoding=\"async\" width=\"1200\" height=\"800\" data-id=\"32188\" src=\"https:\/\/cajamar.sp.gov.br\/noticias\/wp-content\/uploads\/sites\/2\/2023\/04\/10-6.jpg\" alt=\"\" class=\"wp-image-32188\" srcset=\"https:\/\/cajamar.sp.gov.br\/noticias\/wp-content\/uploads\/sites\/2\/2023\/04\/10-6.jpg 1200w, https:\/\/cajamar.sp.gov.br\/noticias\/wp-content\/uploads\/sites\/2\/2023\/04\/10-6-768x512.jpg 768w\" sizes=\"(max-width: 1200px) 100vw, 1200px\" \/><\/a><\/figure>\n<\/figure>\n","protected":false},"excerpt":{"rendered":"<p>A nova sala est\u00e1 localizada na EMEB Maria Elce e tem como intuito modernizar o ensino municipal, proporcionando maior desenvolvimento aos alunos e estimulando o racioc\u00ednio l\u00f3gico com equipamentos modernos<\/p>\n","protected":false},"author":34,"featured_media":32178,"comment_status":"closed","ping_status":"0","sticky":true,"template":"","format":"standard","meta":{"footnotes":""},"categories":[8],"tags":[1058,1934,1025],"posicao":[28],"class_list":["post-32177","post","type-post","status-publish","format-standard","has-post-thumbnail","hentry","category-educacao","tag-inauguracao","tag-maria-elce","tag-sala-de-tecnologia","posicao-destaque"],"_links":{"self":[{"href":"https:\/\/cajamar.sp.gov.br\/noticias\/wp-json\/wp\/v2\/posts\/32177","targetHints":{"allow":["GET"]}}],"collection":[{"href":"https:\/\/cajamar.sp.gov.br\/noticias\/wp-json\/wp\/v2\/posts"}],"about":[{"href":"https:\/\/cajamar.sp.gov.br\/noticias\/wp-json\/wp\/v2\/types\/post"}],"author":[{"embeddable":true,"href":"https:\/\/cajamar.sp.gov.br\/noticias\/wp-json\/wp\/v2\/users\/34"}],"replies":[{"embeddable":true,"href":"https:\/\/cajamar.sp.gov.br\/noticias\/wp-json\/wp\/v2\/comments?post=32177"}],"version-history":[{"count":1,"href":"https:\/\/cajamar.sp.gov.br\/noticias\/wp-json\/wp\/v2\/posts\/32177\/revisions"}],"predecessor-version":[{"id":32192,"href":"https:\/\/cajamar.sp.gov.br\/noticias\/wp-json\/wp\/v2\/posts\/32177\/revisions\/32192"}],"wp:featuredmedia":[{"embeddable":true,"href":"https:\/\/cajamar.sp.gov.br\/noticias\/wp-json\/wp\/v2\/media\/32178"}],"wp:attachment":[{"href":"https:\/\/cajamar.sp.gov.br\/noticias\/wp-json\/wp\/v2\/media?parent=32177"}],"wp:term":[{"taxonomy":"category","embeddable":true,"href":"https:\/\/cajamar.sp.gov.br\/noticias\/wp-json\/wp\/v2\/categories?post=32177"},{"taxonomy":"post_tag","embeddable":true,"href":"https:\/\/cajamar.sp.gov.br\/noticias\/wp-json\/wp\/v2\/tags?post=32177"},{"taxonomy":"posicao","embeddable":true,"href":"https:\/\/cajamar.sp.gov.br\/noticias\/wp-json\/wp\/v2\/posicao?post=32177"}],"curies":[{"name":"wp","href":"https:\/\/api.w.org\/{rel}","templated":true}]}}