{"id":32610,"date":"2023-06-07T10:34:32","date_gmt":"2023-06-07T13:34:32","guid":{"rendered":"https:\/\/cajamar.sp.gov.br\/noticias\/?p=32610"},"modified":"2023-06-07T10:34:32","modified_gmt":"2023-06-07T13:34:32","slug":"prefeitura-de-cajamar-promove-edicao-especial-do-projeto-verde-que-te-quero-ver-te-durante-a-semana-do-meio-ambiente","status":"publish","type":"post","link":"https:\/\/cajamar.sp.gov.br\/noticias\/2023\/06\/07\/prefeitura-de-cajamar-promove-edicao-especial-do-projeto-verde-que-te-quero-ver-te-durante-a-semana-do-meio-ambiente\/","title":{"rendered":"Prefeitura de Cajamar promove edi\u00e7\u00e3o especial do projeto &#8220;Verde Que Te Quero Ver-Te&#8221; durante a Semana do Meio Ambiente"},"content":{"rendered":"\n<figure class=\"wp-block-image size-full\"><a href=\"https:\/\/cajamar.sp.gov.br\/noticias\/wp-content\/uploads\/sites\/2\/2023\/06\/image-4.png\"><img fetchpriority=\"high\" decoding=\"async\" width=\"1200\" height=\"900\" src=\"https:\/\/cajamar.sp.gov.br\/noticias\/wp-content\/uploads\/sites\/2\/2023\/06\/image-4.png\" alt=\"\" class=\"wp-image-32611\" srcset=\"https:\/\/cajamar.sp.gov.br\/noticias\/wp-content\/uploads\/sites\/2\/2023\/06\/image-4.png 1200w, https:\/\/cajamar.sp.gov.br\/noticias\/wp-content\/uploads\/sites\/2\/2023\/06\/image-4-300x225.png 300w, https:\/\/cajamar.sp.gov.br\/noticias\/wp-content\/uploads\/sites\/2\/2023\/06\/image-4-768x576.png 768w\" sizes=\"(max-width: 1200px) 100vw, 1200px\" \/><\/a><\/figure>\n\n\n\n<p>Nesta ter\u00e7a-feira (6), a Prefeitura de Cajamar realizou mais uma edi\u00e7\u00e3o do projeto &#8220;Verde Que Te Quero Ver-Te&#8221; em celebra\u00e7\u00e3o \u00e0 Semana do Meio Ambiente. A a\u00e7\u00e3o, fruto de uma parceria entre a Secretaria do Meio Ambiente e a Secretaria de Educa\u00e7\u00e3o, teve como objetivo incentivar a preserva\u00e7\u00e3o ambiental e conscientizar a popula\u00e7\u00e3o sobre a import\u00e2ncia desse tema.<\/p>\n\n\n\n<p>Os alunos da EMEB Ant\u00f4nio Carlos Carvalho foram protagonistas dessa atividade, tendo a oportunidade de plantar 30 mudas de \u00e1rvores nativas da regi\u00e3o ao longo da Avenida Ant\u00f4nio C\u00e2ndido Machado. De acordo com a Secretaria do Meio Ambiente, a expectativa \u00e9 que no futuro as demais vias de Cajamar sejam arborizadas.<\/p>\n\n\n\n<p>A comemora\u00e7\u00e3o da Semana do Meio Ambiente \u00e9 um momento especial para ressaltar a import\u00e2ncia da preserva\u00e7\u00e3o ambiental. Essa iniciativa visa sensibilizar a popula\u00e7\u00e3o sobre a necessidade de proteger e conservar os recursos naturais, al\u00e9m de fomentar a ado\u00e7\u00e3o de pr\u00e1ticas sustent\u00e1veis no cotidiano.<\/p>\n\n\n\n<figure class=\"wp-block-gallery has-nested-images columns-default is-cropped wp-block-gallery-1 is-layout-flex wp-block-gallery-is-layout-flex\">\n<figure class=\"wp-block-image size-large\"><img decoding=\"async\" width=\"1200\" height=\"900\" data-id=\"32614\" src=\"https:\/\/cajamar.sp.gov.br\/noticias\/wp-content\/uploads\/sites\/2\/2023\/06\/1-4.jpg\" alt=\"\" class=\"wp-image-32614\" srcset=\"https:\/\/cajamar.sp.gov.br\/noticias\/wp-content\/uploads\/sites\/2\/2023\/06\/1-4.jpg 1200w, https:\/\/cajamar.sp.gov.br\/noticias\/wp-content\/uploads\/sites\/2\/2023\/06\/1-4-300x225.jpg 300w, https:\/\/cajamar.sp.gov.br\/noticias\/wp-content\/uploads\/sites\/2\/2023\/06\/1-4-768x576.jpg 768w\" sizes=\"(max-width: 1200px) 100vw, 1200px\" \/><\/figure>\n\n\n\n<figure class=\"wp-block-image size-large\"><img decoding=\"async\" width=\"1200\" height=\"900\" data-id=\"32612\" src=\"https:\/\/cajamar.sp.gov.br\/noticias\/wp-content\/uploads\/sites\/2\/2023\/06\/2-2.jpg\" alt=\"\" class=\"wp-image-32612\" srcset=\"https:\/\/cajamar.sp.gov.br\/noticias\/wp-content\/uploads\/sites\/2\/2023\/06\/2-2.jpg 1200w, https:\/\/cajamar.sp.gov.br\/noticias\/wp-content\/uploads\/sites\/2\/2023\/06\/2-2-300x225.jpg 300w, https:\/\/cajamar.sp.gov.br\/noticias\/wp-content\/uploads\/sites\/2\/2023\/06\/2-2-768x576.jpg 768w\" sizes=\"(max-width: 1200px) 100vw, 1200px\" \/><\/figure>\n\n\n\n<figure class=\"wp-block-image size-large\"><img loading=\"lazy\" decoding=\"async\" width=\"1200\" height=\"900\" data-id=\"32616\" src=\"https:\/\/cajamar.sp.gov.br\/noticias\/wp-content\/uploads\/sites\/2\/2023\/06\/3-3.jpg\" alt=\"\" class=\"wp-image-32616\" srcset=\"https:\/\/cajamar.sp.gov.br\/noticias\/wp-content\/uploads\/sites\/2\/2023\/06\/3-3.jpg 1200w, https:\/\/cajamar.sp.gov.br\/noticias\/wp-content\/uploads\/sites\/2\/2023\/06\/3-3-300x225.jpg 300w, https:\/\/cajamar.sp.gov.br\/noticias\/wp-content\/uploads\/sites\/2\/2023\/06\/3-3-768x576.jpg 768w\" sizes=\"(max-width: 1200px) 100vw, 1200px\" \/><\/figure>\n\n\n\n<figure class=\"wp-block-image size-large\"><img loading=\"lazy\" decoding=\"async\" width=\"1200\" height=\"900\" data-id=\"32617\" src=\"https:\/\/cajamar.sp.gov.br\/noticias\/wp-content\/uploads\/sites\/2\/2023\/06\/4-1.jpg\" alt=\"\" class=\"wp-image-32617\" srcset=\"https:\/\/cajamar.sp.gov.br\/noticias\/wp-content\/uploads\/sites\/2\/2023\/06\/4-1.jpg 1200w, https:\/\/cajamar.sp.gov.br\/noticias\/wp-content\/uploads\/sites\/2\/2023\/06\/4-1-300x225.jpg 300w, https:\/\/cajamar.sp.gov.br\/noticias\/wp-content\/uploads\/sites\/2\/2023\/06\/4-1-768x576.jpg 768w\" sizes=\"(max-width: 1200px) 100vw, 1200px\" \/><\/figure>\n\n\n\n\n\n<figure class=\"wp-block-image size-large\"><img loading=\"lazy\" decoding=\"async\" width=\"1200\" height=\"900\" data-id=\"32615\" src=\"https:\/\/cajamar.sp.gov.br\/noticias\/wp-content\/uploads\/sites\/2\/2023\/06\/6-1.jpg\" alt=\"\" class=\"wp-image-32615\" srcset=\"https:\/\/cajamar.sp.gov.br\/noticias\/wp-content\/uploads\/sites\/2\/2023\/06\/6-1.jpg 1200w, https:\/\/cajamar.sp.gov.br\/noticias\/wp-content\/uploads\/sites\/2\/2023\/06\/6-1-300x225.jpg 300w, https:\/\/cajamar.sp.gov.br\/noticias\/wp-content\/uploads\/sites\/2\/2023\/06\/6-1-768x576.jpg 768w\" sizes=\"(max-width: 1200px) 100vw, 1200px\" \/><\/figure>\n<\/figure>\n","protected":false},"excerpt":{"rendered":"<p>Essa iniciativa visa sensibilizar a popula\u00e7\u00e3o sobre a necessidade de proteger e conservar os recursos naturais<\/p>\n","protected":false},"author":34,"featured_media":32611,"comment_status":"closed","ping_status":"0","sticky":true,"template":"","format":"standard","meta":{"footnotes":""},"categories":[56],"tags":[],"posicao":[28],"class_list":["post-32610","post","type-post","status-publish","format-standard","has-post-thumbnail","hentry","category-secretaria-meio-ambiente","posicao-destaque"],"_links":{"self":[{"href":"https:\/\/cajamar.sp.gov.br\/noticias\/wp-json\/wp\/v2\/posts\/32610","targetHints":{"allow":["GET"]}}],"collection":[{"href":"https:\/\/cajamar.sp.gov.br\/noticias\/wp-json\/wp\/v2\/posts"}],"about":[{"href":"https:\/\/cajamar.sp.gov.br\/noticias\/wp-json\/wp\/v2\/types\/post"}],"author":[{"embeddable":true,"href":"https:\/\/cajamar.sp.gov.br\/noticias\/wp-json\/wp\/v2\/users\/34"}],"replies":[{"embeddable":true,"href":"https:\/\/cajamar.sp.gov.br\/noticias\/wp-json\/wp\/v2\/comments?post=32610"}],"version-history":[{"count":1,"href":"https:\/\/cajamar.sp.gov.br\/noticias\/wp-json\/wp\/v2\/posts\/32610\/revisions"}],"predecessor-version":[{"id":32618,"href":"https:\/\/cajamar.sp.gov.br\/noticias\/wp-json\/wp\/v2\/posts\/32610\/revisions\/32618"}],"wp:featuredmedia":[{"embeddable":true,"href":"https:\/\/cajamar.sp.gov.br\/noticias\/wp-json\/wp\/v2\/media\/32611"}],"wp:attachment":[{"href":"https:\/\/cajamar.sp.gov.br\/noticias\/wp-json\/wp\/v2\/media?parent=32610"}],"wp:term":[{"taxonomy":"category","embeddable":true,"href":"https:\/\/cajamar.sp.gov.br\/noticias\/wp-json\/wp\/v2\/categories?post=32610"},{"taxonomy":"post_tag","embeddable":true,"href":"https:\/\/cajamar.sp.gov.br\/noticias\/wp-json\/wp\/v2\/tags?post=32610"},{"taxonomy":"posicao","embeddable":true,"href":"https:\/\/cajamar.sp.gov.br\/noticias\/wp-json\/wp\/v2\/posicao?post=32610"}],"curies":[{"name":"wp","href":"https:\/\/api.w.org\/{rel}","templated":true}]}}