{"id":32851,"date":"2023-07-09T08:23:06","date_gmt":"2023-07-09T11:23:06","guid":{"rendered":"https:\/\/cajamar.sp.gov.br\/noticias\/?p=32851"},"modified":"2023-07-10T08:23:30","modified_gmt":"2023-07-10T11:23:30","slug":"atletas-do-volei-de-praia-de-cajamar-avancam-para-as-semifinais-dos-jogos-regionais","status":"publish","type":"post","link":"https:\/\/cajamar.sp.gov.br\/noticias\/2023\/07\/09\/atletas-do-volei-de-praia-de-cajamar-avancam-para-as-semifinais-dos-jogos-regionais\/","title":{"rendered":"Atletas do v\u00f4lei de praia de Cajamar avan\u00e7am para as semifinais dos Jogos Regionais"},"content":{"rendered":"\n<figure class=\"wp-block-image size-full is-resized\"><img fetchpriority=\"high\" decoding=\"async\" src=\"https:\/\/cajamar.sp.gov.br\/noticias\/wp-content\/uploads\/sites\/2\/2023\/07\/image-5.png\" alt=\"\" class=\"wp-image-32852\" width=\"848\" height=\"616\" srcset=\"https:\/\/cajamar.sp.gov.br\/noticias\/wp-content\/uploads\/sites\/2\/2023\/07\/image-5.png 1242w, https:\/\/cajamar.sp.gov.br\/noticias\/wp-content\/uploads\/sites\/2\/2023\/07\/image-5-768x558.png 768w\" sizes=\"(max-width: 848px) 100vw, 848px\" \/><\/figure>\n\n\n\n<p>Os talentosos irm\u00e3os g\u00eameos \u00cdtalo e Igor, que representam o munic\u00edpio de Cajamar no v\u00f4lei de praia, foram classificados para as semifinais dos Jogos Regionais, que est\u00e3o sendo realizados em Pindamonhangaba. A dupla est\u00e1 representando com excel\u00eancia a cidade e conta com o apoio e incentivo da Secretaria de Esportes, Lazer e Cultura.<\/p>\n\n\n\n<p>O desempenho excepcional dos atletas tem se destacado ao longo do campeonato, e \u00cdtalo e Igor t\u00eam conquistado vit\u00f3rias impressionantes em suas partidas. A determina\u00e7\u00e3o, t\u00e9cnica apurada e trabalho em equipe demonstrados pela dupla, com o apoio do professor Lira, t\u00eam sido fundamentais para o sucesso nas quadras de areia.<\/p>\n\n\n\n<p>A semifinal do v\u00f4lei de praia est\u00e1 marcada para este s\u00e1bado, dia 8 de julho, contra a equipe de Ilhabela. A Prefeitura de Cajamar convida a popula\u00e7\u00e3o a torcer e apoiar os talentosos atletas em mais essa etapa emocionante do campeonato.<\/p>\n","protected":false},"excerpt":{"rendered":"<p>A semifinal do v\u00f4lei de praia est\u00e1 marcada para este s\u00e1bado, dia 8 de julho, contra a equipe de Ilhabela<\/p>\n","protected":false},"author":34,"featured_media":32852,"comment_status":"closed","ping_status":"0","sticky":true,"template":"","format":"standard","meta":{"footnotes":""},"categories":[36],"tags":[],"posicao":[28],"class_list":["post-32851","post","type-post","status-publish","format-standard","has-post-thumbnail","hentry","category-esportes-lazer-e-cultura","posicao-destaque"],"_links":{"self":[{"href":"https:\/\/cajamar.sp.gov.br\/noticias\/wp-json\/wp\/v2\/posts\/32851","targetHints":{"allow":["GET"]}}],"collection":[{"href":"https:\/\/cajamar.sp.gov.br\/noticias\/wp-json\/wp\/v2\/posts"}],"about":[{"href":"https:\/\/cajamar.sp.gov.br\/noticias\/wp-json\/wp\/v2\/types\/post"}],"author":[{"embeddable":true,"href":"https:\/\/cajamar.sp.gov.br\/noticias\/wp-json\/wp\/v2\/users\/34"}],"replies":[{"embeddable":true,"href":"https:\/\/cajamar.sp.gov.br\/noticias\/wp-json\/wp\/v2\/comments?post=32851"}],"version-history":[{"count":1,"href":"https:\/\/cajamar.sp.gov.br\/noticias\/wp-json\/wp\/v2\/posts\/32851\/revisions"}],"predecessor-version":[{"id":32853,"href":"https:\/\/cajamar.sp.gov.br\/noticias\/wp-json\/wp\/v2\/posts\/32851\/revisions\/32853"}],"wp:featuredmedia":[{"embeddable":true,"href":"https:\/\/cajamar.sp.gov.br\/noticias\/wp-json\/wp\/v2\/media\/32852"}],"wp:attachment":[{"href":"https:\/\/cajamar.sp.gov.br\/noticias\/wp-json\/wp\/v2\/media?parent=32851"}],"wp:term":[{"taxonomy":"category","embeddable":true,"href":"https:\/\/cajamar.sp.gov.br\/noticias\/wp-json\/wp\/v2\/categories?post=32851"},{"taxonomy":"post_tag","embeddable":true,"href":"https:\/\/cajamar.sp.gov.br\/noticias\/wp-json\/wp\/v2\/tags?post=32851"},{"taxonomy":"posicao","embeddable":true,"href":"https:\/\/cajamar.sp.gov.br\/noticias\/wp-json\/wp\/v2\/posicao?post=32851"}],"curies":[{"name":"wp","href":"https:\/\/api.w.org\/{rel}","templated":true}]}}