{"id":32862,"date":"2023-06-26T18:23:00","date_gmt":"2023-06-26T21:23:00","guid":{"rendered":"https:\/\/cajamar.sp.gov.br\/noticias\/?p=32862"},"modified":"2023-07-10T09:28:44","modified_gmt":"2023-07-10T12:28:44","slug":"vem-ai-festa-julina-de-cajamar-%f0%9f%8e%89","status":"publish","type":"post","link":"https:\/\/cajamar.sp.gov.br\/noticias\/2023\/06\/26\/vem-ai-festa-julina-de-cajamar-%f0%9f%8e%89\/","title":{"rendered":"VEM A\u00cd!!! FESTA JULINA DE CAJAMAR! \ud83c\udf89"},"content":{"rendered":"\n<figure class=\"wp-block-image size-full\"><img fetchpriority=\"high\" decoding=\"async\" width=\"1000\" height=\"700\" src=\"https:\/\/cajamar.sp.gov.br\/noticias\/wp-content\/uploads\/sites\/2\/2023\/07\/image-7.png\" alt=\"\" class=\"wp-image-32863\" srcset=\"https:\/\/cajamar.sp.gov.br\/noticias\/wp-content\/uploads\/sites\/2\/2023\/07\/image-7.png 1000w, https:\/\/cajamar.sp.gov.br\/noticias\/wp-content\/uploads\/sites\/2\/2023\/07\/image-7-768x538.png 768w\" sizes=\"(max-width: 1000px) 100vw, 1000px\" \/><\/figure>\n\n\n\n<p>\ud83e\udd29 A Festa Julina de Cajamar \u00e9 um evento tradicional que j\u00e1 conquistou o cora\u00e7\u00e3o de milhares de pessoas. Preparem-se para muita anima\u00e7\u00e3o com atra\u00e7\u00f5es que ser\u00e3o incr\u00edveis! Teremos shows com artistas renomados, que v\u00e3o garantir a anima\u00e7\u00e3o do in\u00edcio ao fim. Ser\u00e1 uma festa para todas as idades, com divers\u00e3o garantida para crian\u00e7as, jovens e adultos.<\/p>\n\n\n\n<p>\ud83e\udd17 Chame os familiares, convide os vizinhos, compartilhe com os amigos! A Festa Julina de Cajamar est\u00e1 chegando e promete ser uma explos\u00e3o de alegria e divers\u00e3o. Voc\u00eas n\u00e3o podem perder!<\/p>\n\n\n\n<p>\ud83d\ude0e Fiquem atentos, pois nos pr\u00f3ximos dias divulgaremos os cantores que ir\u00e3o animar essa grande festa!<\/p>\n\n\n\n<p>At\u00e9 breve! \ud83d\ude09<\/p>\n\n\n\n<p>#FestaJulinaCajamar #FestaJulina2023 #PrefeituraDeCajamar<\/p>\n","protected":false},"excerpt":{"rendered":"<p>\u25b6\ufe0f Preparados para tr\u00eas dias incr\u00edveis de muita m\u00fasica e divers\u00e3o? Anotem na agenda, porque nos dias 28, 29 e 30 de julho, o Centro de Eventos Boi\u00f3dromo ser\u00e1 o palco da nossa grande Festa Julina 2023!<\/p>\n","protected":false},"author":34,"featured_media":32863,"comment_status":"closed","ping_status":"0","sticky":true,"template":"","format":"standard","meta":{"footnotes":""},"categories":[51],"tags":[1837,1477,117],"posicao":[28],"class_list":["post-32862","post","type-post","status-publish","format-standard","has-post-thumbnail","hentry","category-comunicacao-e-gestao-de-eventos","tag-eventos","tag-festa-julina","tag-fundo-social","posicao-destaque"],"_links":{"self":[{"href":"https:\/\/cajamar.sp.gov.br\/noticias\/wp-json\/wp\/v2\/posts\/32862","targetHints":{"allow":["GET"]}}],"collection":[{"href":"https:\/\/cajamar.sp.gov.br\/noticias\/wp-json\/wp\/v2\/posts"}],"about":[{"href":"https:\/\/cajamar.sp.gov.br\/noticias\/wp-json\/wp\/v2\/types\/post"}],"author":[{"embeddable":true,"href":"https:\/\/cajamar.sp.gov.br\/noticias\/wp-json\/wp\/v2\/users\/34"}],"replies":[{"embeddable":true,"href":"https:\/\/cajamar.sp.gov.br\/noticias\/wp-json\/wp\/v2\/comments?post=32862"}],"version-history":[{"count":1,"href":"https:\/\/cajamar.sp.gov.br\/noticias\/wp-json\/wp\/v2\/posts\/32862\/revisions"}],"predecessor-version":[{"id":32864,"href":"https:\/\/cajamar.sp.gov.br\/noticias\/wp-json\/wp\/v2\/posts\/32862\/revisions\/32864"}],"wp:featuredmedia":[{"embeddable":true,"href":"https:\/\/cajamar.sp.gov.br\/noticias\/wp-json\/wp\/v2\/media\/32863"}],"wp:attachment":[{"href":"https:\/\/cajamar.sp.gov.br\/noticias\/wp-json\/wp\/v2\/media?parent=32862"}],"wp:term":[{"taxonomy":"category","embeddable":true,"href":"https:\/\/cajamar.sp.gov.br\/noticias\/wp-json\/wp\/v2\/categories?post=32862"},{"taxonomy":"post_tag","embeddable":true,"href":"https:\/\/cajamar.sp.gov.br\/noticias\/wp-json\/wp\/v2\/tags?post=32862"},{"taxonomy":"posicao","embeddable":true,"href":"https:\/\/cajamar.sp.gov.br\/noticias\/wp-json\/wp\/v2\/posicao?post=32862"}],"curies":[{"name":"wp","href":"https:\/\/api.w.org\/{rel}","templated":true}]}}