{"id":32891,"date":"2023-07-17T08:31:31","date_gmt":"2023-07-17T11:31:31","guid":{"rendered":"https:\/\/cajamar.sp.gov.br\/noticias\/?p=32891"},"modified":"2023-07-17T08:31:31","modified_gmt":"2023-07-17T11:31:31","slug":"campanha-inverno-solidario-2023-%f0%9f%a7%a3","status":"publish","type":"post","link":"https:\/\/cajamar.sp.gov.br\/noticias\/2023\/07\/17\/campanha-inverno-solidario-2023-%f0%9f%a7%a3\/","title":{"rendered":"CAMPANHA INVERNO SOLID\u00c1RIO 2023 \ud83e\udde3"},"content":{"rendered":"\n<figure class=\"wp-block-image size-large\"><img fetchpriority=\"high\" decoding=\"async\" width=\"768\" height=\"960\" src=\"https:\/\/cajamar.sp.gov.br\/noticias\/wp-content\/uploads\/sites\/2\/2023\/07\/post_-_inverno_solidario_2022_-_2_princesa_2023_1350x1080px-768x960.png\" alt=\"\" class=\"wp-image-32892\" srcset=\"https:\/\/cajamar.sp.gov.br\/noticias\/wp-content\/uploads\/sites\/2\/2023\/07\/post_-_inverno_solidario_2022_-_2_princesa_2023_1350x1080px-768x960.png 768w, https:\/\/cajamar.sp.gov.br\/noticias\/wp-content\/uploads\/sites\/2\/2023\/07\/post_-_inverno_solidario_2022_-_2_princesa_2023_1350x1080px.png 1080w\" sizes=\"(max-width: 768px) 100vw, 768px\" \/><\/figure>\n\n\n\n<p>\ud83c\udf2c\ufe0f Em meio a temperaturas mais frias, sabemos que muitas fam\u00edlias cajamarenses enfrentam dificuldades para se manterem aquecidas. Por isso, contamos com a sua participa\u00e7\u00e3o nessa importante iniciativa, fazendo a doa\u00e7\u00e3o de agasalhos e cobertores para ajudar quem mais precisa.<\/p>\n\n\n\n<p>\u2764\ufe0f Compartilhe essa mensagem e marque seus amigos para que possamos alcan\u00e7ar o maior n\u00famero de pessoas poss\u00edvel. Juntos, podemos aquecer os cora\u00e7\u00f5es e construir uma comunidade mais unida e solid\u00e1ria.<\/p>\n\n\n\n<p>\ud83d\udccd ONDE DOAR?<\/p>\n\n\n\n<p>As doa\u00e7\u00f5es podem ser feitas na sede do Fundo Social de Solidariedade, em Jordan\u00e9sia (Av. Arnaldo Rojek, 403), e em empresas participantes da a\u00e7\u00e3o.<\/p>\n\n\n\n<p>\u2705 Confira os Pontos de Coleta atrav\u00e9s deste link: <a href=\"https:\/\/bit.ly\/3NI6m4W\">https:\/\/bit.ly\/3NI6m4W<\/a> ou entre em contato atrav\u00e9s do telefone: (11) 4446-0032. #FundoSocialCajamar #InvernoSolid\u00e1rio #PrefeituraDeCajamar<\/p>\n","protected":false},"excerpt":{"rendered":"<p>\u2744\ufe0f Ajude a aquecer o cora\u00e7\u00e3o de quem mais precisa neste inverno! J\u00e1 estamos na esta\u00e7\u00e3o mais fria do ano e o Fundo Social de Cajamar est\u00e1 com a Campanha Inverno Solid\u00e1rio em andamento.<\/p>\n","protected":false},"author":34,"featured_media":32892,"comment_status":"closed","ping_status":"0","sticky":true,"template":"","format":"standard","meta":{"footnotes":""},"categories":[16],"tags":[117,505],"posicao":[28],"class_list":["post-32891","post","type-post","status-publish","format-standard","has-post-thumbnail","hentry","category-fundo-social-cajamar","tag-fundo-social","tag-inverno","posicao-destaque"],"_links":{"self":[{"href":"https:\/\/cajamar.sp.gov.br\/noticias\/wp-json\/wp\/v2\/posts\/32891","targetHints":{"allow":["GET"]}}],"collection":[{"href":"https:\/\/cajamar.sp.gov.br\/noticias\/wp-json\/wp\/v2\/posts"}],"about":[{"href":"https:\/\/cajamar.sp.gov.br\/noticias\/wp-json\/wp\/v2\/types\/post"}],"author":[{"embeddable":true,"href":"https:\/\/cajamar.sp.gov.br\/noticias\/wp-json\/wp\/v2\/users\/34"}],"replies":[{"embeddable":true,"href":"https:\/\/cajamar.sp.gov.br\/noticias\/wp-json\/wp\/v2\/comments?post=32891"}],"version-history":[{"count":1,"href":"https:\/\/cajamar.sp.gov.br\/noticias\/wp-json\/wp\/v2\/posts\/32891\/revisions"}],"predecessor-version":[{"id":32893,"href":"https:\/\/cajamar.sp.gov.br\/noticias\/wp-json\/wp\/v2\/posts\/32891\/revisions\/32893"}],"wp:featuredmedia":[{"embeddable":true,"href":"https:\/\/cajamar.sp.gov.br\/noticias\/wp-json\/wp\/v2\/media\/32892"}],"wp:attachment":[{"href":"https:\/\/cajamar.sp.gov.br\/noticias\/wp-json\/wp\/v2\/media?parent=32891"}],"wp:term":[{"taxonomy":"category","embeddable":true,"href":"https:\/\/cajamar.sp.gov.br\/noticias\/wp-json\/wp\/v2\/categories?post=32891"},{"taxonomy":"post_tag","embeddable":true,"href":"https:\/\/cajamar.sp.gov.br\/noticias\/wp-json\/wp\/v2\/tags?post=32891"},{"taxonomy":"posicao","embeddable":true,"href":"https:\/\/cajamar.sp.gov.br\/noticias\/wp-json\/wp\/v2\/posicao?post=32891"}],"curies":[{"name":"wp","href":"https:\/\/api.w.org\/{rel}","templated":true}]}}