{"id":33086,"date":"2023-08-14T16:06:06","date_gmt":"2023-08-14T19:06:06","guid":{"rendered":"https:\/\/cajamar.sp.gov.br\/noticias\/?p=33086"},"modified":"2023-08-14T16:06:06","modified_gmt":"2023-08-14T19:06:06","slug":"prefeitura-e-transpetro-debatem-seguranca-dos-dutos-em-cajamar","status":"publish","type":"post","link":"https:\/\/cajamar.sp.gov.br\/noticias\/2023\/08\/14\/prefeitura-e-transpetro-debatem-seguranca-dos-dutos-em-cajamar\/","title":{"rendered":"Prefeitura e Transpetro debatem seguran\u00e7a dos dutos em Cajamar"},"content":{"rendered":"\n<figure class=\"wp-block-image size-large\"><img fetchpriority=\"high\" decoding=\"async\" width=\"676\" height=\"960\" src=\"https:\/\/cajamar.sp.gov.br\/noticias\/wp-content\/uploads\/sites\/2\/2023\/08\/image-8-676x960.png\" alt=\"\" class=\"wp-image-33088\" srcset=\"https:\/\/cajamar.sp.gov.br\/noticias\/wp-content\/uploads\/sites\/2\/2023\/08\/image-8-676x960.png 676w, https:\/\/cajamar.sp.gov.br\/noticias\/wp-content\/uploads\/sites\/2\/2023\/08\/image-8-768x1090.png 768w, https:\/\/cajamar.sp.gov.br\/noticias\/wp-content\/uploads\/sites\/2\/2023\/08\/image-8-1082x1536.png 1082w, https:\/\/cajamar.sp.gov.br\/noticias\/wp-content\/uploads\/sites\/2\/2023\/08\/image-8.png 1127w\" sizes=\"(max-width: 676px) 100vw, 676px\" \/><\/figure>\n\n\n\n<p>A necessidade de manter medidas de vigil\u00e2ncia e prote\u00e7\u00e3o atualizadas, juntamente com avalia\u00e7\u00f5es t\u00e9cnicas peri\u00f3dicas das condi\u00e7\u00f5es dos dutos de produtos qu\u00edmicos que atravessam a \u00e1rea urbana e industrial de Cajamar, estar\u00e1 em foco no evento agendado para esta ter\u00e7a-feira, 15 de agosto. O evento acontecer\u00e1 atr\u00e1s da EMEB Karine Pereira Santiago, situada na Av. Tenente Marques, 2455, bairro Panorama, distrito do Polvilho.<\/p>\n\n\n\n<p>O &#8220;Dia da Seguran\u00e7a na Faixa de Dutos&#8221;, comemorado em 16 de agosto, \u00e9 uma iniciativa que visa conscientizar a popula\u00e7\u00e3o sobre os riscos associados aos dutos e casos recorrentes de furtos, enfatizando a import\u00e2ncia da preven\u00e7\u00e3o de acidentes e danos. Al\u00e9m disso, o evento tamb\u00e9m promover\u00e1 a conscientiza\u00e7\u00e3o ambiental, ressaltando a necessidade de cuidar do meio ambiente e adotar pr\u00e1ticas sustent\u00e1veis.<\/p>\n\n\n\n<p>A programa\u00e7\u00e3o do evento inclui diversas atividades ao longo do dia:<\/p>\n\n\n\n<p>PALESTRA E GINCANA: Das 8h30 \u00e0s 9h, est\u00e1 agendada uma palestra seguida de uma gincana com os alunos da EMEB Karine, abordando o tema da coleta seletiva. Essa atividade ocorrer\u00e1 na Pra\u00e7a ao lado da faixa de dutos e tem como objetivo educar os jovens sobre a import\u00e2ncia da separa\u00e7\u00e3o adequada de res\u00edduos e pr\u00e1ticas sustent\u00e1veis.<\/p>\n\n\n\n<p>DOA\u00c7\u00c3O DE MUDAS: Entre as 10h e as 15h, ser\u00e3o doadas 200 mudas de \u00e1rvores aos moradores, contribuindo para aumentar a vegeta\u00e7\u00e3o e promover o verde na cidade. As mudas englobam diversas esp\u00e9cies, incluindo Jabuticaba, Ip\u00ea-dourado, Goiaba, Ameixa, Graviola, Uvaia e outras.<\/p>\n\n\n\n<p>PLANTIO DE \u00c1RVORES NATIVAS: Das 13h30 \u00e0s 14h15, ocorrer\u00e1 o plantio de 25 mudas de \u00e1rvores nativas, contribuindo para enriquecer o espa\u00e7o p\u00fablico e promover a biodiversidade local.<\/p>\n\n\n\n<p>Ser\u00e1 um dia de servi\u00e7os de utilidade p\u00fablica, seguran\u00e7a e muita divers\u00e3o para toda a fam\u00edlia. Participe!<\/p>\n","protected":false},"excerpt":{"rendered":"<p>Evento que ser\u00e1 realizado nesta ter\u00e7a-feira (15) de agosto abordar\u00e1 a seguran\u00e7a na faixa de dutos e conscientiza\u00e7\u00e3o ambiental em Cajamar<\/p>\n","protected":false},"author":34,"featured_media":33088,"comment_status":"closed","ping_status":"0","sticky":true,"template":"","format":"standard","meta":{"footnotes":""},"categories":[38],"tags":[2026],"posicao":[28],"class_list":["post-33086","post","type-post","status-publish","format-standard","has-post-thumbnail","hentry","category-desenvolvimento-urbano-e-economico","tag-petrobras","posicao-destaque"],"_links":{"self":[{"href":"https:\/\/cajamar.sp.gov.br\/noticias\/wp-json\/wp\/v2\/posts\/33086","targetHints":{"allow":["GET"]}}],"collection":[{"href":"https:\/\/cajamar.sp.gov.br\/noticias\/wp-json\/wp\/v2\/posts"}],"about":[{"href":"https:\/\/cajamar.sp.gov.br\/noticias\/wp-json\/wp\/v2\/types\/post"}],"author":[{"embeddable":true,"href":"https:\/\/cajamar.sp.gov.br\/noticias\/wp-json\/wp\/v2\/users\/34"}],"replies":[{"embeddable":true,"href":"https:\/\/cajamar.sp.gov.br\/noticias\/wp-json\/wp\/v2\/comments?post=33086"}],"version-history":[{"count":1,"href":"https:\/\/cajamar.sp.gov.br\/noticias\/wp-json\/wp\/v2\/posts\/33086\/revisions"}],"predecessor-version":[{"id":33089,"href":"https:\/\/cajamar.sp.gov.br\/noticias\/wp-json\/wp\/v2\/posts\/33086\/revisions\/33089"}],"wp:featuredmedia":[{"embeddable":true,"href":"https:\/\/cajamar.sp.gov.br\/noticias\/wp-json\/wp\/v2\/media\/33088"}],"wp:attachment":[{"href":"https:\/\/cajamar.sp.gov.br\/noticias\/wp-json\/wp\/v2\/media?parent=33086"}],"wp:term":[{"taxonomy":"category","embeddable":true,"href":"https:\/\/cajamar.sp.gov.br\/noticias\/wp-json\/wp\/v2\/categories?post=33086"},{"taxonomy":"post_tag","embeddable":true,"href":"https:\/\/cajamar.sp.gov.br\/noticias\/wp-json\/wp\/v2\/tags?post=33086"},{"taxonomy":"posicao","embeddable":true,"href":"https:\/\/cajamar.sp.gov.br\/noticias\/wp-json\/wp\/v2\/posicao?post=33086"}],"curies":[{"name":"wp","href":"https:\/\/api.w.org\/{rel}","templated":true}]}}