{"id":33138,"date":"2023-08-20T18:31:01","date_gmt":"2023-08-20T21:31:01","guid":{"rendered":"https:\/\/cajamar.sp.gov.br\/noticias\/?p=33138"},"modified":"2023-08-20T19:20:26","modified_gmt":"2023-08-20T22:20:26","slug":"cajamar-inicia-preparativos-para-o-desfile-civico-em-7-de-setembro","status":"publish","type":"post","link":"https:\/\/cajamar.sp.gov.br\/noticias\/2023\/08\/20\/cajamar-inicia-preparativos-para-o-desfile-civico-em-7-de-setembro\/","title":{"rendered":"Cajamar inicia preparativos para o Desfile C\u00edvico em 7 de setembro"},"content":{"rendered":"\n<figure class=\"wp-block-image size-full\"><img fetchpriority=\"high\" decoding=\"async\" width=\"1200\" height=\"900\" src=\"https:\/\/cajamar.sp.gov.br\/noticias\/wp-content\/uploads\/sites\/2\/2023\/08\/image-13.png\" alt=\"\" class=\"wp-image-33139\" srcset=\"https:\/\/cajamar.sp.gov.br\/noticias\/wp-content\/uploads\/sites\/2\/2023\/08\/image-13.png 1200w, https:\/\/cajamar.sp.gov.br\/noticias\/wp-content\/uploads\/sites\/2\/2023\/08\/image-13-300x225.png 300w, https:\/\/cajamar.sp.gov.br\/noticias\/wp-content\/uploads\/sites\/2\/2023\/08\/image-13-768x576.png 768w\" sizes=\"(max-width: 1200px) 100vw, 1200px\" \/><\/figure>\n\n\n\n<p>Est\u00e1 chegando o grande dia da comemora\u00e7\u00e3o de 201 anos da Independ\u00eancia do Brasil, e a Prefeitura de Cajamar j\u00e1 iniciou os preparativos do Desfile C\u00edvico em homenagem a essa data importante para a hist\u00f3ria do nosso pa\u00eds.<\/p>\n\n\n\n<p>O evento ser\u00e1 realizado no dia 7 de setembro (quinta-feira), a partir das 10h, na Avenida Professor Walter Ribas de Andrade, em Cajamar-Centro, com a participa\u00e7\u00e3o de diversas entidades do munic\u00edpio, incluindo a Pol\u00edcia Militar, Corpo de Bombeiros, Guarda Civil Municipal, Defesa Civil, Bombeiros Volunt\u00e1rios, Projeto Bravo Jovens, Juventude C\u00edvica de Cajamar (Guarda Mirim), Instituto \u00c1guias do Milenium, APAE de Cajamar e alunos de escolas municipais, estaduais e particulares.<\/p>\n\n\n\n<p>O desfile ser\u00e1 aberto para que toda a popula\u00e7\u00e3o possa prestigiar. &#8220;Estamos preparando uma homenagem especial para celebrar os 201 anos de independ\u00eancia. \u00c9 um marco hist\u00f3rico que faz parte das mem\u00f3rias do nosso pa\u00eds e resgata o patriotismo, para que as crian\u00e7as cres\u00e7am respeitando a nossa na\u00e7\u00e3o&#8221;, destacou o Secret\u00e1rio de Comunica\u00e7\u00e3o e Gest\u00e3o de Eventos, Kau\u00e3n Berto.<\/p>\n\n\n\n<p>A cerim\u00f4nia est\u00e1 sendo organizada pela Secretaria de Comunica\u00e7\u00e3o e Gest\u00e3o de Eventos, com o apoio das secretarias municipais, incluindo a Secretaria de Sa\u00fade, Secretaria de Mobilidade e Desenvolvimento Urbano, Secretaria de Educa\u00e7\u00e3o e Secretaria Municipal de Esportes, Lazer e Cultura e Secretaria de Desenvolvimento Social.<\/p>\n\n\n\n<p>Re\u00fana sua fam\u00edlia e amigos e participe desta cerim\u00f4nia especial!<\/p>\n\n\n\n<p>Evento<\/p>\n\n\n\n<p>Desfile C\u00edvico 7 de Setembro<br>Dia: 7 de setembro de 2023 (quinta-feira)<br>In\u00edcio do Desfile: 10h<br>Av. Professor Walter Ribas de Andrade, 1284 &#8211; Vila Nova\/Cajamar (Em frente ao Pa\u00e7o Municipal)<\/p>\n","protected":false},"excerpt":{"rendered":"<p>A celebra\u00e7\u00e3o ser\u00e1 realizada na quinta-feira (7), a partir das 10h<\/p>\n","protected":false},"author":34,"featured_media":33139,"comment_status":"closed","ping_status":"0","sticky":true,"template":"","format":"standard","meta":{"footnotes":""},"categories":[26],"tags":[1628,69,1629],"posicao":[28],"class_list":["post-33138","post","type-post","status-publish","format-standard","has-post-thumbnail","hentry","category-eventos","tag-7-de-setembro","tag-cajamar","tag-desfile","posicao-destaque"],"_links":{"self":[{"href":"https:\/\/cajamar.sp.gov.br\/noticias\/wp-json\/wp\/v2\/posts\/33138","targetHints":{"allow":["GET"]}}],"collection":[{"href":"https:\/\/cajamar.sp.gov.br\/noticias\/wp-json\/wp\/v2\/posts"}],"about":[{"href":"https:\/\/cajamar.sp.gov.br\/noticias\/wp-json\/wp\/v2\/types\/post"}],"author":[{"embeddable":true,"href":"https:\/\/cajamar.sp.gov.br\/noticias\/wp-json\/wp\/v2\/users\/34"}],"replies":[{"embeddable":true,"href":"https:\/\/cajamar.sp.gov.br\/noticias\/wp-json\/wp\/v2\/comments?post=33138"}],"version-history":[{"count":1,"href":"https:\/\/cajamar.sp.gov.br\/noticias\/wp-json\/wp\/v2\/posts\/33138\/revisions"}],"predecessor-version":[{"id":33140,"href":"https:\/\/cajamar.sp.gov.br\/noticias\/wp-json\/wp\/v2\/posts\/33138\/revisions\/33140"}],"wp:featuredmedia":[{"embeddable":true,"href":"https:\/\/cajamar.sp.gov.br\/noticias\/wp-json\/wp\/v2\/media\/33139"}],"wp:attachment":[{"href":"https:\/\/cajamar.sp.gov.br\/noticias\/wp-json\/wp\/v2\/media?parent=33138"}],"wp:term":[{"taxonomy":"category","embeddable":true,"href":"https:\/\/cajamar.sp.gov.br\/noticias\/wp-json\/wp\/v2\/categories?post=33138"},{"taxonomy":"post_tag","embeddable":true,"href":"https:\/\/cajamar.sp.gov.br\/noticias\/wp-json\/wp\/v2\/tags?post=33138"},{"taxonomy":"posicao","embeddable":true,"href":"https:\/\/cajamar.sp.gov.br\/noticias\/wp-json\/wp\/v2\/posicao?post=33138"}],"curies":[{"name":"wp","href":"https:\/\/api.w.org\/{rel}","templated":true}]}}