{"id":33194,"date":"2023-08-28T10:00:00","date_gmt":"2023-08-28T13:00:00","guid":{"rendered":"https:\/\/cajamar.sp.gov.br\/noticias\/?p=33194"},"modified":"2023-08-28T10:06:14","modified_gmt":"2023-08-28T13:06:14","slug":"curso-de-manicure-e-pedicure-no-fundo-social","status":"publish","type":"post","link":"https:\/\/cajamar.sp.gov.br\/noticias\/2023\/08\/28\/curso-de-manicure-e-pedicure-no-fundo-social\/","title":{"rendered":"Curso de Manicure e Pedicure no Fundo Social"},"content":{"rendered":"\n<figure class=\"wp-block-image size-full\"><img fetchpriority=\"high\" decoding=\"async\" width=\"1200\" height=\"800\" src=\"https:\/\/cajamar.sp.gov.br\/noticias\/wp-content\/uploads\/sites\/2\/2023\/08\/image-16.png\" alt=\"\" class=\"wp-image-33195\" srcset=\"https:\/\/cajamar.sp.gov.br\/noticias\/wp-content\/uploads\/sites\/2\/2023\/08\/image-16.png 1200w, https:\/\/cajamar.sp.gov.br\/noticias\/wp-content\/uploads\/sites\/2\/2023\/08\/image-16-768x512.png 768w\" sizes=\"(max-width: 1200px) 100vw, 1200px\" \/><\/figure>\n\n\n\n<p>O Fundo Social de Solidariedade de Cajamar abrir\u00e1 inscri\u00e7\u00f5es nesta quarta-feira (30), para uma nova turma do curso de Manicure e Pedicure. Voltado para maiores de 18 anos, o curso oferece uma oportunidade \u00fanica de aprendizado e aprimoramento na \u00e1rea de cuidados com as unhas.<\/p>\n\n\n\n<p>O curso ter\u00e1 in\u00edcio no dia 04 de setembro e ocorrer\u00e1 apenas \u00e0s segundas-feiras at\u00e9 o dia 18 de dezembro, das 13h \u00e0s 17h. As inscri\u00e7\u00f5es ser\u00e3o realizadas presencialmente no dia 30 de agosto, a partir das 8h, na sede do Fundo Social, localizada na Av. Arnaldo Rojek, 403<\/p>\n\n\n\n<p>Ser\u00e3o 10 vagas dispon\u00edveis, ent\u00e3o \u00e9 importante se inscrever o quanto antes! Os interessados devem comparecer no local e apresentar RG e comprovante de endere\u00e7o. Para a realiza\u00e7\u00e3o do curso, o aluno dever\u00e1 trazer pelo menos um alicate profissional e para garantir a emiss\u00e3o do certificado, \u00e9 obrigat\u00f3rio ter presen\u00e7a de no m\u00ednimo 75% do total das aulas.<\/p>\n\n\n\n<p>Aproveite a oportunidade para aprender uma nova habilidade e expandir seus conhecimentos! Caso tenha alguma d\u00favida ou necessite mais informa\u00e7\u00f5es, entre em contato atrav\u00e9s do telefone (11) 4446-0032.<\/p>\n","protected":false},"excerpt":{"rendered":"<p>Os interessados devem realizar as inscri\u00e7\u00f5es presencialmente no dia 30 de agosto, a partir das 8h, na Av. Arnaldo Rojek, 403<\/p>\n","protected":false},"author":34,"featured_media":33195,"comment_status":"closed","ping_status":"0","sticky":true,"template":"","format":"standard","meta":{"footnotes":""},"categories":[16],"tags":[203,117],"posicao":[28],"class_list":["post-33194","post","type-post","status-publish","format-standard","has-post-thumbnail","hentry","category-fundo-social-cajamar","tag-curso","tag-fundo-social","posicao-destaque"],"_links":{"self":[{"href":"https:\/\/cajamar.sp.gov.br\/noticias\/wp-json\/wp\/v2\/posts\/33194","targetHints":{"allow":["GET"]}}],"collection":[{"href":"https:\/\/cajamar.sp.gov.br\/noticias\/wp-json\/wp\/v2\/posts"}],"about":[{"href":"https:\/\/cajamar.sp.gov.br\/noticias\/wp-json\/wp\/v2\/types\/post"}],"author":[{"embeddable":true,"href":"https:\/\/cajamar.sp.gov.br\/noticias\/wp-json\/wp\/v2\/users\/34"}],"replies":[{"embeddable":true,"href":"https:\/\/cajamar.sp.gov.br\/noticias\/wp-json\/wp\/v2\/comments?post=33194"}],"version-history":[{"count":1,"href":"https:\/\/cajamar.sp.gov.br\/noticias\/wp-json\/wp\/v2\/posts\/33194\/revisions"}],"predecessor-version":[{"id":33196,"href":"https:\/\/cajamar.sp.gov.br\/noticias\/wp-json\/wp\/v2\/posts\/33194\/revisions\/33196"}],"wp:featuredmedia":[{"embeddable":true,"href":"https:\/\/cajamar.sp.gov.br\/noticias\/wp-json\/wp\/v2\/media\/33195"}],"wp:attachment":[{"href":"https:\/\/cajamar.sp.gov.br\/noticias\/wp-json\/wp\/v2\/media?parent=33194"}],"wp:term":[{"taxonomy":"category","embeddable":true,"href":"https:\/\/cajamar.sp.gov.br\/noticias\/wp-json\/wp\/v2\/categories?post=33194"},{"taxonomy":"post_tag","embeddable":true,"href":"https:\/\/cajamar.sp.gov.br\/noticias\/wp-json\/wp\/v2\/tags?post=33194"},{"taxonomy":"posicao","embeddable":true,"href":"https:\/\/cajamar.sp.gov.br\/noticias\/wp-json\/wp\/v2\/posicao?post=33194"}],"curies":[{"name":"wp","href":"https:\/\/api.w.org\/{rel}","templated":true}]}}