{"id":33472,"date":"2023-09-25T08:16:37","date_gmt":"2023-09-25T11:16:37","guid":{"rendered":"https:\/\/cajamar.sp.gov.br\/noticias\/?p=33472"},"modified":"2023-09-25T08:16:37","modified_gmt":"2023-09-25T11:16:37","slug":"secretaria-de-saude-realiza-palestra-sobre-prevencao-ao-suicidio","status":"publish","type":"post","link":"https:\/\/cajamar.sp.gov.br\/noticias\/2023\/09\/25\/secretaria-de-saude-realiza-palestra-sobre-prevencao-ao-suicidio\/","title":{"rendered":"Secretaria de Sa\u00fade realiza palestra sobre preven\u00e7\u00e3o ao suic\u00eddio"},"content":{"rendered":"\n<figure class=\"wp-block-image size-full is-resized\"><img fetchpriority=\"high\" decoding=\"async\" src=\"https:\/\/cajamar.sp.gov.br\/noticias\/wp-content\/uploads\/sites\/2\/2023\/09\/image-25.png\" alt=\"\" class=\"wp-image-33473\" style=\"width:840px;height:588px\" width=\"840\" height=\"588\" srcset=\"https:\/\/cajamar.sp.gov.br\/noticias\/wp-content\/uploads\/sites\/2\/2023\/09\/image-25.png 1000w, https:\/\/cajamar.sp.gov.br\/noticias\/wp-content\/uploads\/sites\/2\/2023\/09\/image-25-768x538.png 768w\" sizes=\"(max-width: 840px) 100vw, 840px\" \/><\/figure>\n\n\n\n<p>A Secretaria de Sa\u00fade de Cajamar, em parceria com a Escola do Legislativo, vai realizar na pr\u00f3xima quinta-feira (28), \u00e0s 14h30, na C\u00e2mara Municipal, uma palestra aberta ao p\u00fablico para abordar o tema de conscientiza\u00e7\u00e3o e preven\u00e7\u00e3o ao suic\u00eddio.<\/p>\n\n\n\n<p>Ministrada pela Valdelene Alves Tenca, que \u00e9 Psic\u00f3loga, Terapeuta Ocupacional e Mestranda em Interven\u00e7\u00e3o Psicol\u00f3gica no Desenvolvimento e na Educa\u00e7\u00e3o da FUNINBER &#8211; IBERO AMERICANA, a palestra tem como objetivo oferecer informa\u00e7\u00f5es valiosas sobre preven\u00e7\u00e3o ao suic\u00eddio e cuidados com a sa\u00fade mental.<\/p>\n\n\n\n<p>A Iniciativa faz parte do cronograma de a\u00e7\u00f5es da campanha Setembro Amarelo, uma campanha nacional que busca sensibilizar a sociedade para a import\u00e2ncia da preven\u00e7\u00e3o do suic\u00eddio. Esta palestra \u00e9 aberta ao p\u00fablico e todos s\u00e3o bem-vindos!<\/p>\n\n\n\n<p>PALESTRA SETEMBRO AMARELO<br>Dia 28\/09 (quinta-feira), \u00e0s 14h30<br>Local: C\u00e2mara Municipal de Cajamar<\/p>\n","protected":false},"excerpt":{"rendered":"<p>Aberta ao p\u00fablico, a\u00e7\u00e3o faz parte das atividades da campanha Setembro Amarelo, que visa promover cuidados com a sa\u00fade mental e prevenir o suic\u00eddio<\/p>\n","protected":false},"author":34,"featured_media":33473,"comment_status":"closed","ping_status":"0","sticky":true,"template":"","format":"standard","meta":{"footnotes":""},"categories":[2],"tags":[105,952],"posicao":[28],"class_list":["post-33472","post","type-post","status-publish","format-standard","has-post-thumbnail","hentry","category-saude","tag-saude","tag-setembro-amarelo","posicao-destaque"],"_links":{"self":[{"href":"https:\/\/cajamar.sp.gov.br\/noticias\/wp-json\/wp\/v2\/posts\/33472","targetHints":{"allow":["GET"]}}],"collection":[{"href":"https:\/\/cajamar.sp.gov.br\/noticias\/wp-json\/wp\/v2\/posts"}],"about":[{"href":"https:\/\/cajamar.sp.gov.br\/noticias\/wp-json\/wp\/v2\/types\/post"}],"author":[{"embeddable":true,"href":"https:\/\/cajamar.sp.gov.br\/noticias\/wp-json\/wp\/v2\/users\/34"}],"replies":[{"embeddable":true,"href":"https:\/\/cajamar.sp.gov.br\/noticias\/wp-json\/wp\/v2\/comments?post=33472"}],"version-history":[{"count":1,"href":"https:\/\/cajamar.sp.gov.br\/noticias\/wp-json\/wp\/v2\/posts\/33472\/revisions"}],"predecessor-version":[{"id":33474,"href":"https:\/\/cajamar.sp.gov.br\/noticias\/wp-json\/wp\/v2\/posts\/33472\/revisions\/33474"}],"wp:featuredmedia":[{"embeddable":true,"href":"https:\/\/cajamar.sp.gov.br\/noticias\/wp-json\/wp\/v2\/media\/33473"}],"wp:attachment":[{"href":"https:\/\/cajamar.sp.gov.br\/noticias\/wp-json\/wp\/v2\/media?parent=33472"}],"wp:term":[{"taxonomy":"category","embeddable":true,"href":"https:\/\/cajamar.sp.gov.br\/noticias\/wp-json\/wp\/v2\/categories?post=33472"},{"taxonomy":"post_tag","embeddable":true,"href":"https:\/\/cajamar.sp.gov.br\/noticias\/wp-json\/wp\/v2\/tags?post=33472"},{"taxonomy":"posicao","embeddable":true,"href":"https:\/\/cajamar.sp.gov.br\/noticias\/wp-json\/wp\/v2\/posicao?post=33472"}],"curies":[{"name":"wp","href":"https:\/\/api.w.org\/{rel}","templated":true}]}}