{"id":33627,"date":"2023-10-05T16:23:32","date_gmt":"2023-10-05T19:23:32","guid":{"rendered":"https:\/\/cajamar.sp.gov.br\/noticias\/?p=33627"},"modified":"2023-10-05T16:32:58","modified_gmt":"2023-10-05T19:32:58","slug":"jovens-de-cajamar-concluem-curso-de-programacao-python","status":"publish","type":"post","link":"https:\/\/cajamar.sp.gov.br\/noticias\/2023\/10\/05\/jovens-de-cajamar-concluem-curso-de-programacao-python\/","title":{"rendered":"Jovens de Cajamar concluem curso de programa\u00e7\u00e3o Python"},"content":{"rendered":"\n<figure class=\"wp-block-image size-large\"><img fetchpriority=\"high\" decoding=\"async\" width=\"720\" height=\"960\" src=\"https:\/\/cajamar.sp.gov.br\/noticias\/wp-content\/uploads\/sites\/2\/2023\/10\/1-6-720x960.jpg\" alt=\"\" class=\"wp-image-33628\" srcset=\"https:\/\/cajamar.sp.gov.br\/noticias\/wp-content\/uploads\/sites\/2\/2023\/10\/1-6-720x960.jpg 720w, https:\/\/cajamar.sp.gov.br\/noticias\/wp-content\/uploads\/sites\/2\/2023\/10\/1-6-768x1024.jpg 768w, https:\/\/cajamar.sp.gov.br\/noticias\/wp-content\/uploads\/sites\/2\/2023\/10\/1-6.jpg 960w\" sizes=\"(max-width: 720px) 100vw, 720px\" \/><\/figure>\n\n\n\n<p>Jovens em situa\u00e7\u00e3o de vulnerabilidade social de Cajamar alcan\u00e7aram uma conquista not\u00e1vel ao concluir um curso intensivo de programa\u00e7\u00e3o Python. Esse programa educacional, promovido pela empresa SKF em colabora\u00e7\u00e3o com a Secretaria de Desenvolvimento Social e a Escola de Gest\u00e3o P\u00fablica de Jundia\u00ed (EGP), capacitou jovens de fam\u00edlias assistidas pela Prefeitura de Cajamar.<\/p>\n\n\n\n<p>O curso de linguagem de programa\u00e7\u00e3o Python teve seu in\u00edcio em 22 de junho e finalizou no dia 30 de setembro. Durante esse per\u00edodo, os jovens, que recebem acompanhamento do Centro de Refer\u00eancia Especializado de Assist\u00eancia Social (CREAS), receberam apoio integral da equipe t\u00e9cnica, com as aulas realizadas na sede da EGP. Al\u00e9m do treinamento de alto n\u00edvel, foram providenciados transporte e refei\u00e7\u00f5es para todos os alunos, garantindo um ambiente prop\u00edcio ao aprendizado.<\/p>\n\n\n\n<p>Raul Luiz Celestino, um jovem cajamarense, se destacou no curso, impressionando tanto pela sua dedica\u00e7\u00e3o \u00e0s atividades quanto pela sua pontua\u00e7\u00e3o. Como reconhecimento por seu desempenho exemplar, Raul foi contemplado com um notebook ao t\u00e9rmino do programa.<\/p>\n\n\n\n<p>O Secret\u00e1rio de Desenvolvimento Social de Cajamar, Niedson Silva de Souza Filho, expressou sua gratid\u00e3o pela parceria com a SKF e a EGP, e celebrou os resultados alcan\u00e7ados pelos jovens. Ele afirmou: &#8220;Para n\u00f3s, da Prefeitura de Cajamar e da Secretaria de Desenvolvimento Social, \u00e9 motivo de grande orgulho fazer parte desta iniciativa que n\u00e3o apenas enriquece a forma\u00e7\u00e3o profissional desses alunos, mas tamb\u00e9m abre portas para a inser\u00e7\u00e3o desses jovens no mercado de trabalho\u201d, afirmou o secret\u00e1rio.<\/p>\n\n\n\n<figure class=\"wp-block-gallery has-nested-images columns-default is-cropped wp-block-gallery-1 is-layout-flex wp-block-gallery-is-layout-flex\">\n<figure class=\"wp-block-image size-large\"><img decoding=\"async\" width=\"720\" height=\"960\" data-id=\"33629\" src=\"https:\/\/cajamar.sp.gov.br\/noticias\/wp-content\/uploads\/sites\/2\/2023\/10\/1-7-720x960.jpg\" alt=\"\" class=\"wp-image-33629\" srcset=\"https:\/\/cajamar.sp.gov.br\/noticias\/wp-content\/uploads\/sites\/2\/2023\/10\/1-7-720x960.jpg 720w, https:\/\/cajamar.sp.gov.br\/noticias\/wp-content\/uploads\/sites\/2\/2023\/10\/1-7-768x1024.jpg 768w, https:\/\/cajamar.sp.gov.br\/noticias\/wp-content\/uploads\/sites\/2\/2023\/10\/1-7.jpg 960w\" sizes=\"(max-width: 720px) 100vw, 720px\" \/><\/figure>\n\n\n\n<figure class=\"wp-block-image size-large\"><img decoding=\"async\" width=\"1280\" height=\"960\" data-id=\"33630\" src=\"https:\/\/cajamar.sp.gov.br\/noticias\/wp-content\/uploads\/sites\/2\/2023\/10\/2-6.jpg\" alt=\"\" class=\"wp-image-33630\" srcset=\"https:\/\/cajamar.sp.gov.br\/noticias\/wp-content\/uploads\/sites\/2\/2023\/10\/2-6.jpg 1280w, https:\/\/cajamar.sp.gov.br\/noticias\/wp-content\/uploads\/sites\/2\/2023\/10\/2-6-300x225.jpg 300w, https:\/\/cajamar.sp.gov.br\/noticias\/wp-content\/uploads\/sites\/2\/2023\/10\/2-6-768x576.jpg 768w\" sizes=\"(max-width: 1280px) 100vw, 1280px\" \/><\/figure>\n\n\n\n<figure class=\"wp-block-image size-large\"><img loading=\"lazy\" decoding=\"async\" width=\"1280\" height=\"960\" data-id=\"33635\" src=\"https:\/\/cajamar.sp.gov.br\/noticias\/wp-content\/uploads\/sites\/2\/2023\/10\/3-6.jpg\" alt=\"\" class=\"wp-image-33635\" srcset=\"https:\/\/cajamar.sp.gov.br\/noticias\/wp-content\/uploads\/sites\/2\/2023\/10\/3-6.jpg 1280w, https:\/\/cajamar.sp.gov.br\/noticias\/wp-content\/uploads\/sites\/2\/2023\/10\/3-6-300x225.jpg 300w, https:\/\/cajamar.sp.gov.br\/noticias\/wp-content\/uploads\/sites\/2\/2023\/10\/3-6-768x576.jpg 768w\" sizes=\"(max-width: 1280px) 100vw, 1280px\" \/><\/figure>\n\n\n\n<figure class=\"wp-block-image size-large\"><img loading=\"lazy\" decoding=\"async\" width=\"1280\" height=\"960\" data-id=\"33633\" src=\"https:\/\/cajamar.sp.gov.br\/noticias\/wp-content\/uploads\/sites\/2\/2023\/10\/4-6.jpg\" alt=\"\" class=\"wp-image-33633\" srcset=\"https:\/\/cajamar.sp.gov.br\/noticias\/wp-content\/uploads\/sites\/2\/2023\/10\/4-6.jpg 1280w, https:\/\/cajamar.sp.gov.br\/noticias\/wp-content\/uploads\/sites\/2\/2023\/10\/4-6-300x225.jpg 300w, https:\/\/cajamar.sp.gov.br\/noticias\/wp-content\/uploads\/sites\/2\/2023\/10\/4-6-768x576.jpg 768w\" sizes=\"(max-width: 1280px) 100vw, 1280px\" \/><\/figure>\n\n\n\n<figure class=\"wp-block-image size-large\"><img loading=\"lazy\" decoding=\"async\" width=\"1280\" height=\"960\" data-id=\"33632\" src=\"https:\/\/cajamar.sp.gov.br\/noticias\/wp-content\/uploads\/sites\/2\/2023\/10\/5-6.jpg\" alt=\"\" class=\"wp-image-33632\" srcset=\"https:\/\/cajamar.sp.gov.br\/noticias\/wp-content\/uploads\/sites\/2\/2023\/10\/5-6.jpg 1280w, https:\/\/cajamar.sp.gov.br\/noticias\/wp-content\/uploads\/sites\/2\/2023\/10\/5-6-300x225.jpg 300w, https:\/\/cajamar.sp.gov.br\/noticias\/wp-content\/uploads\/sites\/2\/2023\/10\/5-6-768x576.jpg 768w\" sizes=\"(max-width: 1280px) 100vw, 1280px\" \/><\/figure>\n\n\n\n<figure class=\"wp-block-image size-large\"><img loading=\"lazy\" decoding=\"async\" width=\"1280\" height=\"960\" data-id=\"33631\" src=\"https:\/\/cajamar.sp.gov.br\/noticias\/wp-content\/uploads\/sites\/2\/2023\/10\/6-4.jpg\" alt=\"\" class=\"wp-image-33631\" srcset=\"https:\/\/cajamar.sp.gov.br\/noticias\/wp-content\/uploads\/sites\/2\/2023\/10\/6-4.jpg 1280w, https:\/\/cajamar.sp.gov.br\/noticias\/wp-content\/uploads\/sites\/2\/2023\/10\/6-4-300x225.jpg 300w, https:\/\/cajamar.sp.gov.br\/noticias\/wp-content\/uploads\/sites\/2\/2023\/10\/6-4-768x576.jpg 768w\" sizes=\"(max-width: 1280px) 100vw, 1280px\" \/><\/figure>\n\n\n\n<figure class=\"wp-block-image size-large\"><img loading=\"lazy\" decoding=\"async\" width=\"1280\" height=\"960\" data-id=\"33636\" src=\"https:\/\/cajamar.sp.gov.br\/noticias\/wp-content\/uploads\/sites\/2\/2023\/10\/7-1.jpg\" alt=\"\" class=\"wp-image-33636\" srcset=\"https:\/\/cajamar.sp.gov.br\/noticias\/wp-content\/uploads\/sites\/2\/2023\/10\/7-1.jpg 1280w, https:\/\/cajamar.sp.gov.br\/noticias\/wp-content\/uploads\/sites\/2\/2023\/10\/7-1-300x225.jpg 300w, https:\/\/cajamar.sp.gov.br\/noticias\/wp-content\/uploads\/sites\/2\/2023\/10\/7-1-768x576.jpg 768w\" sizes=\"(max-width: 1280px) 100vw, 1280px\" \/><\/figure>\n\n\n\n<figure class=\"wp-block-image size-large\"><img loading=\"lazy\" decoding=\"async\" width=\"1280\" height=\"960\" data-id=\"33634\" src=\"https:\/\/cajamar.sp.gov.br\/noticias\/wp-content\/uploads\/sites\/2\/2023\/10\/8-1.jpg\" alt=\"\" class=\"wp-image-33634\" srcset=\"https:\/\/cajamar.sp.gov.br\/noticias\/wp-content\/uploads\/sites\/2\/2023\/10\/8-1.jpg 1280w, https:\/\/cajamar.sp.gov.br\/noticias\/wp-content\/uploads\/sites\/2\/2023\/10\/8-1-300x225.jpg 300w, https:\/\/cajamar.sp.gov.br\/noticias\/wp-content\/uploads\/sites\/2\/2023\/10\/8-1-768x576.jpg 768w\" sizes=\"(max-width: 1280px) 100vw, 1280px\" \/><\/figure>\n<\/figure>\n","protected":false},"excerpt":{"rendered":"<p>O curso, oferecido pela SKF, em parceria com a Secretaria de Desenvolvimento Social e a EGP, formou jovens de fam\u00edlias assistidas pela Prefeitura de Cajamar<\/p>\n","protected":false},"author":34,"featured_media":33628,"comment_status":"closed","ping_status":"0","sticky":true,"template":"","format":"standard","meta":{"footnotes":""},"categories":[52],"tags":[2068,1384],"posicao":[28],"class_list":["post-33627","post","type-post","status-publish","format-standard","has-post-thumbnail","hentry","category-desenvolvimento-social","tag-python","tag-skf","posicao-destaque"],"_links":{"self":[{"href":"https:\/\/cajamar.sp.gov.br\/noticias\/wp-json\/wp\/v2\/posts\/33627","targetHints":{"allow":["GET"]}}],"collection":[{"href":"https:\/\/cajamar.sp.gov.br\/noticias\/wp-json\/wp\/v2\/posts"}],"about":[{"href":"https:\/\/cajamar.sp.gov.br\/noticias\/wp-json\/wp\/v2\/types\/post"}],"author":[{"embeddable":true,"href":"https:\/\/cajamar.sp.gov.br\/noticias\/wp-json\/wp\/v2\/users\/34"}],"replies":[{"embeddable":true,"href":"https:\/\/cajamar.sp.gov.br\/noticias\/wp-json\/wp\/v2\/comments?post=33627"}],"version-history":[{"count":2,"href":"https:\/\/cajamar.sp.gov.br\/noticias\/wp-json\/wp\/v2\/posts\/33627\/revisions"}],"predecessor-version":[{"id":33638,"href":"https:\/\/cajamar.sp.gov.br\/noticias\/wp-json\/wp\/v2\/posts\/33627\/revisions\/33638"}],"wp:featuredmedia":[{"embeddable":true,"href":"https:\/\/cajamar.sp.gov.br\/noticias\/wp-json\/wp\/v2\/media\/33628"}],"wp:attachment":[{"href":"https:\/\/cajamar.sp.gov.br\/noticias\/wp-json\/wp\/v2\/media?parent=33627"}],"wp:term":[{"taxonomy":"category","embeddable":true,"href":"https:\/\/cajamar.sp.gov.br\/noticias\/wp-json\/wp\/v2\/categories?post=33627"},{"taxonomy":"post_tag","embeddable":true,"href":"https:\/\/cajamar.sp.gov.br\/noticias\/wp-json\/wp\/v2\/tags?post=33627"},{"taxonomy":"posicao","embeddable":true,"href":"https:\/\/cajamar.sp.gov.br\/noticias\/wp-json\/wp\/v2\/posicao?post=33627"}],"curies":[{"name":"wp","href":"https:\/\/api.w.org\/{rel}","templated":true}]}}