{"id":33686,"date":"2023-10-09T14:26:44","date_gmt":"2023-10-09T17:26:44","guid":{"rendered":"https:\/\/cajamar.sp.gov.br\/noticias\/?p=33686"},"modified":"2023-10-09T14:26:44","modified_gmt":"2023-10-09T17:26:44","slug":"2a-festa-nordestina-de-cajamar-encerra-com-grande-sucesso-e-homenagem-ao-dia-do-nordestino","status":"publish","type":"post","link":"https:\/\/cajamar.sp.gov.br\/noticias\/2023\/10\/09\/2a-festa-nordestina-de-cajamar-encerra-com-grande-sucesso-e-homenagem-ao-dia-do-nordestino\/","title":{"rendered":"2\u00aa Festa Nordestina de Cajamar encerra com grande sucesso e homenagem ao Dia do Nordestino"},"content":{"rendered":"\n<figure class=\"wp-block-image size-full\"><img fetchpriority=\"high\" decoding=\"async\" width=\"1200\" height=\"800\" src=\"https:\/\/cajamar.sp.gov.br\/noticias\/wp-content\/uploads\/sites\/2\/2023\/10\/01.jpg\" alt=\"\" class=\"wp-image-33687\" srcset=\"https:\/\/cajamar.sp.gov.br\/noticias\/wp-content\/uploads\/sites\/2\/2023\/10\/01.jpg 1200w, https:\/\/cajamar.sp.gov.br\/noticias\/wp-content\/uploads\/sites\/2\/2023\/10\/01-768x512.jpg 768w\" sizes=\"(max-width: 1200px) 100vw, 1200px\" \/><\/figure>\n\n\n\n<p>A 2\u00aa Festa Nordestina de Cajamar encerrou no \u00faltimo domingo (8), com uma grande comemora\u00e7\u00e3o em homenagem ao Dia do Nordestino. O evento foi um verdadeiro sucesso, com um grande p\u00fablico presente nos tr\u00eas dias de festa.<\/p>\n\n\n\n<p>Desde o primeiro dia, a popula\u00e7\u00e3o de Cajamar e regi\u00e3o marcou presen\u00e7a, demonstrando alegria e entusiasmo durante todos os shows. O Centro de Eventos Boi\u00f3dromo se tornou o ponto de encontro das fam\u00edlias, que puderam desfrutar de diversas atra\u00e7\u00f5es proporcionadas pelo evento.<\/p>\n\n\n\n<p>O \u00faltimo dia de shows contou com as apresenta\u00e7\u00f5es da banda Djav\u00fa e do cantor Nadson o Ferinha, e mesmo com chuva a popula\u00e7\u00e3o esteve presente garantindo o sucesso deste grande show de encerramento. Al\u00e9m disso, artistas locais tamb\u00e9m tiveram a oportunidade de mostrar seu talento com suas apresenta\u00e7\u00f5es. A pra\u00e7a de alimenta\u00e7\u00e3o e bebidas, que contou com comerciantes da cidade, foi um sucesso \u00e0 parte, oferecendo comidas t\u00edpicas da culin\u00e1ria nordestina.<\/p>\n\n\n\n<p>Durante os dias 6, 7 e 8 de outubro, o evento atraiu um grande p\u00fablico de Cajamar e regi\u00e3o, consolidando-se como um momento especial de representa\u00e7\u00e3o da magia do Nordeste. &#8220;Quero agradecer a todos que contribu\u00edram para o sucesso deste evento, em especial, aos comerciantes locais que se empenharam em produzir deliciosas comidas t\u00edpicas dando o sabor que essa festa precisava&#8221;, destacou o Secret\u00e1rio de Comunica\u00e7\u00e3o e Gest\u00e3o de Eventos, Kau\u00e3n Berto.<\/p>\n\n\n\n<p>Para garantir a seguran\u00e7a da popula\u00e7\u00e3o, tanto dentro quanto fora do evento, a Prefeitura de Cajamar organizou uma equipe de apoio composta pela Pol\u00edcia Militar, Pol\u00edcia Civil, Guarda Municipal, Bombeiros, Defesa Civil, equipe de sa\u00fade, fiscaliza\u00e7\u00e3o e tr\u00e2nsito.<\/p>\n\n\n\n<figure class=\"wp-block-gallery has-nested-images columns-default is-cropped wp-block-gallery-1 is-layout-flex wp-block-gallery-is-layout-flex\">\n<figure class=\"wp-block-image size-large\"><a href=\"https:\/\/cajamar.sp.gov.br\/noticias\/wp-content\/uploads\/sites\/2\/2023\/10\/01-1.jpg\"><img decoding=\"async\" width=\"1200\" height=\"800\" data-id=\"33688\" src=\"https:\/\/cajamar.sp.gov.br\/noticias\/wp-content\/uploads\/sites\/2\/2023\/10\/01-1.jpg\" alt=\"\" class=\"wp-image-33688\" srcset=\"https:\/\/cajamar.sp.gov.br\/noticias\/wp-content\/uploads\/sites\/2\/2023\/10\/01-1.jpg 1200w, https:\/\/cajamar.sp.gov.br\/noticias\/wp-content\/uploads\/sites\/2\/2023\/10\/01-1-768x512.jpg 768w\" sizes=\"(max-width: 1200px) 100vw, 1200px\" \/><\/a><\/figure>\n\n\n\n<figure class=\"wp-block-image size-large\"><a href=\"https:\/\/cajamar.sp.gov.br\/noticias\/wp-content\/uploads\/sites\/2\/2023\/10\/02.jpg\"><img decoding=\"async\" width=\"1200\" height=\"800\" data-id=\"33691\" src=\"https:\/\/cajamar.sp.gov.br\/noticias\/wp-content\/uploads\/sites\/2\/2023\/10\/02.jpg\" alt=\"\" class=\"wp-image-33691\" srcset=\"https:\/\/cajamar.sp.gov.br\/noticias\/wp-content\/uploads\/sites\/2\/2023\/10\/02.jpg 1200w, https:\/\/cajamar.sp.gov.br\/noticias\/wp-content\/uploads\/sites\/2\/2023\/10\/02-768x512.jpg 768w\" sizes=\"(max-width: 1200px) 100vw, 1200px\" \/><\/a><\/figure>\n\n\n\n<figure class=\"wp-block-image size-large\"><a href=\"https:\/\/cajamar.sp.gov.br\/noticias\/wp-content\/uploads\/sites\/2\/2023\/10\/03.jpg\"><img loading=\"lazy\" decoding=\"async\" width=\"1200\" height=\"800\" data-id=\"33694\" src=\"https:\/\/cajamar.sp.gov.br\/noticias\/wp-content\/uploads\/sites\/2\/2023\/10\/03.jpg\" alt=\"\" class=\"wp-image-33694\" srcset=\"https:\/\/cajamar.sp.gov.br\/noticias\/wp-content\/uploads\/sites\/2\/2023\/10\/03.jpg 1200w, https:\/\/cajamar.sp.gov.br\/noticias\/wp-content\/uploads\/sites\/2\/2023\/10\/03-768x512.jpg 768w\" sizes=\"(max-width: 1200px) 100vw, 1200px\" \/><\/a><\/figure>\n\n\n\n<figure class=\"wp-block-image size-large\"><a href=\"https:\/\/cajamar.sp.gov.br\/noticias\/wp-content\/uploads\/sites\/2\/2023\/10\/04.jpg\"><img loading=\"lazy\" decoding=\"async\" width=\"1200\" height=\"800\" data-id=\"33692\" src=\"https:\/\/cajamar.sp.gov.br\/noticias\/wp-content\/uploads\/sites\/2\/2023\/10\/04.jpg\" alt=\"\" class=\"wp-image-33692\" srcset=\"https:\/\/cajamar.sp.gov.br\/noticias\/wp-content\/uploads\/sites\/2\/2023\/10\/04.jpg 1200w, https:\/\/cajamar.sp.gov.br\/noticias\/wp-content\/uploads\/sites\/2\/2023\/10\/04-768x512.jpg 768w\" sizes=\"(max-width: 1200px) 100vw, 1200px\" \/><\/a><\/figure>\n\n\n\n<figure class=\"wp-block-image size-large\"><a href=\"https:\/\/cajamar.sp.gov.br\/noticias\/wp-content\/uploads\/sites\/2\/2023\/10\/5-9.jpg\"><img loading=\"lazy\" decoding=\"async\" width=\"1200\" height=\"800\" data-id=\"33695\" src=\"https:\/\/cajamar.sp.gov.br\/noticias\/wp-content\/uploads\/sites\/2\/2023\/10\/5-9.jpg\" alt=\"\" class=\"wp-image-33695\" srcset=\"https:\/\/cajamar.sp.gov.br\/noticias\/wp-content\/uploads\/sites\/2\/2023\/10\/5-9.jpg 1200w, https:\/\/cajamar.sp.gov.br\/noticias\/wp-content\/uploads\/sites\/2\/2023\/10\/5-9-768x512.jpg 768w\" sizes=\"(max-width: 1200px) 100vw, 1200px\" \/><\/a><\/figure>\n\n\n\n<figure class=\"wp-block-image size-large\"><a href=\"https:\/\/cajamar.sp.gov.br\/noticias\/wp-content\/uploads\/sites\/2\/2023\/10\/06.jpg\"><img loading=\"lazy\" decoding=\"async\" width=\"1200\" height=\"800\" data-id=\"33696\" src=\"https:\/\/cajamar.sp.gov.br\/noticias\/wp-content\/uploads\/sites\/2\/2023\/10\/06.jpg\" alt=\"\" class=\"wp-image-33696\" srcset=\"https:\/\/cajamar.sp.gov.br\/noticias\/wp-content\/uploads\/sites\/2\/2023\/10\/06.jpg 1200w, https:\/\/cajamar.sp.gov.br\/noticias\/wp-content\/uploads\/sites\/2\/2023\/10\/06-768x512.jpg 768w\" sizes=\"(max-width: 1200px) 100vw, 1200px\" \/><\/a><\/figure>\n\n\n\n<figure class=\"wp-block-image size-large\"><a href=\"https:\/\/cajamar.sp.gov.br\/noticias\/wp-content\/uploads\/sites\/2\/2023\/10\/07.jpg\"><img loading=\"lazy\" decoding=\"async\" width=\"1200\" height=\"800\" data-id=\"33697\" src=\"https:\/\/cajamar.sp.gov.br\/noticias\/wp-content\/uploads\/sites\/2\/2023\/10\/07.jpg\" alt=\"\" class=\"wp-image-33697\" srcset=\"https:\/\/cajamar.sp.gov.br\/noticias\/wp-content\/uploads\/sites\/2\/2023\/10\/07.jpg 1200w, https:\/\/cajamar.sp.gov.br\/noticias\/wp-content\/uploads\/sites\/2\/2023\/10\/07-768x512.jpg 768w\" sizes=\"(max-width: 1200px) 100vw, 1200px\" \/><\/a><\/figure>\n\n\n\n<figure class=\"wp-block-image size-large\"><a href=\"https:\/\/cajamar.sp.gov.br\/noticias\/wp-content\/uploads\/sites\/2\/2023\/10\/08.jpg\"><img loading=\"lazy\" decoding=\"async\" width=\"1200\" height=\"800\" data-id=\"33690\" src=\"https:\/\/cajamar.sp.gov.br\/noticias\/wp-content\/uploads\/sites\/2\/2023\/10\/08.jpg\" alt=\"\" class=\"wp-image-33690\" srcset=\"https:\/\/cajamar.sp.gov.br\/noticias\/wp-content\/uploads\/sites\/2\/2023\/10\/08.jpg 1200w, https:\/\/cajamar.sp.gov.br\/noticias\/wp-content\/uploads\/sites\/2\/2023\/10\/08-768x512.jpg 768w\" sizes=\"(max-width: 1200px) 100vw, 1200px\" \/><\/a><\/figure>\n\n\n\n<figure class=\"wp-block-image size-large\"><a href=\"https:\/\/cajamar.sp.gov.br\/noticias\/wp-content\/uploads\/sites\/2\/2023\/10\/09.jpg\"><img loading=\"lazy\" decoding=\"async\" width=\"1200\" height=\"800\" data-id=\"33689\" src=\"https:\/\/cajamar.sp.gov.br\/noticias\/wp-content\/uploads\/sites\/2\/2023\/10\/09.jpg\" alt=\"\" class=\"wp-image-33689\" srcset=\"https:\/\/cajamar.sp.gov.br\/noticias\/wp-content\/uploads\/sites\/2\/2023\/10\/09.jpg 1200w, https:\/\/cajamar.sp.gov.br\/noticias\/wp-content\/uploads\/sites\/2\/2023\/10\/09-768x512.jpg 768w\" sizes=\"(max-width: 1200px) 100vw, 1200px\" \/><\/a><\/figure>\n\n\n\n<figure class=\"wp-block-image size-large\"><a href=\"https:\/\/cajamar.sp.gov.br\/noticias\/wp-content\/uploads\/sites\/2\/2023\/10\/10-3.jpg\"><img loading=\"lazy\" decoding=\"async\" width=\"1200\" height=\"800\" data-id=\"33693\" src=\"https:\/\/cajamar.sp.gov.br\/noticias\/wp-content\/uploads\/sites\/2\/2023\/10\/10-3.jpg\" alt=\"\" class=\"wp-image-33693\" srcset=\"https:\/\/cajamar.sp.gov.br\/noticias\/wp-content\/uploads\/sites\/2\/2023\/10\/10-3.jpg 1200w, https:\/\/cajamar.sp.gov.br\/noticias\/wp-content\/uploads\/sites\/2\/2023\/10\/10-3-768x512.jpg 768w\" sizes=\"(max-width: 1200px) 100vw, 1200px\" \/><\/a><\/figure>\n<\/figure>\n","protected":false},"excerpt":{"rendered":"<p>Evento reuniu grande p\u00fablico nos tr\u00eas dias de festa e contou com apresenta\u00e7\u00f5es de artistas locais e atra\u00e7\u00f5es imperd\u00edveis da m\u00fasica nordestina<\/p>\n","protected":false},"author":34,"featured_media":33687,"comment_status":"closed","ping_status":"0","sticky":true,"template":"","format":"standard","meta":{"footnotes":""},"categories":[51],"tags":[1656,2076],"posicao":[28],"class_list":["post-33686","post","type-post","status-publish","format-standard","has-post-thumbnail","hentry","category-comunicacao-e-gestao-de-eventos","tag-festa-nordestina","tag-nadson-o-ferinha","posicao-destaque"],"_links":{"self":[{"href":"https:\/\/cajamar.sp.gov.br\/noticias\/wp-json\/wp\/v2\/posts\/33686","targetHints":{"allow":["GET"]}}],"collection":[{"href":"https:\/\/cajamar.sp.gov.br\/noticias\/wp-json\/wp\/v2\/posts"}],"about":[{"href":"https:\/\/cajamar.sp.gov.br\/noticias\/wp-json\/wp\/v2\/types\/post"}],"author":[{"embeddable":true,"href":"https:\/\/cajamar.sp.gov.br\/noticias\/wp-json\/wp\/v2\/users\/34"}],"replies":[{"embeddable":true,"href":"https:\/\/cajamar.sp.gov.br\/noticias\/wp-json\/wp\/v2\/comments?post=33686"}],"version-history":[{"count":1,"href":"https:\/\/cajamar.sp.gov.br\/noticias\/wp-json\/wp\/v2\/posts\/33686\/revisions"}],"predecessor-version":[{"id":33698,"href":"https:\/\/cajamar.sp.gov.br\/noticias\/wp-json\/wp\/v2\/posts\/33686\/revisions\/33698"}],"wp:featuredmedia":[{"embeddable":true,"href":"https:\/\/cajamar.sp.gov.br\/noticias\/wp-json\/wp\/v2\/media\/33687"}],"wp:attachment":[{"href":"https:\/\/cajamar.sp.gov.br\/noticias\/wp-json\/wp\/v2\/media?parent=33686"}],"wp:term":[{"taxonomy":"category","embeddable":true,"href":"https:\/\/cajamar.sp.gov.br\/noticias\/wp-json\/wp\/v2\/categories?post=33686"},{"taxonomy":"post_tag","embeddable":true,"href":"https:\/\/cajamar.sp.gov.br\/noticias\/wp-json\/wp\/v2\/tags?post=33686"},{"taxonomy":"posicao","embeddable":true,"href":"https:\/\/cajamar.sp.gov.br\/noticias\/wp-json\/wp\/v2\/posicao?post=33686"}],"curies":[{"name":"wp","href":"https:\/\/api.w.org\/{rel}","templated":true}]}}